{"id":152709,"date":"2022-03-23T15:07:00","date_gmt":"2022-03-23T14:07:00","guid":{"rendered":"http:\/\/www.tucomarca.com\/wordpress\/segunda\/?p=152709"},"modified":"2022-03-23T18:37:01","modified_gmt":"2022-03-23T17:37:01","slug":"les-escoles-infantils-privades-i-empreses-que-gestionen-les-municipals-a-requena-temen-pel-seu-tancament","status":"publish","type":"post","link":"https:\/\/www.tucomarca.com\/wordpress\/segunda\/ca\/les-escoles-infantils-privades-i-empreses-que-gestionen-les-municipals-a-requena-temen-pel-seu-tancament\/","title":{"rendered":"Les escoles infantils privades i empreses que gestionen les municipals a Requena temen pel seu tancament"},"content":{"rendered":"\n<figure class=\"wp-block-image size-large\"><img loading=\"lazy\" decoding=\"async\" width=\"1024\" height=\"768\" src=\"http:\/\/www.tucomarca.com\/wordpress\/segunda\/wp-content\/uploads\/2022\/03\/RequenaEscuelaZorita-1024x768.jpg\" alt=\"\" class=\"wp-image-152705\" srcset=\"https:\/\/www.tucomarca.com\/wordpress\/segunda\/wp-content\/uploads\/2022\/03\/RequenaEscuelaZorita-1024x768.jpg 1024w, https:\/\/www.tucomarca.com\/wordpress\/segunda\/wp-content\/uploads\/2022\/03\/RequenaEscuelaZorita-300x225.jpg 300w, https:\/\/www.tucomarca.com\/wordpress\/segunda\/wp-content\/uploads\/2022\/03\/RequenaEscuelaZorita-768x576.jpg 768w, https:\/\/www.tucomarca.com\/wordpress\/segunda\/wp-content\/uploads\/2022\/03\/RequenaEscuelaZorita-1536x1152.jpg 1536w, https:\/\/www.tucomarca.com\/wordpress\/segunda\/wp-content\/uploads\/2022\/03\/RequenaEscuelaZorita-678x509.jpg 678w, https:\/\/www.tucomarca.com\/wordpress\/segunda\/wp-content\/uploads\/2022\/03\/RequenaEscuelaZorita-326x245.jpg 326w, https:\/\/www.tucomarca.com\/wordpress\/segunda\/wp-content\/uploads\/2022\/03\/RequenaEscuelaZorita-80x60.jpg 80w, https:\/\/www.tucomarca.com\/wordpress\/segunda\/wp-content\/uploads\/2022\/03\/RequenaEscuelaZorita.jpg 1920w\" sizes=\"auto, (max-width: 1024px) 100vw, 1024px\" \/><\/figure>\n\n\n\n<p>Les escoles infantils i empreses que gestionen les escoles infantils municipals de Requena han volgut aclarir que \u00e9s &#8220;fals que la Conselleria d&#8217;Educaci\u00f3 haja aprovat l&#8217;arranjament escolar del curs 2022-2023, la qual cosa ha fet \u00e9s una proposta d&#8217;arranjament escolar per al pr\u00f2xim curs, a la qual encara s&#8217;est\u00e0 en termini per a al\u00b7legar&#8221;.<\/p>\n\n\n\n<p>&#8220;Les escoles infantils municipals sol\u00b7licitem una reuni\u00f3 amb les regidories d&#8217;inf\u00e0ncia i educaci\u00f3 en assabentar-nos d&#8217;aquesta not\u00edcia, els vam fer fer saber la problem\u00e0tica que anava a implicar la creaci\u00f3 d&#8217;aquestes aules en els col\u00b7legis i sol\u00b7licitem en aquesta reuni\u00f3 poder assistir al Consell Escolar per a poder explicar als col\u00b7legis la situaci\u00f3 a la qual ens podria portar la creaci\u00f3 d&#8217;aquestes aules, per\u00f2 se&#8217;ns va negar poder participar en aquest consell, silenciant-nos davant els col\u00b7legis&#8221;.<br>&#8220;A cas el primer cicle d&#8217;educaci\u00f3 infantil que s&#8217;imparteix en els nostres centres no \u00e9s una etapa educativa per a tindre veu com la resta de centres educatius?&#8221;, se pregunten.<br>&#8220;Despr\u00e9s del consell escolar se&#8217;ns va tornar a citar amb la regidoria d&#8217;inf\u00e0ncia i educaci\u00f3 per a informar-nos que el consell escolar havia decidit no presentar al\u00b7legacions i que l&#8217;ajuntament tampoc anava a fer res que suposara posar-se en contra dels col\u00b7legis, per la qual cosa es va sol\u00b7licitar una reuni\u00f3 extraordin\u00e0ria amb els col\u00b7legis a l&#8217;Ajuntament que tamb\u00e9 se&#8217;ns va denegar, fent-nos callar de nou i quedant demostrat que des del consistori es fa costat als col\u00b7legis per\u00f2 per a res es t\u00e9 en compte a les escoles infantils&#8221;.<\/p>\n\n\n\n<p>&#8220;D&#8217;altra banda, en cap moment s&#8217;ha dit per part de les escoles infantils privades ni per les empreses que gestionem les escoles infantils municipals que l&#8217;ajuntament tinga voluntat de tancar les aules, si b\u00e9 \u00e9s cert que amb aquesta actitud de suport a l&#8217;obertura d&#8217;aquestes aules s\u00ed que ho aconseguiran, ja que hauran menys matriculacions a les escoles que fins i tot poden portar al fet que no es puga obrir algun aula i, per tant, comen\u00e7aran a haver-hi acomiadaments d&#8217;educadores&#8221;.<\/p>\n\n\n\n<p>&#8220;Aquest curs es volen implantar dues aules en els col\u00b7legis citats, que si no es frena portar\u00e0 a la creaci\u00f3 en anys posteriors de les aules en la resta de col\u00b7legis o en aquests mateixos, la qual cosa provocar\u00e0 el tancament de les escoles infantils que no poden subsistir solament amb el tram 1-2 anys pel fet que les r\u00e0tios s\u00f3n molt menors&#8221;.<\/p>\n\n\n\n<p>&#8220;Explicau que hi haur\u00e0 una major oferta educativa, per\u00f2 innecess\u00e0ria perqu\u00e8 en el tram 2-3 anys les escoles infantils cobrim la demanda, fins i tot sobrant places gratu\u00eftes a les escoles infantils municipals a la finalitzaci\u00f3 del proc\u00e9s d&#8217;admissi\u00f3&#8221;.<br>&#8220;Prefereix l&#8217;Ajuntament de Requena tindre una oferta innecess\u00e0ria a costa de l&#8217;\u00fas dels i les requenenses que treballem en aquests centres i de les empreses de Requena que es destruiran? Realment \u00e9s necessari destruir per a construir? Per no parlar que educativament i per al desenvolupament dels xiquets i xiquetes d&#8217;aquesta edat els col\u00b7legis no \u00e9s el lloc indicat&#8221;.<\/p>\n\n\n\n<p>&#8220;\u00c9s cert que hi ha llistes d&#8217;espera, per\u00f2 no en el tram de 2-3 anys sin\u00f3 en el tram de 1-2 anys, per tant, no confongueu a la poblaci\u00f3 mesclant un tram amb l&#8217;altre. Pel que la soluci\u00f3 a aquestes llistes d&#8217;espera no \u00e9s implantar m\u00e9s aules de 2 anys, potser si haguera sigut la construcci\u00f3 d&#8217;una nova escola infantil municipal amb m\u00e9s aules de 1-2 anys tal com vau anunciar en el programa electoral, per\u00f2 en lloc d&#8217;aix\u00f2 contribuireu a la destrucci\u00f3 de les dues escoles infantils municipals aix\u00ed com de les privades. Per favor, no confonguem a la nostra poblaci\u00f3&#8221;, finalitzen.<\/p>\n","protected":false},"excerpt":{"rendered":"<div class=\"mh-excerpt\">Les escoles infantils i empreses que gestionen les escoles infantils municipals de Requena han volgut aclarir que \u00e9s &#8220;fals que la Conselleria d&#8217;Educaci\u00f3 haja aprovat l&#8217;arranjament escolar del curs 2022-2023, la qual cosa ha fet <a class=\"mh-excerpt-more\" href=\"https:\/\/www.tucomarca.com\/wordpress\/segunda\/ca\/les-escoles-infantils-privades-i-empreses-que-gestionen-les-municipals-a-requena-temen-pel-seu-tancament\/\" title=\"Les escoles infantils privades i empreses que gestionen les municipals a Requena temen pel seu tancament\">[+] <\/a><\/div>\n","protected":false},"author":12,"featured_media":152708,"comment_status":"open","ping_status":"open","sticky":false,"template":"","format":"standard","meta":{"footnotes":""},"categories":[10948,10894,10947,10908,10909,10896,10897],"tags":[11254,16623,10910],"class_list":{"0":"post-152709","1":"post","2":"type-post","3":"status-publish","4":"format-standard","5":"has-post-thumbnail","7":"category-infraestructuras-ca","8":"category-la-comarca-ca","9":"category-politica","10":"category-requena-ca","11":"category-requena-utiel-ca","12":"category-seccion-ca","13":"category-sucesos-la-comarca-ca","14":"tag-ayuntamiento-de-requena-ca","15":"tag-escuelas-infantiles-de-requena-ca","16":"tag-requena-utiel-ca"},"_links":{"self":[{"href":"https:\/\/www.tucomarca.com\/wordpress\/segunda\/ca\/wp-json\/wp\/v2\/posts\/152709","targetHints":{"allow":["GET"]}}],"collection":[{"href":"https:\/\/www.tucomarca.com\/wordpress\/segunda\/ca\/wp-json\/wp\/v2\/posts"}],"about":[{"href":"https:\/\/www.tucomarca.com\/wordpress\/segunda\/ca\/wp-json\/wp\/v2\/types\/post"}],"author":[{"embeddable":true,"href":"https:\/\/www.tucomarca.com\/wordpress\/segunda\/ca\/wp-json\/wp\/v2\/users\/12"}],"replies":[{"embeddable":true,"href":"https:\/\/www.tucomarca.com\/wordpress\/segunda\/ca\/wp-json\/wp\/v2\/comments?post=152709"}],"version-history":[{"count":0,"href":"https:\/\/www.tucomarca.com\/wordpress\/segunda\/ca\/wp-json\/wp\/v2\/posts\/152709\/revisions"}],"wp:featuredmedia":[{"embeddable":true,"href":"https:\/\/www.tucomarca.com\/wordpress\/segunda\/ca\/wp-json\/wp\/v2\/media\/152708"}],"wp:attachment":[{"href":"https:\/\/www.tucomarca.com\/wordpress\/segunda\/ca\/wp-json\/wp\/v2\/media?parent=152709"}],"wp:term":[{"taxonomy":"category","embeddable":true,"href":"https:\/\/www.tucomarca.com\/wordpress\/segunda\/ca\/wp-json\/wp\/v2\/categories?post=152709"},{"taxonomy":"post_tag","embeddable":true,"href":"https:\/\/www.tucomarca.com\/wordpress\/segunda\/ca\/wp-json\/wp\/v2\/tags?post=152709"}],"curies":[{"name":"wp","href":"https:\/\/api.w.org\/{rel}","templated":true}]}}