{"id":152724,"date":"2022-03-24T07:05:00","date_gmt":"2022-03-24T06:05:00","guid":{"rendered":"http:\/\/www.tucomarca.com\/wordpress\/segunda\/?p=152724"},"modified":"2022-03-24T11:26:21","modified_gmt":"2022-03-24T10:26:21","slug":"benaguasil-oferta-una-escola-de-pasqua-en-angles-per-a-xiquets-de-6-a-14-anys","status":"publish","type":"post","link":"https:\/\/www.tucomarca.com\/wordpress\/segunda\/ca\/benaguasil-oferta-una-escola-de-pasqua-en-angles-per-a-xiquets-de-6-a-14-anys\/","title":{"rendered":"Benaguasil oferta una escola de pasqua en angl\u00e9s per a xiquets de 6 a 14 anys"},"content":{"rendered":"\n<h4 class=\"wp-block-heading\">Es tracta d&#8217;una iniciativa per a fomentar l&#8217;aprenentatge de l&#8217;angl\u00e9s i ajudar les fam\u00edlies a conciliar la vida familiar i laboral durant les vacances de Setmana Santa.<\/h4>\n\n\n\n<p>L&#8217;Ajuntament de Benaguasil ha organitzat, a trav\u00e9s de la regidoria de Joventut, una nova edici\u00f3 de la \u2018Escola de Pasqua\u2019 durant les vacances escolars de Setmana Santa, concretament del 19 al 22 d&#8217;abril, en horari de dem\u00e0 de 9h a 13h.<br>Una proposta que enguany es realitza amb la particularitat que ser\u00e0 en angl\u00e9s, per al que es compta amb la col\u00b7laboraci\u00f3 de l&#8217;acad\u00e8mia local The Windmill School, i en la qual els xiquets i xiquetes realitzaran activitats \u00edntegrament en angl\u00e9s per\u00f2 de manera l\u00fadica i divertida per a fomentar l&#8217;aprenentatge de l&#8217;idioma.<\/p>\n\n\n\n<p>La regidor d&#8217;Educaci\u00f3 Ana Aleixandre ha assenyalat que \u2018els idiomes s\u00f3n primordials en el nostre dia a dia i per aix\u00f2 hem organitzat una escola de pasqua totalment en angl\u00e9s amb la qual oferir un oci actiu i divertit, al mateix temps que es dona a les fam\u00edlies una possibilitat per a facilitar la conciliaci\u00f3 en els dies sense col\u00b7legi\u2019. Amb aix\u00f2 el Consistori \u2018continua apostant per l&#8217;entreteniment i desenvolupament dels xiquets del municipi\u2019, ha concl\u00f2s.&nbsp;<br>L&#8217;activitat es desenvolupar\u00e0 en el Poliesportiu Municipal i podran matricular-se xiquets i xiquetes des dels 6 anys, fins als 14 anys, sent les places limitades.<br>La inscripci\u00f3 podr\u00e0 realitzar-se fins al 30 de mar\u00e7 a l&#8217;Ajuntament o a trav\u00e9s de la seu electr\u00f2nica.<\/p>\n\n\n\n<p><\/p>\n","protected":false},"excerpt":{"rendered":"<div class=\"mh-excerpt\">Es tracta d&#8217;una iniciativa per a fomentar l&#8217;aprenentatge de l&#8217;angl\u00e9s i ajudar les fam\u00edlies a conciliar la vida familiar i laboral durant les vacances de Setmana Santa. L&#8217;Ajuntament de Benaguasil ha organitzat, a trav\u00e9s de <a class=\"mh-excerpt-more\" href=\"https:\/\/www.tucomarca.com\/wordpress\/segunda\/ca\/benaguasil-oferta-una-escola-de-pasqua-en-angles-per-a-xiquets-de-6-a-14-anys\/\" title=\"Benaguasil oferta una escola de pasqua en angl\u00e9s per a xiquets de 6 a 14 anys\">[+] <\/a><\/div>\n","protected":false},"author":12,"featured_media":152723,"comment_status":"open","ping_status":"open","sticky":false,"template":"","format":"standard","meta":{"footnotes":""},"categories":[11019,10952,10892,10948,10894,10947,10896],"tags":[11136,10899,16629],"class_list":{"0":"post-152724","1":"post","2":"type-post","3":"status-publish","4":"format-standard","5":"has-post-thumbnail","7":"category-agenda-ca","8":"category-benaguasil-ca","9":"category-camp-de-turia-ca","10":"category-infraestructuras-ca","11":"category-la-comarca-ca","12":"category-politica","13":"category-seccion-ca","14":"tag-benaguasil-ca","15":"tag-camp-de-turia-ca","16":"tag-escuela-de-pascua-en-ingles-ca"},"_links":{"self":[{"href":"https:\/\/www.tucomarca.com\/wordpress\/segunda\/ca\/wp-json\/wp\/v2\/posts\/152724","targetHints":{"allow":["GET"]}}],"collection":[{"href":"https:\/\/www.tucomarca.com\/wordpress\/segunda\/ca\/wp-json\/wp\/v2\/posts"}],"about":[{"href":"https:\/\/www.tucomarca.com\/wordpress\/segunda\/ca\/wp-json\/wp\/v2\/types\/post"}],"author":[{"embeddable":true,"href":"https:\/\/www.tucomarca.com\/wordpress\/segunda\/ca\/wp-json\/wp\/v2\/users\/12"}],"replies":[{"embeddable":true,"href":"https:\/\/www.tucomarca.com\/wordpress\/segunda\/ca\/wp-json\/wp\/v2\/comments?post=152724"}],"version-history":[{"count":0,"href":"https:\/\/www.tucomarca.com\/wordpress\/segunda\/ca\/wp-json\/wp\/v2\/posts\/152724\/revisions"}],"wp:featuredmedia":[{"embeddable":true,"href":"https:\/\/www.tucomarca.com\/wordpress\/segunda\/ca\/wp-json\/wp\/v2\/media\/152723"}],"wp:attachment":[{"href":"https:\/\/www.tucomarca.com\/wordpress\/segunda\/ca\/wp-json\/wp\/v2\/media?parent=152724"}],"wp:term":[{"taxonomy":"category","embeddable":true,"href":"https:\/\/www.tucomarca.com\/wordpress\/segunda\/ca\/wp-json\/wp\/v2\/categories?post=152724"},{"taxonomy":"post_tag","embeddable":true,"href":"https:\/\/www.tucomarca.com\/wordpress\/segunda\/ca\/wp-json\/wp\/v2\/tags?post=152724"}],"curies":[{"name":"wp","href":"https:\/\/api.w.org\/{rel}","templated":true}]}}