{"id":153143,"date":"2022-03-28T08:55:00","date_gmt":"2022-03-28T07:55:00","guid":{"rendered":"http:\/\/www.tucomarca.com\/wordpress\/segunda\/?p=153143"},"modified":"2022-03-28T10:25:34","modified_gmt":"2022-03-28T09:25:34","slug":"detenen-a-un-jove-de-21-anys-per-latropellament-premeditat-dun-altre-jove-a-serra","status":"publish","type":"post","link":"https:\/\/www.tucomarca.com\/wordpress\/segunda\/ca\/detenen-a-un-jove-de-21-anys-per-latropellament-premeditat-dun-altre-jove-a-serra\/","title":{"rendered":"Detenen a un jove de 21 anys per l&#8217;atropellament premeditat d&#8217;un altre jove a Serra"},"content":{"rendered":"\n<p>L&#8217;Equip de Policia judicial de Ll\u00edria ha informat que est\u00e0 investigant un homicidi dol\u00f3s en grau de temptativa i un delicte contra la seguretat del tr\u00e0nsit en la localitat de Serra.<\/p>\n\n\n\n<p>&#8220;A les 18,35 hores del dia d&#8217;ahir en la localitat de Serra es va produir un atropellament intencionat arran d&#8217;una disputa entre dos homes, tots dos de 21 anys edat. El motiu d&#8217;aquesta discussi\u00f3 va ser per l&#8217;assetjament i amenaces d&#8217;un d&#8217;ells a la n\u00favia de l&#8217;altre, que al seu torn havia sigut l&#8217;ex-xicot d&#8217;aquesta. No existint entre ells, ordre d&#8217;allunyament ni de comunicaci\u00f3&#8221;, tal com han informat fonts de la Comand\u00e0ncia de la Gu\u00e0rdia Civil de Val\u00e8ncia.<\/p>\n\n\n\n<p>&#8220;Les primeres investigacions van indicar que aquests dos homes es van citar per a resoldre les seues difer\u00e8ncies en la localitat de Serra. Quan l&#8217;actual nuvi de la jove anava circulant amb el seu vehicle pel nucli urb\u00e0 de Serra, va visualitzar a l&#8217;altre home i tom la decisi\u00f3 d&#8217;atropellar-ho. Immediatament, la Policia Local de Serra va acudir a l&#8217;atropellament i assistir a la v\u00edctima&#8221;, segons les mateixes fonts.<\/p>\n\n\n\n<p>&#8220;Escassos minuts despr\u00e9s, agents de la Gu\u00e0rdia Civil de B\u00e9tera, es van personar en el lloc dels fets, van localitzar a l&#8217;autor i van procedir a la seua detenci\u00f3 per un delicte d&#8217;homicidi dol\u00f3s en grau de temptativa i contra la seguretat del tr\u00e0nsit&#8221;.<\/p>\n\n\n\n<p>Les dilig\u00e8ncies seran entregades en el Jutjat de Primera Inst\u00e0ncia i Instrucci\u00f3 N\u00famero 3 de Llir\u00eda.<\/p>\n","protected":false},"excerpt":{"rendered":"<div class=\"mh-excerpt\">L&#8217;Equip de Policia judicial de Ll\u00edria ha informat que est\u00e0 investigant un homicidi dol\u00f3s en grau de temptativa i un delicte contra la seguretat del tr\u00e0nsit en la localitat de Serra. &#8220;A les 18,35 hores <a class=\"mh-excerpt-more\" href=\"https:\/\/www.tucomarca.com\/wordpress\/segunda\/ca\/detenen-a-un-jove-de-21-anys-per-latropellament-premeditat-dun-altre-jove-a-serra\/\" title=\"Detenen a un jove de 21 anys per l&#8217;atropellament premeditat d&#8217;un altre jove a Serra\">[+] <\/a><\/div>\n","protected":false},"author":1,"featured_media":84778,"comment_status":"open","ping_status":"open","sticky":false,"template":"","format":"standard","meta":{"footnotes":""},"categories":[10937,10892,10898,10948,10894,10904,10896,10933,10897],"tags":[11202,10899,11118,11429],"class_list":{"0":"post-153143","1":"post","2":"type-post","3":"status-publish","4":"format-standard","5":"has-post-thumbnail","7":"category-betera-ca","8":"category-camp-de-turia-ca","9":"category-ventana-ca","10":"category-infraestructuras-ca","11":"category-la-comarca-ca","12":"category-sin-categorizar-ca","13":"category-seccion-ca","14":"category-serra-ca","15":"category-sucesos-la-comarca-ca","16":"tag-betera-ca","17":"tag-camp-de-turia-ca","18":"tag-guardia-civil-ca","19":"tag-serra-ca"},"_links":{"self":[{"href":"https:\/\/www.tucomarca.com\/wordpress\/segunda\/ca\/wp-json\/wp\/v2\/posts\/153143","targetHints":{"allow":["GET"]}}],"collection":[{"href":"https:\/\/www.tucomarca.com\/wordpress\/segunda\/ca\/wp-json\/wp\/v2\/posts"}],"about":[{"href":"https:\/\/www.tucomarca.com\/wordpress\/segunda\/ca\/wp-json\/wp\/v2\/types\/post"}],"author":[{"embeddable":true,"href":"https:\/\/www.tucomarca.com\/wordpress\/segunda\/ca\/wp-json\/wp\/v2\/users\/1"}],"replies":[{"embeddable":true,"href":"https:\/\/www.tucomarca.com\/wordpress\/segunda\/ca\/wp-json\/wp\/v2\/comments?post=153143"}],"version-history":[{"count":0,"href":"https:\/\/www.tucomarca.com\/wordpress\/segunda\/ca\/wp-json\/wp\/v2\/posts\/153143\/revisions"}],"wp:featuredmedia":[{"embeddable":true,"href":"https:\/\/www.tucomarca.com\/wordpress\/segunda\/ca\/wp-json\/wp\/v2\/media\/84778"}],"wp:attachment":[{"href":"https:\/\/www.tucomarca.com\/wordpress\/segunda\/ca\/wp-json\/wp\/v2\/media?parent=153143"}],"wp:term":[{"taxonomy":"category","embeddable":true,"href":"https:\/\/www.tucomarca.com\/wordpress\/segunda\/ca\/wp-json\/wp\/v2\/categories?post=153143"},{"taxonomy":"post_tag","embeddable":true,"href":"https:\/\/www.tucomarca.com\/wordpress\/segunda\/ca\/wp-json\/wp\/v2\/tags?post=153143"}],"curies":[{"name":"wp","href":"https:\/\/api.w.org\/{rel}","templated":true}]}}