{"id":153291,"date":"2022-03-30T19:50:00","date_gmt":"2022-03-30T17:50:00","guid":{"rendered":"http:\/\/www.tucomarca.com\/wordpress\/segunda\/?p=153291"},"modified":"2022-03-31T13:13:17","modified_gmt":"2022-03-31T11:13:17","slug":"un-dissabte-de-swing-en-el-palau-de-la-musica-de-bunyol-amb-domisol-sisters","status":"publish","type":"post","link":"https:\/\/www.tucomarca.com\/wordpress\/segunda\/ca\/un-dissabte-de-swing-en-el-palau-de-la-musica-de-bunyol-amb-domisol-sisters\/","title":{"rendered":"Un dissabte de swing en el Palau de la M\u00fasica de Bunyol amb D\u00f3misol Sisters"},"content":{"rendered":"\n<p>La banda D\u00f3misol Sisters es puja aquest dissabte, 2 d&#8217;abril, a la 19,00 hores, a l&#8217;escenari del Palau de la M\u00fasica per a oferir un concert de swing que amb la seua m\u00fasica i la seua gran posada en escena aconseguir\u00e0 contagiar la seua energia i fer retrocedir al p\u00fablic en el temps fins a la&nbsp;<strong>Era daurada del Swing<\/strong>.<\/p>\n\n\n\n<p>Despr\u00e9s de rec\u00f3rrer gran part del pa\u00eds i actuar en nombrosos teatres, sales i clubs, a m\u00e9s de participar en diferents festivals, el grup presenta el seu tercer projecte&nbsp;<strong>\u201cSmile\u201d<\/strong>, un espectacle divertit i din\u00e0mic, fora de l&#8217;habitual que organitza la regidoria de Cultura de Bunyol i el IVC, amb un preu en taquilla de 5 euros.<\/p>\n\n\n\n<p>Les veus i el repertori est\u00e0 plagat de cl\u00e0ssics que arribaven en aquella \u00e8poca des de l&#8217;altre costat de l&#8217;Atl\u00e0ntic amb temes que sonaran com en aquells temps gr\u00e0cies a excel\u00b7lents m\u00fasics d&#8217;aquesta formaci\u00f3.<\/p>\n\n\n\n<ul class=\"wp-block-list\"><li><strong>VEUS:&nbsp;<\/strong>M\u00e9lanie Lapalus, Fanny Germain i Mireia Serrano<\/li><li><strong>PIANO:&nbsp;<\/strong>Eduard Marquina-Selfa<\/li><li><strong>BATERIA:&nbsp;<\/strong>Simone Zaniol<\/li><li><strong>CONTRABAIX:&nbsp;<\/strong>Eva Serrano<\/li><li><strong>TROMPETA:&nbsp;<\/strong>Fede Crespo&nbsp;<\/li><li><strong>ENGINYER DE SO:&nbsp;<\/strong>Jorge P\u00e9rez<\/li><li><strong>ENGINYER DE LLUMS:&nbsp;<\/strong>Pelegr\u00ed Duart<\/li><\/ul>\n\n\n\n<p><\/p>\n","protected":false},"excerpt":{"rendered":"<div class=\"mh-excerpt\">La banda D\u00f3misol Sisters es puja aquest dissabte, 2 d&#8217;abril, a la 19,00 hores, a l&#8217;escenari del Palau de la M\u00fasica per a oferir un concert de swing que amb la seua m\u00fasica i la <a class=\"mh-excerpt-more\" href=\"https:\/\/www.tucomarca.com\/wordpress\/segunda\/ca\/un-dissabte-de-swing-en-el-palau-de-la-musica-de-bunyol-amb-domisol-sisters\/\" title=\"Un dissabte de swing en el Palau de la M\u00fasica de Bunyol amb D\u00f3misol Sisters\">[+] <\/a><\/div>\n","protected":false},"author":12,"featured_media":153289,"comment_status":"open","ping_status":"open","sticky":false,"template":"","format":"standard","meta":{"footnotes":""},"categories":[11019,10911,11005,10894,10912,11007,10896],"tags":[10913,16717,10914,12827,16718],"class_list":{"0":"post-153291","1":"post","2":"type-post","3":"status-publish","4":"format-standard","5":"has-post-thumbnail","7":"category-agenda-ca","8":"category-bunol-ca","9":"category-canal-musica","10":"category-la-comarca-ca","11":"category-la-hoya-ca","12":"category-ocio-y-cultura-ca","13":"category-seccion-ca","14":"tag-bunol-ca","15":"tag-domisol-sisters-ca","16":"tag-la-hoya-de-bunol-chiva-ca","17":"tag-palacio-de-la-musica-ca","18":"tag-swing-band-ca"},"_links":{"self":[{"href":"https:\/\/www.tucomarca.com\/wordpress\/segunda\/ca\/wp-json\/wp\/v2\/posts\/153291","targetHints":{"allow":["GET"]}}],"collection":[{"href":"https:\/\/www.tucomarca.com\/wordpress\/segunda\/ca\/wp-json\/wp\/v2\/posts"}],"about":[{"href":"https:\/\/www.tucomarca.com\/wordpress\/segunda\/ca\/wp-json\/wp\/v2\/types\/post"}],"author":[{"embeddable":true,"href":"https:\/\/www.tucomarca.com\/wordpress\/segunda\/ca\/wp-json\/wp\/v2\/users\/12"}],"replies":[{"embeddable":true,"href":"https:\/\/www.tucomarca.com\/wordpress\/segunda\/ca\/wp-json\/wp\/v2\/comments?post=153291"}],"version-history":[{"count":0,"href":"https:\/\/www.tucomarca.com\/wordpress\/segunda\/ca\/wp-json\/wp\/v2\/posts\/153291\/revisions"}],"wp:featuredmedia":[{"embeddable":true,"href":"https:\/\/www.tucomarca.com\/wordpress\/segunda\/ca\/wp-json\/wp\/v2\/media\/153289"}],"wp:attachment":[{"href":"https:\/\/www.tucomarca.com\/wordpress\/segunda\/ca\/wp-json\/wp\/v2\/media?parent=153291"}],"wp:term":[{"taxonomy":"category","embeddable":true,"href":"https:\/\/www.tucomarca.com\/wordpress\/segunda\/ca\/wp-json\/wp\/v2\/categories?post=153291"},{"taxonomy":"post_tag","embeddable":true,"href":"https:\/\/www.tucomarca.com\/wordpress\/segunda\/ca\/wp-json\/wp\/v2\/tags?post=153291"}],"curies":[{"name":"wp","href":"https:\/\/api.w.org\/{rel}","templated":true}]}}