{"id":153393,"date":"2022-03-30T20:00:00","date_gmt":"2022-03-30T18:00:00","guid":{"rendered":"http:\/\/www.tucomarca.com\/wordpress\/segunda\/?p=153393"},"modified":"2022-03-31T13:09:06","modified_gmt":"2022-03-31T11:09:06","slug":"rosa-perez-garijo-participa-en-la-i-trobada-memorialista-del-pais-valencia-a-bunyol","status":"publish","type":"post","link":"https:\/\/www.tucomarca.com\/wordpress\/segunda\/ca\/rosa-perez-garijo-participa-en-la-i-trobada-memorialista-del-pais-valencia-a-bunyol\/","title":{"rendered":"Rosa P\u00e9rez Garijo participa en la I Trobada Memorialista del Pa\u00eds Valenci\u00e0 a Bunyol"},"content":{"rendered":"\n<h4 class=\"wp-block-heading\">La consellera de Participaci\u00f3, Transpar\u00e8ncia, Cooperaci\u00f3 i Qualitat Democr\u00e0tica, Rosa P\u00e9rez Garijo ha participat en la I Trobada Memorialista del Pa\u00eds Valenci\u00e0, celebrat aquest passat diumenge a la Sala El Mercat de Bunyol.&nbsp;<\/h4>\n\n\n\n<figure class=\"wp-block-gallery columns-2 is-cropped wp-block-gallery-1 is-layout-flex wp-block-gallery-is-layout-flex\"><ul class=\"blocks-gallery-grid\"><li class=\"blocks-gallery-item\"><figure><img loading=\"lazy\" decoding=\"async\" width=\"960\" height=\"720\" src=\"http:\/\/www.tucomarca.com\/wordpress\/segunda\/wp-content\/uploads\/2022\/03\/BunolIJornadaMemorialistica2-1.jpg\" alt=\"\" data-id=\"153401\" data-full-url=\"http:\/\/www.tucomarca.com\/wordpress\/segunda\/wp-content\/uploads\/2022\/03\/BunolIJornadaMemorialistica2-1.jpg\" data-link=\"http:\/\/www.tucomarca.com\/wordpress\/segunda\/?attachment_id=153401\" class=\"wp-image-153401\" srcset=\"https:\/\/www.tucomarca.com\/wordpress\/segunda\/wp-content\/uploads\/2022\/03\/BunolIJornadaMemorialistica2-1.jpg 960w, https:\/\/www.tucomarca.com\/wordpress\/segunda\/wp-content\/uploads\/2022\/03\/BunolIJornadaMemorialistica2-1-300x225.jpg 300w, https:\/\/www.tucomarca.com\/wordpress\/segunda\/wp-content\/uploads\/2022\/03\/BunolIJornadaMemorialistica2-1-768x576.jpg 768w, https:\/\/www.tucomarca.com\/wordpress\/segunda\/wp-content\/uploads\/2022\/03\/BunolIJornadaMemorialistica2-1-678x509.jpg 678w, https:\/\/www.tucomarca.com\/wordpress\/segunda\/wp-content\/uploads\/2022\/03\/BunolIJornadaMemorialistica2-1-326x245.jpg 326w, https:\/\/www.tucomarca.com\/wordpress\/segunda\/wp-content\/uploads\/2022\/03\/BunolIJornadaMemorialistica2-1-80x60.jpg 80w\" sizes=\"auto, (max-width: 960px) 100vw, 960px\" \/><\/figure><\/li><li class=\"blocks-gallery-item\"><figure><img loading=\"lazy\" decoding=\"async\" width=\"960\" height=\"720\" src=\"http:\/\/www.tucomarca.com\/wordpress\/segunda\/wp-content\/uploads\/2022\/03\/BunolIJornadaMemorialistica3-1.jpg\" alt=\"\" data-id=\"153403\" data-full-url=\"http:\/\/www.tucomarca.com\/wordpress\/segunda\/wp-content\/uploads\/2022\/03\/BunolIJornadaMemorialistica3-1.jpg\" data-link=\"http:\/\/www.tucomarca.com\/wordpress\/segunda\/?attachment_id=153403\" class=\"wp-image-153403\" srcset=\"https:\/\/www.tucomarca.com\/wordpress\/segunda\/wp-content\/uploads\/2022\/03\/BunolIJornadaMemorialistica3-1.jpg 960w, https:\/\/www.tucomarca.com\/wordpress\/segunda\/wp-content\/uploads\/2022\/03\/BunolIJornadaMemorialistica3-1-300x225.jpg 300w, https:\/\/www.tucomarca.com\/wordpress\/segunda\/wp-content\/uploads\/2022\/03\/BunolIJornadaMemorialistica3-1-768x576.jpg 768w, https:\/\/www.tucomarca.com\/wordpress\/segunda\/wp-content\/uploads\/2022\/03\/BunolIJornadaMemorialistica3-1-678x509.jpg 678w, https:\/\/www.tucomarca.com\/wordpress\/segunda\/wp-content\/uploads\/2022\/03\/BunolIJornadaMemorialistica3-1-326x245.jpg 326w, https:\/\/www.tucomarca.com\/wordpress\/segunda\/wp-content\/uploads\/2022\/03\/BunolIJornadaMemorialistica3-1-80x60.jpg 80w\" sizes=\"auto, (max-width: 960px) 100vw, 960px\" \/><\/figure><\/li><\/ul><\/figure>\n\n\n\n<p>La jornada va comen\u00e7ar amb la inauguraci\u00f3 de l&#8217;exposici\u00f3 &#8216;Les v\u00edctimes valencianes del nazisme&#8217;, que va comptar amb la pres\u00e8ncia de la consellera de Qualitat Democr\u00e0tica, Rosa P\u00e9rez Garijo, l&#8217;alcaldessa de Bunyol, Juncal Carrascosa, el president de la Coordinadora d&#8217;Associacions per la Mem\u00f2ria Democr\u00e0tica del Pa\u00eds Valenci\u00e0 (CAMDE), \u00c1ngel Gonz\u00e1lez i el regidor de Mem\u00f2ria Democr\u00e0tica, Carles Xerri.<\/p>\n\n\n\n<p>&#8220;Aquest \u00e9s un esdeveniment per a formar a les futures generacions, visibilitzar la mem\u00f2ria antifeixista i demanar, una vegada m\u00e9s, just\u00edcia i reparaci\u00f3&#8221;, ha destacat P\u00e9rez Garijo.&nbsp;<\/p>\n\n\n\n<p>L&#8217;exposici\u00f3 estar\u00e0 oberta des d&#8217;aquest diumenge fins al 10 d&#8217;abril, els dimecres, dijous i divendres de 18 a 20,30h, i els dissabtes i diumenges, d&#8217;11 a 14h.&nbsp;<\/p>\n\n\n\n<p>Carles Xerri, regidor de Mem\u00f2ria Democr\u00e0tica de l&#8217;Ajuntament de Bunyol, ha confirmat que aquest consistori i tot el poble, \u201csempre ha tingut un paper fonamental en la lluita pels drets, en la reivindicaci\u00f3 per la rep\u00fablica, implicat en el reconeixement de la mem\u00f2ria democr\u00e0tica i a recordar a totes aquelles persones que van donar la seua vida i van ser exiliades o assassinades injustament\u201d.<br><br>Posteriorment, es van despla\u00e7ar al Palau de la M\u00fasica de la localitat per a assistir al concert del cantautor Joanjo Bosk i a la projecci\u00f3 del documental &#8216;La maleta de Mauthausen&#8217;, finan\u00e7at per l&#8217;\u00c0rea de Mem\u00f2ria Democr\u00e0tica de la Diputaci\u00f3 de Val\u00e8ncia.<\/p>\n\n\n\n<p>A la vesprada es va celebrar la taula redona \u201cL&#8217;estat actual de la mem\u00f2ria al Pa\u00eds Valenci\u00e0: reptes i obstacles per a la reconciliaci\u00f3\u201d, en la qual van intervindre \u00c1ngel Gonz\u00e1lez, president de la Coordinadora d&#8217;Associacions per la Mem\u00f2ria Democr\u00e0tica del Pa\u00eds Valenci\u00e0; I\u00f1aki P\u00e9rez, director general de la Conselleria de Participaci\u00f3, Transpar\u00e8ncia, Cooperaci\u00f3 i Qualitat Democr\u00e0tica i Jos\u00e9 Ram\u00f3n Ju\u00e1niz, jurista expert en Drets Humans. Aquest acte va ser presentat i moderat per Sandra Corach\u00e1n, regidora d&#8217;Igualtat de l&#8217;Ajuntament de Bunyol.&nbsp; L&#8217;acte va finalitzar amb parlaments d&#8217;\u00c1ngel Gonz\u00e1lez, president de la Coordinadora d&#8217;Associacions per la Mem\u00f2ria Democr\u00e0tica del Pa\u00eds Valenci\u00e0 (CAMDE), i Carles Xerri, regidor de Mem\u00f2ria Democr\u00e0tica.&nbsp;<\/p>\n\n\n\n<p>Aquesta I Trobada Memorialista del Pa\u00eds Valenci\u00e0 va finalitzar amb un bell concert a c\u00e0rrec del Ensemble Mem\u00f2ria Democr\u00e0tica de Bunyol, dirigits pel director bu\u00f1olense Jes\u00fas Perell\u00f3 i amb la col\u00b7laboraci\u00f3 de la cantaora Mely Zafra, on van poder escoltar-se:&nbsp;<em>Coplillas de les Divises<\/em>, de Juan Solano Pedrero (recordant a Luis Garc\u00eda Berlanga),&nbsp;<em>Vals n\u00ba2<\/em>&nbsp;de Dimitri Xostak\u00f3vitx,&nbsp;<em>Les 13 Roses<\/em>&nbsp;de R. Ba\u00f1os, Can\u00e7ons antigues Lorquianes, harmonitzades per Federico Garc\u00eda Lorca, i l&#8217;Himne&nbsp;<em>a Bunyol<\/em>, de M.Chillida i G. C\u00e1rcel.&nbsp;<\/p>\n","protected":false},"excerpt":{"rendered":"<div class=\"mh-excerpt\">La consellera de Participaci\u00f3, Transpar\u00e8ncia, Cooperaci\u00f3 i Qualitat Democr\u00e0tica, Rosa P\u00e9rez Garijo ha participat en la I Trobada Memorialista del Pa\u00eds Valenci\u00e0, celebrat aquest passat diumenge a la Sala El Mercat de Bunyol.&nbsp; La jornada <a class=\"mh-excerpt-more\" href=\"https:\/\/www.tucomarca.com\/wordpress\/segunda\/ca\/rosa-perez-garijo-participa-en-la-i-trobada-memorialista-del-pais-valencia-a-bunyol\/\" title=\"Rosa P\u00e9rez Garijo participa en la I Trobada Memorialista del Pa\u00eds Valenci\u00e0 a Bunyol\">[+] <\/a><\/div>\n","protected":false},"author":12,"featured_media":153400,"comment_status":"open","ping_status":"open","sticky":false,"template":"","format":"gallery","meta":{"footnotes":""},"categories":[10911,10894,10904,10912,10947,10896],"tags":[10913,16728,10914,16620],"class_list":{"0":"post-153393","1":"post","2":"type-post","3":"status-publish","4":"format-gallery","5":"has-post-thumbnail","7":"category-bunol-ca","8":"category-la-comarca-ca","9":"category-sin-categorizar-ca","10":"category-la-hoya-ca","11":"category-politica","12":"category-seccion-ca","13":"tag-bunol-ca","14":"tag-i-encuentro-memorialista-del-pais-valenciano-en-bunol-ca","15":"tag-la-hoya-de-bunol-chiva-ca","16":"tag-memoria-democratica-ca","17":"post_format-post-format-gallery"},"_links":{"self":[{"href":"https:\/\/www.tucomarca.com\/wordpress\/segunda\/ca\/wp-json\/wp\/v2\/posts\/153393","targetHints":{"allow":["GET"]}}],"collection":[{"href":"https:\/\/www.tucomarca.com\/wordpress\/segunda\/ca\/wp-json\/wp\/v2\/posts"}],"about":[{"href":"https:\/\/www.tucomarca.com\/wordpress\/segunda\/ca\/wp-json\/wp\/v2\/types\/post"}],"author":[{"embeddable":true,"href":"https:\/\/www.tucomarca.com\/wordpress\/segunda\/ca\/wp-json\/wp\/v2\/users\/12"}],"replies":[{"embeddable":true,"href":"https:\/\/www.tucomarca.com\/wordpress\/segunda\/ca\/wp-json\/wp\/v2\/comments?post=153393"}],"version-history":[{"count":0,"href":"https:\/\/www.tucomarca.com\/wordpress\/segunda\/ca\/wp-json\/wp\/v2\/posts\/153393\/revisions"}],"wp:featuredmedia":[{"embeddable":true,"href":"https:\/\/www.tucomarca.com\/wordpress\/segunda\/ca\/wp-json\/wp\/v2\/media\/153400"}],"wp:attachment":[{"href":"https:\/\/www.tucomarca.com\/wordpress\/segunda\/ca\/wp-json\/wp\/v2\/media?parent=153393"}],"wp:term":[{"taxonomy":"category","embeddable":true,"href":"https:\/\/www.tucomarca.com\/wordpress\/segunda\/ca\/wp-json\/wp\/v2\/categories?post=153393"},{"taxonomy":"post_tag","embeddable":true,"href":"https:\/\/www.tucomarca.com\/wordpress\/segunda\/ca\/wp-json\/wp\/v2\/tags?post=153393"}],"curies":[{"name":"wp","href":"https:\/\/api.w.org\/{rel}","templated":true}]}}