{"id":153651,"date":"2022-04-02T11:00:00","date_gmt":"2022-04-02T09:00:00","guid":{"rendered":"http:\/\/www.tucomarca.com\/wordpress\/segunda\/?p=153651"},"modified":"2022-04-02T13:15:08","modified_gmt":"2022-04-02T11:15:08","slug":"bunol-godelleta-i-macastre-se-sumen-a-la-xarxa-de-municipis-contra-la-violencia-de-genere-de-la-diputacio","status":"publish","type":"post","link":"https:\/\/www.tucomarca.com\/wordpress\/segunda\/ca\/bunol-godelleta-i-macastre-se-sumen-a-la-xarxa-de-municipis-contra-la-violencia-de-genere-de-la-diputacio\/","title":{"rendered":"Bu\u00f1ol, Godelleta i Macastre se sumen a la Xarxa de Municipis contra la Viol\u00e8ncia de G\u00e8nere de la Diputaci\u00f3"},"content":{"rendered":"\n<h4 class=\"wp-block-heading\"><strong><strong>La Hoya de Bu\u00f1ol-Chiva compta ja amb set ajuntaments en esta xarxa de protecci\u00f3 contra la barb\u00e0rie masclista. L&#8217;\u00e0rea d&#8217;Igualtat provincial repartir\u00e0 600.000 euros entre els 144 consistoris adherits<\/strong><\/strong><\/h4>\n\n\n\n<h4 class=\"wp-block-heading\"><strong><strong>Entre les novetats en la convocat\u00f2ria de 2022 destaquen les ajudes per a projectes i campanyes contra la prostituci\u00f3 i v\u00edctimes de tracta, aix\u00ed com la formaci\u00f3 per a personal t\u00e8cnic, pol\u00edtic i de serveis socials<\/strong><\/strong><\/h4>\n\n\n\n<p>La comarca de l\u2019Hoya de Bu\u00f1ol-Chiva compta ja amb set ajuntaments en la Xarxa de Municipis Protegits contra la Viol\u00e8ncia de G\u00e8nere de la Diputaci\u00f3 de Val\u00e8ncia, despr\u00e9s de l&#8217;adhesi\u00f3 de Bu\u00f1ol, Godelleta i Macastre. Els tres consistoris han participat en la tercera trobada de la Xarxa, que ha tingut lloc este divendres en la valenciana sala Filmoteca del Rialto, i han pogut recollir la seua placa acreditativa de mans de la responsable provincial d&#8217;Igualtat, Eli Garc\u00eda.<\/p>\n\n\n\n<p>A l&#8217;acte celebrat a Val\u00e8ncia han sigut convidats igualment els ajuntaments de Cheste i Y\u00e1tova, membres fundadors de la Xarxa al novembre de 2018; aix\u00ed com Chiva i Alborache, que es van sumar al novembre de 2020. A la comarca ve\u00efna del Valle de Ayora, la capital Ayora es mant\u00e9 com a \u00fanic municipi representant en la Xarxa, de la qual \u00e9s membre fundador.<\/p>\n\n\n\n<p>La responsable d&#8217;Igualtat, Eli Garc\u00eda, ha donat la benvinguda als nous membres de la plataforma de treball conjunt contra la barb\u00e0rie masclista en la tercera trobada de la Xarxa. La diputada ha recordat que la lluita contra la discriminaci\u00f3 per ra\u00f3 de g\u00e8nere \u00e9s \u201cun eix transversal en la gesti\u00f3 de la Diputaci\u00f3 i apareix en cadascuna de les seues \u00e0rees\u201d, i ha valorat que m\u00e9s de la mitat dels municipis de la prov\u00edncia formen part de la Xarxa. \u201cContinuarem treballant per a sumar a tots els ajuntaments\u201d, ha afegit la titular d&#8217;Igualtat.<\/p>\n\n\n\n<p>Eli Garc\u00eda ha instat els alcaldes, alcaldesses i responsables d&#8217;Igualtat presents en l&#8217;acte a \u201ccontinuar compartint experi\u00e8ncies i projectes que han demostrat la seua efectivitat per a donar la millor resposta possible, des de la base de la prevenci\u00f3 i l&#8217;educaci\u00f3, a una xacra social que lamentablement ens continua recordant cada dia que hem d&#8217;estar alerta per a combatre-la, per a evitar la mort de dones i xiquets innocents a les mans de covards assassins sobre els quals hem de posar el focus\u201d.<\/p>\n\n\n\n<p><strong>33 nous integrants<\/strong><\/p>\n\n\n\n<p>La Diputaci\u00f3 de Val\u00e8ncia incorpora 33 nous ajuntaments a la seua Xarxa de Municipis Protegits contra la Viol\u00e8ncia de G\u00e8nere, que compta ja amb 144 localitats de la prov\u00edncia adherides. Estos consistoris podran sol\u00b7licitar les subvencions per a projectes i campanyes de sensibilitzaci\u00f3 i prevenci\u00f3 de la viol\u00e8ncia masclista que oferix l&#8217;\u00e0rea d&#8217;Igualtat de la Diputaci\u00f3, que enguany ascendixen a 600.000 euros.<\/p>\n\n\n\n<p>Per comarques, La Ribera Alta \u00e9s la que m\u00e9s municipis incorpora al mar\u00e7 de 2022 amb Tur\u00eds, Real, Rafelguaraf, Llombai, Sellent i Benimodo. Li seguixen Requena-Utiel amb l&#8217;adhesi\u00f3 de Fuenterrobles, Venta del Moro, Camporrobles, Sinarcas i Caudete, i la Safor, que amb quatre nous membres se situa entre les comarques amb m\u00e9s ajuntaments en la plataforma provincial. La Vall d&#8217;Albaida continua sent la comarca amb major representaci\u00f3 en la Xarxa, amb 23 consistoris adherits.<\/p>\n\n\n\n<p><strong>Novetats de la convocat\u00f2ria<\/strong><\/p>\n\n\n\n<p>Durant la trobada, la responsable d&#8217;Igualtat ha explicat al personal dels consistoris les novetats de la convocat\u00f2ria d&#8217;ajudes per a 2022, les sol\u00b7licituds de les quals podran presentar els ajuntaments adherits a la Xarxa en el termini de 20 dies des de la seua publicaci\u00f3 en el BOP. Destaquen la subvenci\u00f3 de projectes i campanyes relacionades amb la prevenci\u00f3 del consum de prostituci\u00f3 i suport a les v\u00edctimes de tracta amb finalitats d&#8217;explotaci\u00f3 sexual, aix\u00ed com la formaci\u00f3 especialitzada en viol\u00e8ncia sexual i prevenci\u00f3 de la mateixa dirigida al personal t\u00e8cnic, pol\u00edtic i de l&#8217;\u00e0rea de serveis socials de cada consistori.<\/p>\n\n\n\n<p>Estes l\u00ednies formatives s&#8217;afigen als projectes per a previndre i detectar la viol\u00e8ncia de g\u00e8nere en l&#8217;\u00e0mbit local, la coeducaci\u00f3 dirigida a centres educatius i altres mesures contemplades en els plans d&#8217;igualtat de les corporacions, igual que les campanyes municipals de sensibilitzaci\u00f3, prevenci\u00f3 i lluita contra la xacra masclista a trav\u00e9s de tr\u00edptics, cartells o espais en mitjans audiovisuals, com a promotors o col\u00b7laboradors de les mateixes.<\/p>\n\n\n\n<p>La tercera trobada de la Xarxa de Municipis Protegits contra la Viol\u00e8ncia de G\u00e8nere de la Diputaci\u00f3 ha comptat amb una taula de bones pr\u00e0ctiques locals en la qual han participat els ajuntaments de Castell\u00f3 de Rugat, La Font d&#8217;en Carr\u00f2s, Bonrep\u00f2s i Mirambell i Aldaia. L&#8217;acte ha finalitzat amb la projecci\u00f3 del documental \u2018Patriarcado, el organismo nocivo\u2019, de Teresa Soler i Albert Sanfeliu, en el finan\u00e7ament del qual ha col\u00b7laborat l&#8217;\u00e0rea d&#8217;Igualtat de la Diputaci\u00f3.<\/p>\n","protected":false},"excerpt":{"rendered":"<div class=\"mh-excerpt\">La Hoya de Bu\u00f1ol-Chiva compta ja amb set ajuntaments en esta xarxa de protecci\u00f3 contra la barb\u00e0rie masclista. L&#8217;\u00e0rea d&#8217;Igualtat provincial repartir\u00e0 600.000 euros entre els 144 consistoris adherits Entre les novetats en la convocat\u00f2ria <a class=\"mh-excerpt-more\" href=\"https:\/\/www.tucomarca.com\/wordpress\/segunda\/ca\/bunol-godelleta-i-macastre-se-sumen-a-la-xarxa-de-municipis-contra-la-violencia-de-genere-de-la-diputacio\/\" title=\"Bu\u00f1ol, Godelleta i Macastre se sumen a la Xarxa de Municipis contra la Viol\u00e8ncia de G\u00e8nere de la Diputaci\u00f3\">[+] <\/a><\/div>\n","protected":false},"author":1,"featured_media":153649,"comment_status":"open","ping_status":"open","sticky":false,"template":"","format":"standard","meta":{"footnotes":""},"categories":[10911,10977,10948,10894,10904,10912,10978,10947,10896],"tags":[10913,11246,11087,10914,11144],"class_list":{"0":"post-153651","1":"post","2":"type-post","3":"status-publish","4":"format-standard","5":"has-post-thumbnail","7":"category-bunol-ca","8":"category-godelleta-ca","9":"category-infraestructuras-ca","10":"category-la-comarca-ca","11":"category-sin-categorizar-ca","12":"category-la-hoya-ca","13":"category-macastre-ca","14":"category-politica","15":"category-seccion-ca","16":"tag-bunol-ca","17":"tag-diputacio-de-valencia-ca","18":"tag-godelleta-ca","19":"tag-la-hoya-de-bunol-chiva-ca","20":"tag-macastre-ca"},"_links":{"self":[{"href":"https:\/\/www.tucomarca.com\/wordpress\/segunda\/ca\/wp-json\/wp\/v2\/posts\/153651","targetHints":{"allow":["GET"]}}],"collection":[{"href":"https:\/\/www.tucomarca.com\/wordpress\/segunda\/ca\/wp-json\/wp\/v2\/posts"}],"about":[{"href":"https:\/\/www.tucomarca.com\/wordpress\/segunda\/ca\/wp-json\/wp\/v2\/types\/post"}],"author":[{"embeddable":true,"href":"https:\/\/www.tucomarca.com\/wordpress\/segunda\/ca\/wp-json\/wp\/v2\/users\/1"}],"replies":[{"embeddable":true,"href":"https:\/\/www.tucomarca.com\/wordpress\/segunda\/ca\/wp-json\/wp\/v2\/comments?post=153651"}],"version-history":[{"count":0,"href":"https:\/\/www.tucomarca.com\/wordpress\/segunda\/ca\/wp-json\/wp\/v2\/posts\/153651\/revisions"}],"wp:featuredmedia":[{"embeddable":true,"href":"https:\/\/www.tucomarca.com\/wordpress\/segunda\/ca\/wp-json\/wp\/v2\/media\/153649"}],"wp:attachment":[{"href":"https:\/\/www.tucomarca.com\/wordpress\/segunda\/ca\/wp-json\/wp\/v2\/media?parent=153651"}],"wp:term":[{"taxonomy":"category","embeddable":true,"href":"https:\/\/www.tucomarca.com\/wordpress\/segunda\/ca\/wp-json\/wp\/v2\/categories?post=153651"},{"taxonomy":"post_tag","embeddable":true,"href":"https:\/\/www.tucomarca.com\/wordpress\/segunda\/ca\/wp-json\/wp\/v2\/tags?post=153651"}],"curies":[{"name":"wp","href":"https:\/\/api.w.org\/{rel}","templated":true}]}}