{"id":153673,"date":"2022-04-02T20:30:00","date_gmt":"2022-04-02T18:30:00","guid":{"rendered":"http:\/\/www.tucomarca.com\/wordpress\/segunda\/?p=153673"},"modified":"2022-04-03T11:56:38","modified_gmt":"2022-04-03T09:56:38","slug":"lescriptor-i-investigador-jose-luis-martinez-martinez-nou-cronista-oficial-dutiel","status":"publish","type":"post","link":"https:\/\/www.tucomarca.com\/wordpress\/segunda\/ca\/lescriptor-i-investigador-jose-luis-martinez-martinez-nou-cronista-oficial-dutiel\/","title":{"rendered":"L&#8217;escriptor i investigador Jos\u00e9 Luis Mart\u00ednez Mart\u00ednez, nou Cronista Oficial d&#8217;Utiel"},"content":{"rendered":"\n<p>En l&#8217;\u00faltima sessi\u00f3 ordin\u00e0ria de ple de l&#8217;Ajuntament d&#8217;Utiel es va aprovar per unanimitat el seu nomenament com a cronista oficial del municipi. Pr\u00f2ximament se celebrar\u00e0 un acte oficial per a atorgar-li aquesta distinci\u00f3.<\/p>\n\n\n\n<p>Sr. Jos\u00e9 Luis Mart\u00ednez Mart\u00ednez, escriptor i investigador utielano reconegut per la seua \u00e0mplia contribuci\u00f3 i dedicaci\u00f3 a l&#8217;estudi de la hist\u00f2ria, cultura i tradicions del municipi, ser\u00e0 el nou Cronista Oficial d&#8217;Utiel despr\u00e9s d&#8217;aprovar-se ahir el seu nomenament en sessi\u00f3 plen\u00e0ria.&nbsp;<\/p>\n\n\n\n<p>Pr\u00f2ximament se celebrar\u00e0 un acte p\u00fablic per a atorgar-li aquesta distinci\u00f3 i formalitzar-se aix\u00ed l&#8217;inici de les funcions del seu c\u00e0rrec com a cronista.<\/p>\n\n\n\n<p>Despr\u00e9s de la defunci\u00f3 al setembre de 2019 de l&#8217;historiador Sr. Miguel Cremades Mart\u00ednez, Cronista Oficial d&#8217;Utiel, aquesta figura havia quedat vacant. Per aquest motiu, la regidoria de Cultura va considerar oport\u00fa iniciar el proc\u00e9s per a la designaci\u00f3 d&#8217;aquest c\u00e0rrec honor\u00edfic segons estableix el Reglament d&#8217;Honors, Distincions i Protocol de l&#8217;Ajuntament d&#8217;Utiel, proposant com a candidat a l&#8217;investigador utielano Sr. Jos\u00e9 Luis Mart\u00ednez Mart\u00ednez.<\/p>\n\n\n\n<p>Una proposta avalada per la seua dilatada traject\u00f2ria en la realitzaci\u00f3 d&#8217;investigacions i publicacions relacionades amb la hist\u00f2ria i cultura utielana amb les quals ha nodrit de manera evident la bibliografia relacionada amb Utiel durant m\u00e9s de 40 anys.<\/p>\n\n\n\n<p>El mes de setembre passat, la Comissi\u00f3 Sectorial de Cultura, en la qual estan representats els diferents partits pol\u00edtics de l&#8217;Ajuntament, aix\u00ed com diverses entitats culturals, van considerar, per unanimitat, donar suport a aquesta candidatura. A partir d&#8217;aquest moment, es va iniciar l&#8217;expedient per a sol\u00b7licitar el nomenament de Sr. Jos\u00e9 Luis Mart\u00ednez Mart\u00ednez com a Cronista Oficial d&#8217;Utiel comptant amb l&#8217;aval d&#8217;un ampli nombre d&#8217;associacions utielanas.&nbsp;<\/p>\n\n\n\n<p>Les nombroses adhesions rebudes per al seu nomenament com a cronista oficial posen en relleu l&#8217;estret vincle, col\u00b7laboraci\u00f3 i implicaci\u00f3 que l&#8217;estudi\u00f3s utielano mant\u00e9 amb les entitats del municipi.<\/p>\n\n\n\n<p>Una candidatura que tamb\u00e9 van donar suport als seus hom\u00f2legs, els Cronistes Oficials de Fuenterrobles, Requena i Venta del Moro en considerar a Jos\u00e9 Luis Mart\u00ednez Mart\u00ednez com la persona id\u00f2nia per a exercir el lloc i les funcions de Cronista Oficial d&#8217;Utiel.&nbsp;<\/p>\n\n\n\n<p>C\u00e0rrec de Cronista Oficial<\/p>\n\n\n\n<p>Tal com indica el reglament, el c\u00e0rrec de Cronista Oficial ser\u00e0 honor\u00edfic, vitalici i sense honoraris i per a exercir-ho el titular haur\u00e0 d&#8217;estar en possessi\u00f3 de, almenys, un<br>grau universitari o equivalent. Per al seu nomenament, a m\u00e9s de l&#8217;adequada formaci\u00f3 human\u00edstica, la persona candidata haur\u00e0 d&#8217;acreditar la realitzaci\u00f3 de publicacions i investigacions relacionades amb la hist\u00f2ria i la cultura d&#8217;Utiel.&nbsp;<\/p>\n\n\n\n<p>L&#8217;ampli curr\u00edculum del utielano, Sr. Jose Luis Mart\u00ednez Mart\u00ednez posa en relleu la idone\u00eftat per a ostentar aquest c\u00e0rrec honor\u00edfic. Diplomat en magisteri, va exercir la seua labor com a docent i va continuar amb la divulgaci\u00f3 de la cultura del municipi des de diferents vessants.&nbsp;<\/p>\n\n\n\n<p>Va ser regidor de Cultura del primer ajuntament democr\u00e0tic i des de llavors, les seues investigacions, publicacions i participacions en multitud d&#8217;actes culturals li han configurat com un pivot cultural local de gran rellev\u00e0ncia.<\/p>\n\n\n\n<p>Curriculum vitae Sr. Jos\u00e9 Luis Mart\u00ednez Mart\u00ednez<\/p>\n\n\n\n<p>D. Jos\u00e9 Luis Mart\u00ednez Mart\u00ednez, va n\u00e0ixer a Utiel el 20 d&#8217;abril de 1951. Va cursar els seus estudis b\u00e0sics i despr\u00e9s superiors en el Col\u00b7legi Beat G\u00e1lvez d&#8217;Utiel, obtenint la Diplomatura de Magisteri (Maestro de Primer Ensenyament) en 1971.<\/p>\n\n\n\n<p>Va passar a exercir la seua labor com a docent durant diversos anys per a posteriorment dedicar la seua activitat professional a l&#8217;agricultura, atenent la seua hisenda familiar fins a l&#8217;edat de la seua jubilaci\u00f3.<\/p>\n\n\n\n<p>Va ser edil del primer ajuntament democr\u00e0tic ostentant la cartera de cultura. La seua participaci\u00f3 activa en l&#8217;\u00e0mbit cultural del municipi, aix\u00ed com la seua contribuci\u00f3 a la investigaci\u00f3 i divulgaci\u00f3 hist\u00f2rica d&#8217;Utiel queda corroborada a trav\u00e9s de les nombroses publicacions, pon\u00e8ncies i estudis realitzats.&nbsp;<\/p>\n\n\n\n<p>\u201cEls cellers subterranis de la Vila d&#8217;Utiel\u201d Ed. Utiel 2018; \u201cAlgunes not\u00edcies sobre la III Guerra Carlista a Utiel i comarca\u201d Ed. Utiel 2019 i \u201cUtiel 1936-1939\u201d Ed. Utiel 2020 s\u00f3n les seues \u00faltimes aportacions bibliogr\u00e0fiques a la hist\u00f2ria d&#8217;Utiel.<\/p>\n\n\n\n<p>Tamb\u00e9 ha destacat la seua participaci\u00f3 en revistes i peri\u00f2dics. Com a corresponsal del diari Levante-EMV a Utiel i amb nombrosos articles en els peri\u00f2dics comarcals &#8220;La Terra. A l&#8217;Oest de Val\u00e8ncia\u201d i \u201cEl peri\u00f2dic del Magre&#8221; aix\u00ed com en el quadern cultural \u201cUtielan\u00edas\u201d, en la revista \u201cOleana\u201d i en el Butllet\u00ed d&#8217;Informaci\u00f3 Municipal d&#8217;Utiel.<\/p>\n\n\n\n<p>Cal destacar tamb\u00e9 la seua visi\u00f3 altruista i filantr\u00f2pica ja que tant en els Museus d&#8217;Utiel com de Requena hi ha peces donades de la seua propietat que mostren la seua important labor com a col\u00b7leccionista acostant la hist\u00f2ria a la ciutadania. La seua \u00faltima contribuci\u00f3, la cessi\u00f3 de peces de terrisseria i tinajer\u00eda utielana per a l&#8217;exposici\u00f3 realitzada a la Casa Alamanz\u00f3n.<\/p>\n\n\n\n<p><\/p>\n","protected":false},"excerpt":{"rendered":"<div class=\"mh-excerpt\">En l&#8217;\u00faltima sessi\u00f3 ordin\u00e0ria de ple de l&#8217;Ajuntament d&#8217;Utiel es va aprovar per unanimitat el seu nomenament com a cronista oficial del municipi. Pr\u00f2ximament se celebrar\u00e0 un acte oficial per a atorgar-li aquesta distinci\u00f3. Sr. <a class=\"mh-excerpt-more\" href=\"https:\/\/www.tucomarca.com\/wordpress\/segunda\/ca\/lescriptor-i-investigador-jose-luis-martinez-martinez-nou-cronista-oficial-dutiel\/\" title=\"L&#8217;escriptor i investigador Jos\u00e9 Luis Mart\u00ednez Mart\u00ednez, nou Cronista Oficial d&#8217;Utiel\">[+] <\/a><\/div>\n","protected":false},"author":12,"featured_media":153672,"comment_status":"open","ping_status":"open","sticky":false,"template":"","format":"standard","meta":{"footnotes":""},"categories":[10894,10909,10896,11059],"tags":[16761,10910,11174],"class_list":{"0":"post-153673","1":"post","2":"type-post","3":"status-publish","4":"format-standard","5":"has-post-thumbnail","7":"category-la-comarca-ca","8":"category-requena-utiel-ca","9":"category-seccion-ca","10":"category-utiel-ca","11":"tag-cronista-oficial-de-utiel-ca","12":"tag-requena-utiel-ca","13":"tag-utiel-ca"},"_links":{"self":[{"href":"https:\/\/www.tucomarca.com\/wordpress\/segunda\/ca\/wp-json\/wp\/v2\/posts\/153673","targetHints":{"allow":["GET"]}}],"collection":[{"href":"https:\/\/www.tucomarca.com\/wordpress\/segunda\/ca\/wp-json\/wp\/v2\/posts"}],"about":[{"href":"https:\/\/www.tucomarca.com\/wordpress\/segunda\/ca\/wp-json\/wp\/v2\/types\/post"}],"author":[{"embeddable":true,"href":"https:\/\/www.tucomarca.com\/wordpress\/segunda\/ca\/wp-json\/wp\/v2\/users\/12"}],"replies":[{"embeddable":true,"href":"https:\/\/www.tucomarca.com\/wordpress\/segunda\/ca\/wp-json\/wp\/v2\/comments?post=153673"}],"version-history":[{"count":0,"href":"https:\/\/www.tucomarca.com\/wordpress\/segunda\/ca\/wp-json\/wp\/v2\/posts\/153673\/revisions"}],"wp:featuredmedia":[{"embeddable":true,"href":"https:\/\/www.tucomarca.com\/wordpress\/segunda\/ca\/wp-json\/wp\/v2\/media\/153672"}],"wp:attachment":[{"href":"https:\/\/www.tucomarca.com\/wordpress\/segunda\/ca\/wp-json\/wp\/v2\/media?parent=153673"}],"wp:term":[{"taxonomy":"category","embeddable":true,"href":"https:\/\/www.tucomarca.com\/wordpress\/segunda\/ca\/wp-json\/wp\/v2\/categories?post=153673"},{"taxonomy":"post_tag","embeddable":true,"href":"https:\/\/www.tucomarca.com\/wordpress\/segunda\/ca\/wp-json\/wp\/v2\/tags?post=153673"}],"curies":[{"name":"wp","href":"https:\/\/api.w.org\/{rel}","templated":true}]}}