{"id":153844,"date":"2022-04-04T13:30:00","date_gmt":"2022-04-04T11:30:00","guid":{"rendered":"http:\/\/www.tucomarca.com\/wordpress\/segunda\/?p=153844"},"modified":"2022-04-04T19:06:15","modified_gmt":"2022-04-04T17:06:15","slug":"compromis-urgeix-a-la-resta-de-forces-i-administracions-a-incorporar-en-els-proxims-pressupostos-generals-la-solucio-per-al-barranc-de-la-casella-a-alzira","status":"publish","type":"post","link":"https:\/\/www.tucomarca.com\/wordpress\/segunda\/ca\/compromis-urgeix-a-la-resta-de-forces-i-administracions-a-incorporar-en-els-proxims-pressupostos-generals-la-solucio-per-al-barranc-de-la-casella-a-alzira\/","title":{"rendered":"Comprom\u00eds urgeix a la resta de forces i administracions a incorporar en els pr\u00f2xims pressupostos generals la soluci\u00f3 per al barranc de la Casella a Alzira"},"content":{"rendered":"\n<h4 class=\"wp-block-heading\">Mulet redoblar\u00e0 la pressi\u00f3 en les Corts Generals perqu\u00e8 la Confederaci\u00f3 actue d&#8217;una vegada per a garantir la seguretat i erradicar els riscos per als ve\u00efns\u00a0<\/h4>\n\n\n\n<p>El senador de Comprom\u00eds,\u00a0Carles Mulet, despr\u00e9s de visitar el barranc de la Casella al costat de l&#8217;alcalde de la localitat, Diego G\u00f3mez i representants de la federaci\u00f3 d&#8217;associacions de ve\u00efns d&#8217;Alzira, que redoblar\u00e0 la pressi\u00f3 per a tractar de recuperar en els Pressupostos Generals de l&#8217;Estat una partida suficient perqu\u00e8 la Confederaci\u00f3 Hidrogr\u00e0fica del X\u00faquer actue sobre el punt en el qual el barranc pateix un escanyament i posa en escac la tranquil\u00b7litat dels ve\u00efns en els casos de crescudes de l&#8217;aigua que transporta.\u00a0\u00a0\u00a0<\/p>\n\n\n\n<p>Aix\u00ed Mulet ha recordat com l&#8217;esmena als comptes incorporada a petici\u00f3 de la federaci\u00f3 ve\u00efnal i de l&#8217;alcalde, que es va tractar d&#8217;incorporar en la fase del Senat per a ampliar el barranc de la Casella i reordenar la conflu\u00e8ncia de la CV-50 amb la CV-41, no va tenir el suport de la resta de les forces i no va poder garantir fons per a aquesta reivindicada actuaci\u00f3.&nbsp;<\/p>\n\n\n\n<p>&#8220;La nostra obligaci\u00f3 \u00e9s reclamar fons per a aquesta actuaci\u00f3, perqu\u00e8 l&#8217;actual situaci\u00f3 no pot seguir aix\u00ed m\u00e9s temps. Vam mostrar tot el nostre suport a les autoritats locals i entitats ve\u00efnals en aquesta reclamaci\u00f3 i farem tot el possible per aconseguir un canvi de rumb en una actuaci\u00f3 que ha sigut oblidada pels \u00faltims governs que hi ha hagut en l&#8217;Estat&#8221;, ha assenyalat el senador.<\/p>\n","protected":false},"excerpt":{"rendered":"<div class=\"mh-excerpt\">Mulet redoblar\u00e0 la pressi\u00f3 en les Corts Generals perqu\u00e8 la Confederaci\u00f3 actue d&#8217;una vegada per a garantir la seguretat i erradicar els riscos per als ve\u00efns\u00a0 El senador de Comprom\u00eds,\u00a0Carles Mulet, despr\u00e9s de visitar el <a class=\"mh-excerpt-more\" href=\"https:\/\/www.tucomarca.com\/wordpress\/segunda\/ca\/compromis-urgeix-a-la-resta-de-forces-i-administracions-a-incorporar-en-els-proxims-pressupostos-generals-la-solucio-per-al-barranc-de-la-casella-a-alzira\/\" title=\"Comprom\u00eds urgeix a la resta de forces i administracions a incorporar en els pr\u00f2xims pressupostos generals la soluci\u00f3 per al barranc de la Casella a Alzira\">[+] <\/a><\/div>\n","protected":false},"author":1,"featured_media":153841,"comment_status":"open","ping_status":"open","sticky":false,"template":"","format":"standard","meta":{"footnotes":""},"categories":[10889,10948,10894,10904,10902,10903,10947,10896],"tags":[11192,11077],"class_list":{"0":"post-153844","1":"post","2":"type-post","3":"status-publish","4":"format-standard","5":"has-post-thumbnail","7":"category-alzira-cat","8":"category-infraestructuras-ca","9":"category-la-comarca-ca","10":"category-sin-categorizar-ca","11":"category-la-ribera-ca","12":"category-medio-ambiente-la-comarca-ca","13":"category-politica","14":"category-seccion-ca","15":"tag-alzira-ca","16":"tag-la-ribera-alta-ca"},"_links":{"self":[{"href":"https:\/\/www.tucomarca.com\/wordpress\/segunda\/ca\/wp-json\/wp\/v2\/posts\/153844","targetHints":{"allow":["GET"]}}],"collection":[{"href":"https:\/\/www.tucomarca.com\/wordpress\/segunda\/ca\/wp-json\/wp\/v2\/posts"}],"about":[{"href":"https:\/\/www.tucomarca.com\/wordpress\/segunda\/ca\/wp-json\/wp\/v2\/types\/post"}],"author":[{"embeddable":true,"href":"https:\/\/www.tucomarca.com\/wordpress\/segunda\/ca\/wp-json\/wp\/v2\/users\/1"}],"replies":[{"embeddable":true,"href":"https:\/\/www.tucomarca.com\/wordpress\/segunda\/ca\/wp-json\/wp\/v2\/comments?post=153844"}],"version-history":[{"count":0,"href":"https:\/\/www.tucomarca.com\/wordpress\/segunda\/ca\/wp-json\/wp\/v2\/posts\/153844\/revisions"}],"wp:featuredmedia":[{"embeddable":true,"href":"https:\/\/www.tucomarca.com\/wordpress\/segunda\/ca\/wp-json\/wp\/v2\/media\/153841"}],"wp:attachment":[{"href":"https:\/\/www.tucomarca.com\/wordpress\/segunda\/ca\/wp-json\/wp\/v2\/media?parent=153844"}],"wp:term":[{"taxonomy":"category","embeddable":true,"href":"https:\/\/www.tucomarca.com\/wordpress\/segunda\/ca\/wp-json\/wp\/v2\/categories?post=153844"},{"taxonomy":"post_tag","embeddable":true,"href":"https:\/\/www.tucomarca.com\/wordpress\/segunda\/ca\/wp-json\/wp\/v2\/tags?post=153844"}],"curies":[{"name":"wp","href":"https:\/\/api.w.org\/{rel}","templated":true}]}}