{"id":154960,"date":"2022-04-18T13:00:00","date_gmt":"2022-04-18T11:00:00","guid":{"rendered":"http:\/\/www.tucomarca.com\/wordpress\/segunda\/?p=154960"},"modified":"2022-04-18T15:37:33","modified_gmt":"2022-04-18T13:37:33","slug":"video-bunol-vuelve-a-comerse-la-mona-en-el-paraje-del-roquillo-dos-anos-despues-del-inicio-de-la-pandemia","status":"publish","type":"post","link":"https:\/\/www.tucomarca.com\/wordpress\/segunda\/ca\/video-bunol-vuelve-a-comerse-la-mona-en-el-paraje-del-roquillo-dos-anos-despues-del-inicio-de-la-pandemia\/","title":{"rendered":"V\u00eddeo: Bunyol torna a menjar-se la &#8220;mona&#8221; en el paratge del Roquillo dos anys despr\u00e9s de l&#8217;inici de la pand\u00e8mia"},"content":{"rendered":"\n<figure class=\"wp-block-embed is-type-video is-provider-youtube wp-block-embed-youtube wp-embed-aspect-16-9 wp-has-aspect-ratio\"><div class=\"wp-block-embed__wrapper\">\n<iframe loading=\"lazy\" title=\"Bu\u00f1ol vuelve a comerse la &quot;mona&quot; en el paraje del Roquillo dos a\u00f1os despu\u00e9s de iniciarse la pandemia\" width=\"500\" height=\"281\" src=\"https:\/\/www.youtube.com\/embed\/DDxBvGNoKmo?feature=oembed\" frameborder=\"0\" allow=\"accelerometer; autoplay; clipboard-write; encrypted-media; gyroscope; picture-in-picture; web-share\" referrerpolicy=\"strict-origin-when-cross-origin\" allowfullscreen><\/iframe>\n<\/div><\/figure>\n\n\n\n<p>Els &#8220;pascueros&#8221; i &#8220;pascueras&#8221; de Bunyol han tornat a menjar-se aquest Diumenge de Pasqua la tradicional &#8220;mona&#8221; en el caracter\u00edstic paratge del Roquillo, at\u00e9s que les restriccions per la pand\u00e8mia de covid-19 havien impedit la visita a aquest t\u00edpic paratge bunyolense durant els dos \u00faltims anys. Aix\u00ed aquest diumenge han sigut moltes les quadrilles de Pasqua que s&#8217;han acostat fins a la font, una de les tradicions m\u00e9s arrelades en la localitat, com ho testifica aquest v\u00eddeo elaborat per <strong>tucomarca televisi\u00f3<\/strong>.<\/p>\n","protected":false},"excerpt":{"rendered":"<div class=\"mh-excerpt\">Els &#8220;pascueros&#8221; i &#8220;pascueras&#8221; de Bunyol han tornat a menjar-se aquest Diumenge de Pasqua la tradicional &#8220;mona&#8221; en el caracter\u00edstic paratge del Roquillo, at\u00e9s que les restriccions per la pand\u00e8mia de covid-19 havien impedit la <a class=\"mh-excerpt-more\" href=\"https:\/\/www.tucomarca.com\/wordpress\/segunda\/ca\/video-bunol-vuelve-a-comerse-la-mona-en-el-paraje-del-roquillo-dos-anos-despues-del-inicio-de-la-pandemia\/\" title=\"V\u00eddeo: Bunyol torna a menjar-se la &#8220;mona&#8221; en el paratge del Roquillo dos anys despr\u00e9s de l&#8217;inici de la pand\u00e8mia\">[+] <\/a><\/div>\n","protected":false},"author":1,"featured_media":154957,"comment_status":"open","ping_status":"open","sticky":false,"template":"","format":"video","meta":{"footnotes":""},"categories":[10911,10898,10894,10904,10912,11004,11007,11008,10896,11062],"tags":[10913,10914,11994,16913,11989],"class_list":{"0":"post-154960","1":"post","2":"type-post","3":"status-publish","4":"format-video","5":"has-post-thumbnail","7":"category-bunol-ca","8":"category-ventana-ca","9":"category-la-comarca-ca","10":"category-sin-categorizar-ca","11":"category-la-hoya-ca","12":"category-la-semana-en-imagenes-ca","13":"category-ocio-y-cultura-ca","14":"category-pueblos-en-fiestas-ca","15":"category-seccion-ca","16":"category-videos","17":"tag-bunol-ca","18":"tag-la-hoya-de-bunol-chiva-ca","19":"tag-pascuas-ca","20":"tag-roquillo-ca","21":"tag-semana-santa-y-pascua-ca","22":"post_format-post-format-video"},"_links":{"self":[{"href":"https:\/\/www.tucomarca.com\/wordpress\/segunda\/ca\/wp-json\/wp\/v2\/posts\/154960","targetHints":{"allow":["GET"]}}],"collection":[{"href":"https:\/\/www.tucomarca.com\/wordpress\/segunda\/ca\/wp-json\/wp\/v2\/posts"}],"about":[{"href":"https:\/\/www.tucomarca.com\/wordpress\/segunda\/ca\/wp-json\/wp\/v2\/types\/post"}],"author":[{"embeddable":true,"href":"https:\/\/www.tucomarca.com\/wordpress\/segunda\/ca\/wp-json\/wp\/v2\/users\/1"}],"replies":[{"embeddable":true,"href":"https:\/\/www.tucomarca.com\/wordpress\/segunda\/ca\/wp-json\/wp\/v2\/comments?post=154960"}],"version-history":[{"count":0,"href":"https:\/\/www.tucomarca.com\/wordpress\/segunda\/ca\/wp-json\/wp\/v2\/posts\/154960\/revisions"}],"wp:featuredmedia":[{"embeddable":true,"href":"https:\/\/www.tucomarca.com\/wordpress\/segunda\/ca\/wp-json\/wp\/v2\/media\/154957"}],"wp:attachment":[{"href":"https:\/\/www.tucomarca.com\/wordpress\/segunda\/ca\/wp-json\/wp\/v2\/media?parent=154960"}],"wp:term":[{"taxonomy":"category","embeddable":true,"href":"https:\/\/www.tucomarca.com\/wordpress\/segunda\/ca\/wp-json\/wp\/v2\/categories?post=154960"},{"taxonomy":"post_tag","embeddable":true,"href":"https:\/\/www.tucomarca.com\/wordpress\/segunda\/ca\/wp-json\/wp\/v2\/tags?post=154960"}],"curies":[{"name":"wp","href":"https:\/\/api.w.org\/{rel}","templated":true}]}}