{"id":155499,"date":"2022-04-26T09:00:00","date_gmt":"2022-04-26T07:00:00","guid":{"rendered":"http:\/\/www.tucomarca.com\/wordpress\/segunda\/?p=155499"},"modified":"2022-04-26T13:19:56","modified_gmt":"2022-04-26T11:19:56","slug":"64-alumnes-del-pais-valencia-arriben-a-la-final-del-concurs-literari-amic-ficcions","status":"publish","type":"post","link":"https:\/\/www.tucomarca.com\/wordpress\/segunda\/ca\/64-alumnes-del-pais-valencia-arriben-a-la-final-del-concurs-literari-amic-ficcions\/","title":{"rendered":"64 alumnes del Pa\u00eds Valenci\u00e0 arriben a la final del concurs literari AMIC-Ficcions"},"content":{"rendered":"\n<h4 class=\"wp-block-heading\">Un total de 793 alumnes inscrits de 53 centres educatius han participat en l\u2019edici\u00f3 d\u2019enguany, augmentant un 50 % la participaci\u00f3 respecte a la 13a edici\u00f3<\/h4>\n\n\n\n<p>La catorzena edici\u00f3 del concurs literari AMIC-Ficcions ha presentat ja el seu llistat de finalistes. De les m\u00e9s de 1.780 hist\u00f2ries publicades que es van pujar durant el termini del concurs, el jurat, format per persones vinculades al m\u00f3n literari i de l\u2019educaci\u00f3, ha seleccionat&nbsp;<strong>41 relats de 64 joves<\/strong>&nbsp;del Pa\u00eds Valenci\u00e0, dels quals 15 relats s\u00f3n d\u2019Alacant,&nbsp; 14 de Castell\u00f3 i 12 de Val\u00e8ncia, d\u2019entre els 793 alumnes de 53 centres educatius que s\u2019han presentat en aquest territori.<\/p>\n\n\n\n<p>En total, s\u2019han seleccionat&nbsp;<strong>200 grups finalistes<\/strong>: 121 de Catalunya i Catalunya del Nord (181 joves), 41 del Pa\u00eds Valenci\u00e0 (64 nois i noies), 33 de les Illes Balears (53 alumnes),&nbsp; 5 grups d\u2019Arag\u00f3 (11 alumnes).<\/p>\n\n\n\n<p>El concurs literari juvenil&nbsp;<strong><em>AMIC-Ficcions, l\u2019aventura de crear hist\u00f2ries<\/em><\/strong>, va tancar la tretzena edici\u00f3 el passat 28 de mar\u00e7 amb una&nbsp;<strong>participaci\u00f3 de 4.493 alumnes<\/strong>&nbsp;registrats de&nbsp;<strong>284 centres educatius<\/strong>&nbsp;diferents. Aquests joves, d\u2019entre 14 i 18 anys, provenen de Catalunya (3.102), Pa\u00eds Valenci\u00e0 (793), les Illes Balears (463), Arag\u00f3 (110) i Catalunya del Nord (25).<\/p>\n\n\n\n<p>Aquesta activitat de foment de l\u2019escriptura i la lectura en catal\u00e0 entre els joves a trav\u00e9s de la xarxa torna a comptar amb el suport de la Fundaci\u00f3 Carulla, Editorial Barcino i la Direcci\u00f3 General de Pol\u00edtica Ling\u00fc\u00edstica de la Generalitat Valenciana.<\/p>\n\n\n\n<p>Per tal de cobrir tot el territori, el concurs AMIC-Ficcions ha organitzat cinc actes de lliuraments de premis a Menorca, Eivissa, Mallorca i Val\u00e8ncia, les dates dels quals s\u2019anunciaran pr\u00f2ximament. I, finalment, se celebrar\u00e0 la gran final a Barcelona el dijous 26 de maig al CaixaForum Barcelona que es troba a Av. Francesc Ferrer i Gu\u00e0rdia, 6-8 de Barcelona.<\/p>\n\n\n\n<p>Els premis de l\u2019edici\u00f3 d\u2019enguany s\u00f3n: iPhone, PlayStation, iPad, Smartphone i auriculars sense fils. Tamb\u00e9 es premiaran als professors m\u00e9s motivadors dels diferents territoris que m\u00e9s alumnes hagin presentat al concurs i, entre els quals, m\u00e9s relats hagin arribat a la final. Entre els premis al professorat per prov\u00edncies sortir\u00e0 el Premi al Professor m\u00e9s motivador de cada territori, el qual estar\u00e0 guardonat amb una estada per a dues persones de dos dies amb sopar o esmorzar incl\u00f2s.<\/p>\n\n\n\n<p><strong>Organitza AMIC, comprom\u00eds amb l\u2019educaci\u00f3<\/strong><br>L\u2019AMIC, Associaci\u00f3 de Mitjans d\u2019Informaci\u00f3 i Comunicaci\u00f3, representa a m\u00e9s de quatre-centes setanta publicacions en paper i digitals fortament arrelades arreu del nostre \u00e0mbit territorial, que conjuntament arriben a una tirada en premsa escrita en paper d\u20191.200.000 exemplars, mentre que en digital superen els 14.000.000 d\u2019usuaris \u00fanics mensuals.<\/p>\n\n\n\n<p>L\u2019Associaci\u00f3 vol donar continu\u00eftat i potenciar aquesta iniciativa a la xarxa que compta amb un gran \u00e8xit de participaci\u00f3 dels joves i que t\u00e9 la voluntat de promoure la creaci\u00f3 liter\u00e0ria, perqu\u00e8 forma part del seu comprom\u00eds amb l\u2019educaci\u00f3, la joventut i la creaci\u00f3.<\/p>\n\n\n\n<p><strong>Llistat de finalistes del Pa\u00eds Valenci\u00e0 (64 finalistes\/ 41 grups)<\/strong><\/p>\n\n\n\n<p><strong>Alacant (20 finalistes de 15 grups):&nbsp;<\/strong><\/p>\n\n\n\n<ul class=\"wp-block-list\"><li>Grup&nbsp;<a href=\"https:\/\/media.us3.list-manage.com\/track\/click?u=c4ef13387c009aaa323be2e7e&amp;id=9cb24d90d4&amp;e=84b158443c\">_naidie_<\/a>&nbsp;de l\u2019IES Cayetano Sempre d\u2019Elx<\/li><li>Grup&nbsp;<a href=\"https:\/\/media.us3.list-manage.com\/track\/click?u=c4ef13387c009aaa323be2e7e&amp;id=17fee99388&amp;e=84b158443c\">Albert i Hugo<\/a>&nbsp;de l\u2019IES Cayetano Sempere d\u2019Elx<\/li><li>Grup&nbsp;<a href=\"https:\/\/media.us3.list-manage.com\/track\/click?u=c4ef13387c009aaa323be2e7e&amp;id=75f9ab76ef&amp;e=84b158443c\">AminAA<\/a>&nbsp;&nbsp;de l\u2019IES Las Lomas d\u2019Alacant<\/li><li>Grup&nbsp;<a href=\"https:\/\/media.us3.list-manage.com\/track\/click?u=c4ef13387c009aaa323be2e7e&amp;id=85cba3994e&amp;e=84b158443c\">Idaira<\/a>&nbsp;&nbsp;de l\u2019IES Cayetano Sempere d\u2019Elx<\/li><li>Grup&nbsp;<a href=\"https:\/\/media.us3.list-manage.com\/track\/click?u=c4ef13387c009aaa323be2e7e&amp;id=605a3f15cb&amp;e=84b158443c\">jeessica.gm<\/a>&nbsp;de l\u2019IES Las Lomas d\u2019Alacant<\/li><li>Grup&nbsp;<a href=\"https:\/\/media.us3.list-manage.com\/track\/click?u=c4ef13387c009aaa323be2e7e&amp;id=fb7bf7e4d6&amp;e=84b158443c\">LlaumeIkinnies<\/a>&nbsp;&nbsp;de l\u2019IES Misteri d\u2019Elx<\/li><li>Grup&nbsp;<a href=\"https:\/\/media.us3.list-manage.com\/track\/click?u=c4ef13387c009aaa323be2e7e&amp;id=d09cbaa802&amp;e=84b158443c\">Lola i C\u00e9sar<\/a>&nbsp;de l\u2019IES Cayetano Sempere d\u2019Elx<\/li><li>Grup&nbsp;<a href=\"https:\/\/media.us3.list-manage.com\/track\/click?u=c4ef13387c009aaa323be2e7e&amp;id=668fa29faa&amp;e=84b158443c\">marinamillanxixona<\/a>&nbsp;de l\u2019IES de Xixona<\/li><li>Grup&nbsp;<a href=\"https:\/\/media.us3.list-manage.com\/track\/click?u=c4ef13387c009aaa323be2e7e&amp;id=d878239ed8&amp;e=84b158443c\">Mario Cutillas<\/a>&nbsp;de l\u2019IES Jaime de Sant-\u00c1ngel de Redov\u00e1n<\/li><li>Grup&nbsp;<a href=\"https:\/\/media.us3.list-manage.com\/track\/click?u=c4ef13387c009aaa323be2e7e&amp;id=9a08d0aacc&amp;e=84b158443c\">Nevado y Nugget<\/a>&nbsp;de l\u2019IES Cayetano Sempere d\u2019Elx<\/li><li>Grup&nbsp;<a href=\"https:\/\/media.us3.list-manage.com\/track\/click?u=c4ef13387c009aaa323be2e7e&amp;id=2fb61e1777&amp;e=84b158443c\" target=\"_blank\" rel=\"noreferrer noopener\"><u>nicolasmonfort<\/u><\/a>&nbsp;del Centre Privat La Salle d\u2019Alcoi<\/li><li>Grup&nbsp;<a href=\"https:\/\/media.us3.list-manage.com\/track\/click?u=c4ef13387c009aaa323be2e7e&amp;id=f00c696d21&amp;e=84b158443c\">nievesfenoll<\/a>&nbsp;del Centre Privat San Jos\u00e9 Artesano d\u2019Elx<\/li><li>Grup&nbsp;<a href=\"https:\/\/media.us3.list-manage.com\/track\/click?u=c4ef13387c009aaa323be2e7e&amp;id=05a45d9a9a&amp;e=84b158443c\">Pau Giner<\/a>&nbsp;del Centre Privat La Salle d\u2019Alcoi<\/li><li>Grup&nbsp;<a href=\"https:\/\/media.us3.list-manage.com\/track\/click?u=c4ef13387c009aaa323be2e7e&amp;id=462efe6a7a&amp;e=84b158443c\">Pedri x Gavi x Nico<\/a>&nbsp;de l\u2019IES Cayetano Sempere d\u2019Elx<\/li><li>Grup&nbsp;<a href=\"https:\/\/media.us3.list-manage.com\/track\/click?u=c4ef13387c009aaa323be2e7e&amp;id=83d3547475&amp;e=84b158443c\">veronica<\/a>&nbsp;de l\u2019IES Torrellano d\u2019Elx-Torrellano<\/li><\/ul>\n\n\n\n<p><strong>Castell\u00f3 (22 finalistes de 14 grups):&nbsp;<\/strong><\/p>\n\n\n\n<ul class=\"wp-block-list\"><li>Grup&nbsp;<a href=\"https:\/\/media.us3.list-manage.com\/track\/click?u=c4ef13387c009aaa323be2e7e&amp;id=e5b49b1ec1&amp;e=84b158443c\">Aintzane Soriano&nbsp;<\/a>&nbsp;del Centre Privat La Salle de Benicarl\u00f3<\/li><li>Grup&nbsp;<a href=\"https:\/\/media.us3.list-manage.com\/track\/click?u=c4ef13387c009aaa323be2e7e&amp;id=8557eee0d9&amp;e=84b158443c\">aroadelsan<\/a>&nbsp;del Centre Privat La Salle de Benicarl\u00f3<\/li><li>Grup&nbsp;<a href=\"https:\/\/media.us3.list-manage.com\/track\/click?u=c4ef13387c009aaa323be2e7e&amp;id=19f090c95d&amp;e=84b158443c\">Carla \ud83d\ude42<\/a>&nbsp;del Centre Privat Nuestra Se\u00f1ora de la Consolaci\u00f3n de Vinar\u00f2s<\/li><li>Grup&nbsp;<a href=\"https:\/\/media.us3.list-manage.com\/track\/click?u=c4ef13387c009aaa323be2e7e&amp;id=ad282bd5d2&amp;e=84b158443c\">Carlestoltes<\/a>&nbsp;del Centre Privat La Magdalena de Castell\u00f3 de la Plana<\/li><li>Grup&nbsp;<a href=\"https:\/\/media.us3.list-manage.com\/track\/click?u=c4ef13387c009aaa323be2e7e&amp;id=9a66dd230e&amp;e=84b158443c\">Els gripaus reials<\/a>&nbsp;de l\u2019IES Jos\u00e9 Vilaplana de Vinar\u00f2s<\/li><li>Grup&nbsp;<a href=\"https:\/\/media.us3.list-manage.com\/track\/click?u=c4ef13387c009aaa323be2e7e&amp;id=4312366a25&amp;e=84b158443c\">emartsam<\/a>&nbsp;del&nbsp; Centre Privat La Magdalena de Castell\u00f3 de la Plana<\/li><li>Grup&nbsp;<a href=\"https:\/\/media.us3.list-manage.com\/track\/click?u=c4ef13387c009aaa323be2e7e&amp;id=c4a699a827&amp;e=84b158443c\">JoanCorral<\/a>&nbsp;de l\u2019IES Ram\u00f3n Cid de Benicarl\u00f3<\/li><li>Grup&nbsp;<a href=\"https:\/\/media.us3.list-manage.com\/track\/click?u=c4ef13387c009aaa323be2e7e&amp;id=e902732d0d&amp;e=84b158443c\">Laia Monsalve&nbsp;<\/a>de l\u2019IES Alfred Ayza de Pen\u00edscola<\/li><li>Grup&nbsp;<a href=\"https:\/\/media.us3.list-manage.com\/track\/click?u=c4ef13387c009aaa323be2e7e&amp;id=1537e642d5&amp;e=84b158443c\">marinabuenoiborra<\/a>&nbsp;del Centre Privat La Salle de Benicarl\u00f3<\/li><li>Grup&nbsp;<a href=\"https:\/\/media.us3.list-manage.com\/track\/click?u=c4ef13387c009aaa323be2e7e&amp;id=30d97a5419&amp;e=84b158443c\">NAS<\/a>&nbsp;del Centre Privat Nuestra Se\u00f1ora de la Consolaci\u00f3n de Vinar\u00f2s<\/li><li>Grup&nbsp;<a href=\"https:\/\/media.us3.list-manage.com\/track\/click?u=c4ef13387c009aaa323be2e7e&amp;id=e96b32fd4d&amp;e=84b158443c\" target=\"_blank\" rel=\"noreferrer noopener\"><u>Paula Artesero<\/u><\/a>&nbsp;del Centre Privat La Salle de Benicarl\u00f3<\/li><li>Grup&nbsp;<a href=\"https:\/\/media.us3.list-manage.com\/track\/click?u=c4ef13387c009aaa323be2e7e&amp;id=63889630cd&amp;e=84b158443c\">Pilar Vg<\/a>&nbsp;de l\u2019IES Vicent Sos Baynat de Castell\u00f3 de la Plana<\/li><li>Grup&nbsp;<a href=\"https:\/\/media.us3.list-manage.com\/track\/click?u=c4ef13387c009aaa323be2e7e&amp;id=59fa6cbeb2&amp;e=84b158443c\">Pluma<\/a>&nbsp;de l\u2019IES Ram\u00f3n Cid de Benicarl\u00f3<\/li><li>Grup&nbsp;<a href=\"https:\/\/media.us3.list-manage.com\/track\/click?u=c4ef13387c009aaa323be2e7e&amp;id=0b3f70c05a&amp;e=84b158443c\">sandra2007<\/a>&nbsp;del Centre Privat La Magdalena de Castell\u00f3 de la Plana<\/li><\/ul>\n\n\n\n<p><strong>Val\u00e8ncia (22 finalistes de 12 grups):&nbsp;<\/strong><\/p>\n\n\n\n<ul class=\"wp-block-list\"><li>Grup&nbsp;<a href=\"https:\/\/media.us3.list-manage.com\/track\/click?u=c4ef13387c009aaa323be2e7e&amp;id=a7a623066e&amp;e=84b158443c\">Aina i Marina<\/a>&nbsp;de l\u2019IES Enric Soler i Godes de Benifai\u00f3<\/li><li>Grup&nbsp;&nbsp;<a href=\"https:\/\/media.us3.list-manage.com\/track\/click?u=c4ef13387c009aaa323be2e7e&amp;id=f4a8edde1a&amp;e=84b158443c\">Ana Garc\u00eda Mayals<\/a>&nbsp;del Centre Privat San Jos\u00e9 de Calasanz de Val\u00e8ncia<\/li><li>Grup&nbsp;<a href=\"https:\/\/media.us3.list-manage.com\/track\/click?u=c4ef13387c009aaa323be2e7e&amp;id=8d8b4de4a5&amp;e=84b158443c\">ANN<\/a>&nbsp;del Centre Privat Sant Antoni Abat de Canals<\/li><li>Grup&nbsp;<a href=\"https:\/\/media.us3.list-manage.com\/track\/click?u=c4ef13387c009aaa323be2e7e&amp;id=0422437faa&amp;e=84b158443c\">ariancla<\/a>&nbsp;del Centre Privat San Jos\u00e9 de Calasanz de Val\u00e8ncia<\/li><li>Grup&nbsp;<a href=\"https:\/\/media.us3.list-manage.com\/track\/click?u=c4ef13387c009aaa323be2e7e&amp;id=0b803a2d41&amp;e=84b158443c\">claudiaycarmensjc<\/a>&nbsp;del Centre Privat San Jos\u00e9 de Calasanz de Val\u00e8ncia<\/li><li>Grup&nbsp;<a href=\"https:\/\/media.us3.list-manage.com\/track\/click?u=c4ef13387c009aaa323be2e7e&amp;id=49e702637f&amp;e=84b158443c\">Diego Almagro<\/a>&nbsp;del Centre Privat Gen\u00e7ana de Godella<\/li><li>Grup&nbsp;<a href=\"https:\/\/media.us3.list-manage.com\/track\/click?u=c4ef13387c009aaa323be2e7e&amp;id=5ddba31d6c&amp;e=84b158443c\">Inefables<\/a>&nbsp;del Centre Privat Julio Verne de Torrent&nbsp;<\/li><li>Grup&nbsp;<a href=\"https:\/\/media.us3.list-manage.com\/track\/click?u=c4ef13387c009aaa323be2e7e&amp;id=c162b4e57b&amp;e=84b158443c\">Isi<\/a>&nbsp;del Centre Privat Gen\u00e7ana de Godella<\/li><li>Grup&nbsp;<a href=\"https:\/\/media.us3.list-manage.com\/track\/click?u=c4ef13387c009aaa323be2e7e&amp;id=c7d1e3103d&amp;e=84b158443c\">juanlucas<\/a>&nbsp;del Centre Privat Gen\u00e7ana de Godella<\/li><li>Grup&nbsp;<a href=\"https:\/\/media.us3.list-manage.com\/track\/click?u=c4ef13387c009aaa323be2e7e&amp;id=fb1a5540d2&amp;e=84b158443c\">luspar<\/a>&nbsp;del Centre Privat San Jos\u00e9 de Calasanz<\/li><li>Grup&nbsp;<a href=\"https:\/\/media.us3.list-manage.com\/track\/click?u=c4ef13387c009aaa323be2e7e&amp;id=e4f0e21ae8&amp;e=84b158443c\">Nat\u00e0lia<\/a>&nbsp;de la Secci\u00f3 de l\u2019IES de Massamagrell a Museros de Museros<\/li><li>Grup&nbsp;<a href=\"https:\/\/media.us3.list-manage.com\/track\/click?u=c4ef13387c009aaa323be2e7e&amp;id=3070933b09&amp;e=84b158443c\">yellowsubmarine<\/a>&nbsp;de l\u2019IES Jaume II El Just de Tavernes de la Valldigna<\/li><\/ul>\n","protected":false},"excerpt":{"rendered":"<div class=\"mh-excerpt\">Un total de 793 alumnes inscrits de 53 centres educatius han participat en l\u2019edici\u00f3 d\u2019enguany, augmentant un 50 % la participaci\u00f3 respecte a la 13a edici\u00f3 La catorzena edici\u00f3 del concurs literari AMIC-Ficcions ha presentat <a class=\"mh-excerpt-more\" href=\"https:\/\/www.tucomarca.com\/wordpress\/segunda\/ca\/64-alumnes-del-pais-valencia-arriben-a-la-final-del-concurs-literari-amic-ficcions\/\" title=\"64 alumnes del Pa\u00eds Valenci\u00e0 arriben a la final del concurs literari AMIC-Ficcions\">[+] <\/a><\/div>\n","protected":false},"author":12,"featured_media":155498,"comment_status":"open","ping_status":"open","sticky":false,"template":"","format":"standard","meta":{"footnotes":""},"categories":[10894,10904,11007,10896],"tags":[13092,16260,13094,16962],"class_list":{"0":"post-155499","1":"post","2":"type-post","3":"status-publish","4":"format-standard","5":"has-post-thumbnail","7":"category-la-comarca-ca","8":"category-sin-categorizar-ca","9":"category-ocio-y-cultura-ca","10":"category-seccion-ca","11":"tag-amic-ficcions-ca","12":"tag-associacio-de-mitjans-dinformacio-i-comunicacio-ca","13":"tag-concurs-literari","14":"tag-joventut-i-creacio-literaria-ca"},"_links":{"self":[{"href":"https:\/\/www.tucomarca.com\/wordpress\/segunda\/ca\/wp-json\/wp\/v2\/posts\/155499","targetHints":{"allow":["GET"]}}],"collection":[{"href":"https:\/\/www.tucomarca.com\/wordpress\/segunda\/ca\/wp-json\/wp\/v2\/posts"}],"about":[{"href":"https:\/\/www.tucomarca.com\/wordpress\/segunda\/ca\/wp-json\/wp\/v2\/types\/post"}],"author":[{"embeddable":true,"href":"https:\/\/www.tucomarca.com\/wordpress\/segunda\/ca\/wp-json\/wp\/v2\/users\/12"}],"replies":[{"embeddable":true,"href":"https:\/\/www.tucomarca.com\/wordpress\/segunda\/ca\/wp-json\/wp\/v2\/comments?post=155499"}],"version-history":[{"count":0,"href":"https:\/\/www.tucomarca.com\/wordpress\/segunda\/ca\/wp-json\/wp\/v2\/posts\/155499\/revisions"}],"wp:featuredmedia":[{"embeddable":true,"href":"https:\/\/www.tucomarca.com\/wordpress\/segunda\/ca\/wp-json\/wp\/v2\/media\/155498"}],"wp:attachment":[{"href":"https:\/\/www.tucomarca.com\/wordpress\/segunda\/ca\/wp-json\/wp\/v2\/media?parent=155499"}],"wp:term":[{"taxonomy":"category","embeddable":true,"href":"https:\/\/www.tucomarca.com\/wordpress\/segunda\/ca\/wp-json\/wp\/v2\/categories?post=155499"},{"taxonomy":"post_tag","embeddable":true,"href":"https:\/\/www.tucomarca.com\/wordpress\/segunda\/ca\/wp-json\/wp\/v2\/tags?post=155499"}],"curies":[{"name":"wp","href":"https:\/\/api.w.org\/{rel}","templated":true}]}}