{"id":155679,"date":"2022-04-27T12:30:00","date_gmt":"2022-04-27T10:30:00","guid":{"rendered":"http:\/\/www.tucomarca.com\/wordpress\/segunda\/?p=155679"},"modified":"2022-04-27T12:33:27","modified_gmt":"2022-04-27T10:33:27","slug":"esquerra-republicana-i-compromis-demanen-el-tancament-i-desmantellament-de-la-central-nuclear-de-cofrents","status":"publish","type":"post","link":"https:\/\/www.tucomarca.com\/wordpress\/segunda\/ca\/esquerra-republicana-i-compromis-demanen-el-tancament-i-desmantellament-de-la-central-nuclear-de-cofrents\/","title":{"rendered":"Esquerra Republicana i Comprom\u00eds demanen el tancament i desmantellament de la central nuclear de Cofrents"},"content":{"rendered":"\n<p>La iniciativa presentada demana una comissi\u00f3 d&#8217;investigaci\u00f3 per elaborar un informe de l&#8217;accident del 24 d&#8217;abril de 2022, el m\u00e9s greu registrat.\u00a0<br>El grup d&#8217;Esquerra Republicana\u2013EH Bildu, juntament amb Comprom\u00eds, han registrat avui, dimecres 27 d&#8217;abril de 2022, una moci\u00f3 al Senat on demanen, entre altres coses, el tancament i desmantellament de la central nuclear de Cofrents, situada a l&#8217;interior del Pa\u00eds Valenci\u00e0, a la comarca de la Vall de Cofrents-Aiora. <\/p>\n\n\n\n<p>Ambos grups han decidit tornar a insistir amb aquesta demanda despr\u00e9s que la central hagi patit tres parades no programades en l&#8217;\u00faltim mes i mig, aix\u00ed com diverses fugues.&nbsp;<\/p>\n\n\n\n<p>Malgrat que des del 2017 ja han estat presentades diverses reivindicacions en aquest mateix sentit tant a les Corts Valencianes, ajuntaments com al Congr\u00e9s, totes elles rebutjades, els republicans critiquen que el Ministeri per a la Transici\u00f3 Ecol\u00f2gica aprov\u00e9s el 18 de mar\u00e7 de 2022 renovar l&#8217;autoritzaci\u00f3 d&#8217;explotaci\u00f3 de la central nuclear de Cofrents, fins al 30 de novembre de 2030, tot despr\u00e9s de 8 accidents durant el 2021 i diverses parades no programades el 2022.&nbsp;<\/p>\n\n\n\n<p>&#8220;Les instal\u00b7lacions de la central estan obsoletes i deteriorades, aix\u00f2 augmenta el risc de patir accidents&#8221;,\u00a0ha explicat la senadora republicana, Elisenda P\u00e9rez. A m\u00e9s, la vida \u00fatil d&#8217;una central nuclear, normalment, oscil\u00b7la entre els 25 i 30 anys, i Cofrents ha superat els 35 anys, &#8220;per tant, supera amb creus la mitja d&#8217;una central d&#8217;aquestes caracter\u00edstiques&#8221;.\u00a0<\/p>\n\n\n\n<p>En la moci\u00f3, Esquerra Republicana i Comprom\u00eds han incl\u00f2s 14 demandes, entre les quals es troben impulsar la creaci\u00f3 d&#8217;una comissi\u00f3 d&#8217;investigaci\u00f3 que s&#8217;encarregui d&#8217;elaborar un informe detallat de l&#8217;\u00faltim accident produ\u00eft el passat diumenge 24 d&#8217;abril. A m\u00e9s, de realitzar les inversions corresponents per a convertir la central nuclear en un centre de Recerca per al Canvi Clim\u00e0tic i ind\u00fastries relacionades amb l&#8217;energia sostenible.&nbsp;<br>Tamb\u00e9 exigeixen elaborar, en coordinaci\u00f3 amb la Generalitat Valenciana, un Pla d&#8217;Acci\u00f3 contra la despoblaci\u00f3 i per la reactivaci\u00f3 econ\u00f2mica per a l&#8217;\u00e0rea d&#8217;influ\u00e8ncia de la CNC, amb la intenci\u00f3 d&#8217;evitar els possibles efectes negatius del seu tancament, aix\u00ed com, incloure l\u00ednies pressupost\u00e0ries espec\u00edfiques i estudiar l&#8217;aplicaci\u00f3 de fons europeus i programes de finan\u00e7ament del Banc Europeu d&#8217;Inversi\u00f3 per al foment de l&#8217;emprenedoria com a alternativa a la transici\u00f3 energ\u00e8tica de la comarca de la Vall d&#8217;Aiora.&nbsp;<\/p>\n\n\n\n<p>Els republicans han decidit presentar aquesta moci\u00f3 davant l&#8217;abs\u00e8ncia de la ministra de Transici\u00f3 Ecol\u00f2gica a les \u00faltimes sessions de control de la cambra alta, on la senadora republicana Elisenda P\u00e9rez tenia previst pregunta per aquesta mateixa q\u00fcesti\u00f3, &#8220;\u00e9s intolerable que faci setmanes que la titular de Transici\u00f3 Ecol\u00f2gica no aparegui pel Senat.&nbsp;L&#8217;estat de la Central de Cofrents \u00e9s molt preocupant i posa en perill un di\u00e0metre de m\u00e9s de 60 km&#8221;, ha lamentat P\u00e9rez.<\/p>\n","protected":false},"excerpt":{"rendered":"<div class=\"mh-excerpt\">La iniciativa presentada demana una comissi\u00f3 d&#8217;investigaci\u00f3 per elaborar un informe de l&#8217;accident del 24 d&#8217;abril de 2022, el m\u00e9s greu registrat.\u00a0El grup d&#8217;Esquerra Republicana\u2013EH Bildu, juntament amb Comprom\u00eds, han registrat avui, dimecres 27 d&#8217;abril <a class=\"mh-excerpt-more\" href=\"https:\/\/www.tucomarca.com\/wordpress\/segunda\/ca\/esquerra-republicana-i-compromis-demanen-el-tancament-i-desmantellament-de-la-central-nuclear-de-cofrents\/\" title=\"Esquerra Republicana i Comprom\u00eds demanen el tancament i desmantellament de la central nuclear de Cofrents\">[+] <\/a><\/div>\n","protected":false},"author":1,"featured_media":155677,"comment_status":"open","ping_status":"open","sticky":false,"template":"","format":"standard","meta":{"footnotes":""},"categories":[10951,10955,10898,10948,10894,10904,10903,10947,10896,10897],"tags":[11216,12446,11480,11519],"class_list":{"0":"post-155679","1":"post","2":"type-post","3":"status-publish","4":"format-standard","5":"has-post-thumbnail","7":"category-ayora-cofrentes-ca","8":"category-cofrentes-ca","9":"category-ventana-ca","10":"category-infraestructuras-ca","11":"category-la-comarca-ca","12":"category-sin-categorizar-ca","13":"category-medio-ambiente-la-comarca-ca","14":"category-politica","15":"category-seccion-ca","16":"category-sucesos-la-comarca-ca","17":"tag-ayora-cofrentes-ca","18":"tag-central-nuclear-ca","19":"tag-cofrentes-ca","20":"tag-compromis-ca"},"_links":{"self":[{"href":"https:\/\/www.tucomarca.com\/wordpress\/segunda\/ca\/wp-json\/wp\/v2\/posts\/155679","targetHints":{"allow":["GET"]}}],"collection":[{"href":"https:\/\/www.tucomarca.com\/wordpress\/segunda\/ca\/wp-json\/wp\/v2\/posts"}],"about":[{"href":"https:\/\/www.tucomarca.com\/wordpress\/segunda\/ca\/wp-json\/wp\/v2\/types\/post"}],"author":[{"embeddable":true,"href":"https:\/\/www.tucomarca.com\/wordpress\/segunda\/ca\/wp-json\/wp\/v2\/users\/1"}],"replies":[{"embeddable":true,"href":"https:\/\/www.tucomarca.com\/wordpress\/segunda\/ca\/wp-json\/wp\/v2\/comments?post=155679"}],"version-history":[{"count":0,"href":"https:\/\/www.tucomarca.com\/wordpress\/segunda\/ca\/wp-json\/wp\/v2\/posts\/155679\/revisions"}],"wp:featuredmedia":[{"embeddable":true,"href":"https:\/\/www.tucomarca.com\/wordpress\/segunda\/ca\/wp-json\/wp\/v2\/media\/155677"}],"wp:attachment":[{"href":"https:\/\/www.tucomarca.com\/wordpress\/segunda\/ca\/wp-json\/wp\/v2\/media?parent=155679"}],"wp:term":[{"taxonomy":"category","embeddable":true,"href":"https:\/\/www.tucomarca.com\/wordpress\/segunda\/ca\/wp-json\/wp\/v2\/categories?post=155679"},{"taxonomy":"post_tag","embeddable":true,"href":"https:\/\/www.tucomarca.com\/wordpress\/segunda\/ca\/wp-json\/wp\/v2\/tags?post=155679"}],"curies":[{"name":"wp","href":"https:\/\/api.w.org\/{rel}","templated":true}]}}