{"id":155708,"date":"2022-04-27T18:00:00","date_gmt":"2022-04-27T16:00:00","guid":{"rendered":"http:\/\/www.tucomarca.com\/wordpress\/segunda\/?p=155708"},"modified":"2022-04-27T19:28:58","modified_gmt":"2022-04-27T17:28:58","slug":"el-prya-denuncia-el-mal-estat-del-carrero-del-segura-i-el-centre-historic-de-la-vila-de-requena","status":"publish","type":"post","link":"https:\/\/www.tucomarca.com\/wordpress\/segunda\/ca\/el-prya-denuncia-el-mal-estat-del-carrero-del-segura-i-el-centre-historic-de-la-vila-de-requena\/","title":{"rendered":"El PRyA den\u00fancia el &#8220;mal estat&#8221; del Carrer\u00f3 del Segura i el centre hist\u00f2ric de la Vila de Requena"},"content":{"rendered":"\n<p>&#8220;El centre hist\u00f2ric de la Vila continua deteriorant-se davant la inacci\u00f3 del govern socialista de Mario S\u00e1nchez, el qual roman impassible mentre perdem el patrimoni dels requenenses&#8221;, segons afirmen des del PRyA.<\/p>\n\n\n\n<p>Aquesta vegada, des del Partit de Requena i Llogarets volen &#8220;denunciar una altra ensulsiada m\u00e9s en el solar, habilitat com a p\u00e0rquing de titularitat municipal, en el Carrer\u00f3 del Segura. Des de la nostra formaci\u00f3 no podem entendre com es pot tindre gran part del patrimoni hist\u00f2ric en unes condicions tan lamentables, alguna cosa que provoca un mal progressiu i irreversible en el nostre conjunt hist\u00f2ric de la Vila&#8221;.<\/p>\n\n\n\n<p>&#8220;Un clar exemple d&#8217;aquesta degradaci\u00f3 \u00e9s el citat Carrer\u00f3 del Segura, en el qual s&#8217;al\u00e7aven diverses cases antigues que va haver d&#8217;afonar per la seua progressiva deterioraci\u00f3, i sobre el qual el llavors govern socialista es va comprometre a la reconstrucci\u00f3 en aqueix espai amb habitatges protegits que respectaren la singularitat del centre hist\u00f2ric. Una altra promesa incomplida del PSOE que ha provocat m\u00e9s degradaci\u00f3 en La Vila&#8221;, asseguren.<\/p>\n\n\n\n<p>Des del Partit de Requena i Llogarets exigeixen &#8220;al govern socialista de Mario S\u00e1nchez que assegure i rehabilite el Carrer\u00f3 del Segura per a evitar continuar perdent el patrimoni hist\u00f2ric de tots els requenenses. Des de la nostra formaci\u00f3 ens comprometem a vetlar per la protecci\u00f3 de tot el patrimoni municipal per a evitar la seua p\u00e8rdua per la inacci\u00f3 del govern socialista de Mario S\u00e1nchez&#8221;.<\/p>\n","protected":false},"excerpt":{"rendered":"<div class=\"mh-excerpt\">&#8220;El centre hist\u00f2ric de la Vila continua deteriorant-se davant la inacci\u00f3 del govern socialista de Mario S\u00e1nchez, el qual roman impassible mentre perdem el patrimoni dels requenenses&#8221;, segons afirmen des del PRyA. Aquesta vegada, des <a class=\"mh-excerpt-more\" href=\"https:\/\/www.tucomarca.com\/wordpress\/segunda\/ca\/el-prya-denuncia-el-mal-estat-del-carrero-del-segura-i-el-centre-historic-de-la-vila-de-requena\/\" title=\"El PRyA den\u00fancia el &#8220;mal estat&#8221; del Carrer\u00f3 del Segura i el centre hist\u00f2ric de la Vila de Requena\">[+] <\/a><\/div>\n","protected":false},"author":1,"featured_media":155706,"comment_status":"open","ping_status":"open","sticky":false,"template":"","format":"standard","meta":{"footnotes":""},"categories":[10948,10894,10947,10908,10909,10896],"tags":[12796,11099,10910],"class_list":{"0":"post-155708","1":"post","2":"type-post","3":"status-publish","4":"format-standard","5":"has-post-thumbnail","7":"category-infraestructuras-ca","8":"category-la-comarca-ca","9":"category-politica","10":"category-requena-ca","11":"category-requena-utiel-ca","12":"category-seccion-ca","13":"tag-prya-ca","14":"tag-requena-ca","15":"tag-requena-utiel-ca"},"_links":{"self":[{"href":"https:\/\/www.tucomarca.com\/wordpress\/segunda\/ca\/wp-json\/wp\/v2\/posts\/155708","targetHints":{"allow":["GET"]}}],"collection":[{"href":"https:\/\/www.tucomarca.com\/wordpress\/segunda\/ca\/wp-json\/wp\/v2\/posts"}],"about":[{"href":"https:\/\/www.tucomarca.com\/wordpress\/segunda\/ca\/wp-json\/wp\/v2\/types\/post"}],"author":[{"embeddable":true,"href":"https:\/\/www.tucomarca.com\/wordpress\/segunda\/ca\/wp-json\/wp\/v2\/users\/1"}],"replies":[{"embeddable":true,"href":"https:\/\/www.tucomarca.com\/wordpress\/segunda\/ca\/wp-json\/wp\/v2\/comments?post=155708"}],"version-history":[{"count":0,"href":"https:\/\/www.tucomarca.com\/wordpress\/segunda\/ca\/wp-json\/wp\/v2\/posts\/155708\/revisions"}],"wp:featuredmedia":[{"embeddable":true,"href":"https:\/\/www.tucomarca.com\/wordpress\/segunda\/ca\/wp-json\/wp\/v2\/media\/155706"}],"wp:attachment":[{"href":"https:\/\/www.tucomarca.com\/wordpress\/segunda\/ca\/wp-json\/wp\/v2\/media?parent=155708"}],"wp:term":[{"taxonomy":"category","embeddable":true,"href":"https:\/\/www.tucomarca.com\/wordpress\/segunda\/ca\/wp-json\/wp\/v2\/categories?post=155708"},{"taxonomy":"post_tag","embeddable":true,"href":"https:\/\/www.tucomarca.com\/wordpress\/segunda\/ca\/wp-json\/wp\/v2\/tags?post=155708"}],"curies":[{"name":"wp","href":"https:\/\/api.w.org\/{rel}","templated":true}]}}