{"id":155824,"date":"2022-04-28T13:00:00","date_gmt":"2022-04-28T11:00:00","guid":{"rendered":"http:\/\/www.tucomarca.com\/wordpress\/segunda\/?p=155824"},"modified":"2022-04-28T22:58:25","modified_gmt":"2022-04-28T20:58:25","slug":"montserrat-marti-caballe-actua-a-alboraig-en-la-gala-lirica-homenatge-a-don-jose-maria-cervera-lloret","status":"publish","type":"post","link":"https:\/\/www.tucomarca.com\/wordpress\/segunda\/ca\/montserrat-marti-caballe-actua-a-alboraig-en-la-gala-lirica-homenatge-a-don-jose-maria-cervera-lloret\/","title":{"rendered":"Montserrat Mart\u00ed Caball\u00e9 actua a Alboraig en la Gala L\u00edrica Homenatge a Don Jos\u00e9 Mar\u00eda Cervera Lloret"},"content":{"rendered":"\n<p>Dissabte que ve 30 d&#8217;abril tindr\u00e0 lloc la Gala L\u00edrica Homenatge a D. Jos\u00e9 Mar\u00eda Cervera Lloret a l&#8217;Auditori Municipal d&#8217;Alboraig. Un concert on D. Francisco Melero dirigir\u00e0 a l&#8217;Orquestra Filharm\u00f2nica de Requena, i en el qual participen el tenor Javier Palacios i la soprano Montserrat Mart\u00ed Caball\u00e9.<\/p>\n\n\n\n<p>La gal\u00b7la homenatge a D. Jos\u00e9 Mar\u00eda Cervera Lloret (compositor, m\u00fasic, pedagog de la m\u00fasica i fill predilecte d&#8217;Alboraig) tindr\u00e0 lloc a les 18.00 de la vesprada a l&#8217;Auditori Municipal, Jos\u00e9 Mar\u00eda Cervera Collado.<\/p>\n\n\n\n<p>Es tracta, per tant, d&#8217;una cita ineludible per als amants de la m\u00fasica en general, i d&#8217;aquest estil en particular. En un escenari \u00fanic i amb un ambient m\u00e0gic es donaran cita dues de les veus l\u00edriques amb m\u00e9s renom del nostre pa\u00eds, acompanyades per una filharm\u00f2nica que far\u00e0 les del\u00edcies dels assistents, musicalment parlant.<\/p>\n\n\n\n<p><\/p>\n","protected":false},"excerpt":{"rendered":"<div class=\"mh-excerpt\">Dissabte que ve 30 d&#8217;abril tindr\u00e0 lloc la Gala L\u00edrica Homenatge a D. Jos\u00e9 Mar\u00eda Cervera Lloret a l&#8217;Auditori Municipal d&#8217;Alboraig. Un concert on D. Francisco Melero dirigir\u00e0 a l&#8217;Orquestra Filharm\u00f2nica de Requena, i en <a class=\"mh-excerpt-more\" href=\"https:\/\/www.tucomarca.com\/wordpress\/segunda\/ca\/montserrat-marti-caballe-actua-a-alboraig-en-la-gala-lirica-homenatge-a-don-jose-maria-cervera-lloret\/\" title=\"Montserrat Mart\u00ed Caball\u00e9 actua a Alboraig en la Gala L\u00edrica Homenatge a Don Jos\u00e9 Mar\u00eda Cervera Lloret\">[+] <\/a><\/div>\n","protected":false},"author":12,"featured_media":155390,"comment_status":"open","ping_status":"open","sticky":false,"template":"","format":"standard","meta":{"footnotes":""},"categories":[11019,10973,11005,10894,10912,11007,10896],"tags":[11224,14108,16952,14046,10914],"class_list":{"0":"post-155824","1":"post","2":"type-post","3":"status-publish","4":"format-standard","5":"has-post-thumbnail","7":"category-agenda-ca","8":"category-alborache-ca","9":"category-canal-musica","10":"category-la-comarca-ca","11":"category-la-hoya-ca","12":"category-ocio-y-cultura-ca","13":"category-seccion-ca","14":"tag-alborache-ca","15":"tag-don-jose-maria-cervera-lloret-ca","16":"tag-gala-lirica-ca","17":"tag-homenaje-ca","18":"tag-la-hoya-de-bunol-chiva-ca"},"_links":{"self":[{"href":"https:\/\/www.tucomarca.com\/wordpress\/segunda\/ca\/wp-json\/wp\/v2\/posts\/155824","targetHints":{"allow":["GET"]}}],"collection":[{"href":"https:\/\/www.tucomarca.com\/wordpress\/segunda\/ca\/wp-json\/wp\/v2\/posts"}],"about":[{"href":"https:\/\/www.tucomarca.com\/wordpress\/segunda\/ca\/wp-json\/wp\/v2\/types\/post"}],"author":[{"embeddable":true,"href":"https:\/\/www.tucomarca.com\/wordpress\/segunda\/ca\/wp-json\/wp\/v2\/users\/12"}],"replies":[{"embeddable":true,"href":"https:\/\/www.tucomarca.com\/wordpress\/segunda\/ca\/wp-json\/wp\/v2\/comments?post=155824"}],"version-history":[{"count":0,"href":"https:\/\/www.tucomarca.com\/wordpress\/segunda\/ca\/wp-json\/wp\/v2\/posts\/155824\/revisions"}],"wp:featuredmedia":[{"embeddable":true,"href":"https:\/\/www.tucomarca.com\/wordpress\/segunda\/ca\/wp-json\/wp\/v2\/media\/155390"}],"wp:attachment":[{"href":"https:\/\/www.tucomarca.com\/wordpress\/segunda\/ca\/wp-json\/wp\/v2\/media?parent=155824"}],"wp:term":[{"taxonomy":"category","embeddable":true,"href":"https:\/\/www.tucomarca.com\/wordpress\/segunda\/ca\/wp-json\/wp\/v2\/categories?post=155824"},{"taxonomy":"post_tag","embeddable":true,"href":"https:\/\/www.tucomarca.com\/wordpress\/segunda\/ca\/wp-json\/wp\/v2\/tags?post=155824"}],"curies":[{"name":"wp","href":"https:\/\/api.w.org\/{rel}","templated":true}]}}