{"id":156322,"date":"2022-05-05T09:00:00","date_gmt":"2022-05-05T07:00:00","guid":{"rendered":"http:\/\/www.tucomarca.com\/wordpress\/segunda\/?p=156322"},"modified":"2022-05-05T12:59:41","modified_gmt":"2022-05-05T10:59:41","slug":"la-jove-escriptora-bunyolense-silvia-saez-presenta-aquest-diumenge-la-seua-segona-novella-zodiac","status":"publish","type":"post","link":"https:\/\/www.tucomarca.com\/wordpress\/segunda\/ca\/la-jove-escriptora-bunyolense-silvia-saez-presenta-aquest-diumenge-la-seua-segona-novella-zodiac\/","title":{"rendered":"La jove escriptora bunyolense Silvia S\u00e1ez presenta aquest diumenge la seua tercera novel\u00b7la, &#8216;Zodiac&#8217;"},"content":{"rendered":"\n<h4 class=\"wp-block-heading\">La jove escriptora bu\u00f1olense Silvia S\u00e1ez presenta la seua tercera novel\u00b7la, &#8216;Zodiac&#8217;, aquest pr\u00f2xim diumenge, 8 de maig a les 11,00 hores en la XV Fira de Comer\u00e7 i Turisme de Bunyol.\u00a0<\/h4>\n\n\n\n<p>Silvia va presentar al juny de 2019 la seua novel\u00b7la \u00abLa filla de les estreles\u00bb,\u00a0emmarcada en la literatura juvenil, fant\u00e0stica i rom\u00e0ntica amb la qual va arrasar en vendes, amb aquesta nova obra juvenil, tamb\u00e9 amb tints fant\u00e0stics i rom\u00e0ntics, torna al mercat literari.<\/p>\n\n\n\n<p>Amb Zodiac, Silvia trasllada als lectors a una ciutat amb quatre zones diferenciades: Aigua, Foc, Terra i Aire, regides per velles lleis que prohibeixen completament als seus ciutadans relacionar-se. Tota una aventura en la qual els seus protagonistes Maia Lee i Kai Gordon coincidiran, es miraran, connectaran i s&#8217;estimaran, entre moltes m\u00e9s viv\u00e8ncies que els portaran a viure una m\u00e0gica aventura.<\/p>\n\n\n\n<p>La seua autora, Silvia S\u00e1ez, transmet les seues emocions i la seua imaginaci\u00f3 a trav\u00e9s d&#8217;aquests dos joves personatges que no deixaran a ning\u00fa indiferent.<\/p>\n","protected":false},"excerpt":{"rendered":"<div class=\"mh-excerpt\">La jove escriptora bu\u00f1olense Silvia S\u00e1ez presenta la seua tercera novel\u00b7la, &#8216;Zodiac&#8217;, aquest pr\u00f2xim diumenge, 8 de maig a les 11,00 hores en la XV Fira de Comer\u00e7 i Turisme de Bunyol.\u00a0 Silvia va presentar <a class=\"mh-excerpt-more\" href=\"https:\/\/www.tucomarca.com\/wordpress\/segunda\/ca\/la-jove-escriptora-bunyolense-silvia-saez-presenta-aquest-diumenge-la-seua-segona-novella-zodiac\/\" title=\"La jove escriptora bunyolense Silvia S\u00e1ez presenta aquest diumenge la seua tercera novel\u00b7la, &#8216;Zodiac&#8217;\">[+] <\/a><\/div>\n","protected":false},"author":12,"featured_media":156318,"comment_status":"open","ping_status":"open","sticky":false,"template":"","format":"standard","meta":{"footnotes":""},"categories":[11019,10911,10894,10912,11007,10896],"tags":[10913,10914,17033,17034,17035],"class_list":{"0":"post-156322","1":"post","2":"type-post","3":"status-publish","4":"format-standard","5":"has-post-thumbnail","7":"category-agenda-ca","8":"category-bunol-ca","9":"category-la-comarca-ca","10":"category-la-hoya-ca","11":"category-ocio-y-cultura-ca","12":"category-seccion-ca","13":"tag-bunol-ca","14":"tag-la-hoya-de-bunol-chiva-ca","15":"tag-presentacion-libro-ca","16":"tag-silvia-saez-ca","17":"tag-zodiac-ca"},"_links":{"self":[{"href":"https:\/\/www.tucomarca.com\/wordpress\/segunda\/ca\/wp-json\/wp\/v2\/posts\/156322","targetHints":{"allow":["GET"]}}],"collection":[{"href":"https:\/\/www.tucomarca.com\/wordpress\/segunda\/ca\/wp-json\/wp\/v2\/posts"}],"about":[{"href":"https:\/\/www.tucomarca.com\/wordpress\/segunda\/ca\/wp-json\/wp\/v2\/types\/post"}],"author":[{"embeddable":true,"href":"https:\/\/www.tucomarca.com\/wordpress\/segunda\/ca\/wp-json\/wp\/v2\/users\/12"}],"replies":[{"embeddable":true,"href":"https:\/\/www.tucomarca.com\/wordpress\/segunda\/ca\/wp-json\/wp\/v2\/comments?post=156322"}],"version-history":[{"count":0,"href":"https:\/\/www.tucomarca.com\/wordpress\/segunda\/ca\/wp-json\/wp\/v2\/posts\/156322\/revisions"}],"wp:featuredmedia":[{"embeddable":true,"href":"https:\/\/www.tucomarca.com\/wordpress\/segunda\/ca\/wp-json\/wp\/v2\/media\/156318"}],"wp:attachment":[{"href":"https:\/\/www.tucomarca.com\/wordpress\/segunda\/ca\/wp-json\/wp\/v2\/media?parent=156322"}],"wp:term":[{"taxonomy":"category","embeddable":true,"href":"https:\/\/www.tucomarca.com\/wordpress\/segunda\/ca\/wp-json\/wp\/v2\/categories?post=156322"},{"taxonomy":"post_tag","embeddable":true,"href":"https:\/\/www.tucomarca.com\/wordpress\/segunda\/ca\/wp-json\/wp\/v2\/tags?post=156322"}],"curies":[{"name":"wp","href":"https:\/\/api.w.org\/{rel}","templated":true}]}}