{"id":156389,"date":"2022-05-05T08:00:00","date_gmt":"2022-05-05T06:00:00","guid":{"rendered":"http:\/\/www.tucomarca.com\/wordpress\/segunda\/?p=156389"},"modified":"2022-05-05T22:16:41","modified_gmt":"2022-05-05T20:16:41","slug":"el-colom-cody-de-juan-ramon-valero-representara-al-club-interior-de-bunyol-en-el-campionat-nacional-de-coloms-esportius","status":"publish","type":"post","link":"https:\/\/www.tucomarca.com\/wordpress\/segunda\/ca\/el-colom-cody-de-juan-ramon-valero-representara-al-club-interior-de-bunyol-en-el-campionat-nacional-de-coloms-esportius\/","title":{"rendered":"El colom &#8216;Cody&#8217;, de Juan Ram\u00f3n Valero, representar\u00e0 al Club Interior de Bunyol en el Campionat Nacional de Coloms Esportius"},"content":{"rendered":"\n<figure class=\"wp-block-gallery columns-2 is-cropped wp-block-gallery-1 is-layout-flex wp-block-gallery-is-layout-flex\"><ul class=\"blocks-gallery-grid\"><li class=\"blocks-gallery-item\"><figure><img loading=\"lazy\" decoding=\"async\" width=\"1024\" height=\"1017\" src=\"http:\/\/www.tucomarca.com\/wordpress\/segunda\/wp-content\/uploads\/2022\/05\/palomoCODY-1024x1017.jpg\" alt=\"\" data-id=\"156384\" data-full-url=\"http:\/\/www.tucomarca.com\/wordpress\/segunda\/wp-content\/uploads\/2022\/05\/palomoCODY.jpg\" data-link=\"http:\/\/www.tucomarca.com\/wordpress\/segunda\/?attachment_id=156384\" class=\"wp-image-156384\" srcset=\"https:\/\/www.tucomarca.com\/wordpress\/segunda\/wp-content\/uploads\/2022\/05\/palomoCODY-1024x1017.jpg 1024w, https:\/\/www.tucomarca.com\/wordpress\/segunda\/wp-content\/uploads\/2022\/05\/palomoCODY-300x298.jpg 300w, https:\/\/www.tucomarca.com\/wordpress\/segunda\/wp-content\/uploads\/2022\/05\/palomoCODY-768x763.jpg 768w, https:\/\/www.tucomarca.com\/wordpress\/segunda\/wp-content\/uploads\/2022\/05\/palomoCODY.jpg 1080w\" sizes=\"auto, (max-width: 1024px) 100vw, 1024px\" \/><\/figure><\/li><li class=\"blocks-gallery-item\"><figure><img loading=\"lazy\" decoding=\"async\" width=\"1024\" height=\"1024\" src=\"http:\/\/www.tucomarca.com\/wordpress\/segunda\/wp-content\/uploads\/2022\/05\/ColombairesBunol-1024x1024.jpg\" alt=\"\" data-id=\"156382\" data-full-url=\"http:\/\/www.tucomarca.com\/wordpress\/segunda\/wp-content\/uploads\/2022\/05\/ColombairesBunol.jpg\" data-link=\"http:\/\/www.tucomarca.com\/wordpress\/segunda\/?attachment_id=156382\" class=\"wp-image-156382\" srcset=\"https:\/\/www.tucomarca.com\/wordpress\/segunda\/wp-content\/uploads\/2022\/05\/ColombairesBunol-1024x1024.jpg 1024w, https:\/\/www.tucomarca.com\/wordpress\/segunda\/wp-content\/uploads\/2022\/05\/ColombairesBunol-300x300.jpg 300w, https:\/\/www.tucomarca.com\/wordpress\/segunda\/wp-content\/uploads\/2022\/05\/ColombairesBunol-290x290.jpg 290w, https:\/\/www.tucomarca.com\/wordpress\/segunda\/wp-content\/uploads\/2022\/05\/ColombairesBunol-768x768.jpg 768w, https:\/\/www.tucomarca.com\/wordpress\/segunda\/wp-content\/uploads\/2022\/05\/ColombairesBunol.jpg 1080w\" sizes=\"auto, (max-width: 1024px) 100vw, 1024px\" \/><\/figure><\/li><\/ul><\/figure>\n\n\n\n<p>Juan Ram\u00f3n Valero i la Penya Chafer participen de nou enguany en el Campionat d&#8217;Espanya de Coloms Esportius, Copa la seua Majestat el Rei, que se celebrar\u00e0 fins al 28 de maig en la localitat murciana de l&#8217;Algaida, representat al Club Interior de Bunyol.<\/p>\n\n\n\n<p>L&#8217;any passat amb el colom \u00abMicrobi\u00bb ja van aconseguir el 4t lloc en el Campionat Nacional. El colombicultor bu\u00f1olense pertanyent a la Penya Ch\u00e1fer, participar\u00e0 enguany amb el colom \u00abCody\u00bb, que ja \u00e9s veter\u00e0 en aquestes lides, i que l&#8217;any passat ja es va col\u00b7locar entre els quinze primers llocs del nacional.<\/p>\n","protected":false},"excerpt":{"rendered":"<div class=\"mh-excerpt\">Juan Ram\u00f3n Valero i la Penya Chafer participen de nou enguany en el Campionat d&#8217;Espanya de Coloms Esportius, Copa la seua Majestat el Rei, que se celebrar\u00e0 fins al 28 de maig en la localitat <a class=\"mh-excerpt-more\" href=\"https:\/\/www.tucomarca.com\/wordpress\/segunda\/ca\/el-colom-cody-de-juan-ramon-valero-representara-al-club-interior-de-bunyol-en-el-campionat-nacional-de-coloms-esportius\/\" title=\"El colom &#8216;Cody&#8217;, de Juan Ram\u00f3n Valero, representar\u00e0 al Club Interior de Bunyol en el Campionat Nacional de Coloms Esportius\">[+] <\/a><\/div>\n","protected":false},"author":12,"featured_media":156387,"comment_status":"open","ping_status":"open","sticky":false,"template":"","format":"standard","meta":{"footnotes":""},"categories":[10911,11003,10894,10912,11009,10896],"tags":[14665,14984,17048,10914],"class_list":{"0":"post-156389","1":"post","2":"type-post","3":"status-publish","4":"format-standard","5":"has-post-thumbnail","7":"category-bunol-ca","8":"category-sports","9":"category-la-comarca-ca","10":"category-la-hoya-ca","11":"category-polideportivo-ca","12":"category-seccion-ca","13":"tag-campeonato-nacional-de-colombicultura-ca","14":"tag-cody-ca","15":"tag-juan-ramon-valero-ca","16":"tag-la-hoya-de-bunol-chiva-ca"},"_links":{"self":[{"href":"https:\/\/www.tucomarca.com\/wordpress\/segunda\/ca\/wp-json\/wp\/v2\/posts\/156389","targetHints":{"allow":["GET"]}}],"collection":[{"href":"https:\/\/www.tucomarca.com\/wordpress\/segunda\/ca\/wp-json\/wp\/v2\/posts"}],"about":[{"href":"https:\/\/www.tucomarca.com\/wordpress\/segunda\/ca\/wp-json\/wp\/v2\/types\/post"}],"author":[{"embeddable":true,"href":"https:\/\/www.tucomarca.com\/wordpress\/segunda\/ca\/wp-json\/wp\/v2\/users\/12"}],"replies":[{"embeddable":true,"href":"https:\/\/www.tucomarca.com\/wordpress\/segunda\/ca\/wp-json\/wp\/v2\/comments?post=156389"}],"version-history":[{"count":0,"href":"https:\/\/www.tucomarca.com\/wordpress\/segunda\/ca\/wp-json\/wp\/v2\/posts\/156389\/revisions"}],"wp:featuredmedia":[{"embeddable":true,"href":"https:\/\/www.tucomarca.com\/wordpress\/segunda\/ca\/wp-json\/wp\/v2\/media\/156387"}],"wp:attachment":[{"href":"https:\/\/www.tucomarca.com\/wordpress\/segunda\/ca\/wp-json\/wp\/v2\/media?parent=156389"}],"wp:term":[{"taxonomy":"category","embeddable":true,"href":"https:\/\/www.tucomarca.com\/wordpress\/segunda\/ca\/wp-json\/wp\/v2\/categories?post=156389"},{"taxonomy":"post_tag","embeddable":true,"href":"https:\/\/www.tucomarca.com\/wordpress\/segunda\/ca\/wp-json\/wp\/v2\/tags?post=156389"}],"curies":[{"name":"wp","href":"https:\/\/api.w.org\/{rel}","templated":true}]}}