{"id":156834,"date":"2022-05-11T14:01:00","date_gmt":"2022-05-11T12:01:00","guid":{"rendered":"http:\/\/www.tucomarca.com\/wordpress\/segunda\/?p=156834"},"modified":"2022-05-11T19:18:05","modified_gmt":"2022-05-11T17:18:05","slug":"el-circuit-ricardo-tormo-reuneix-les-carreres-de-nascar-i-de-camions","status":"publish","type":"post","link":"https:\/\/www.tucomarca.com\/wordpress\/segunda\/ca\/el-circuit-ricardo-tormo-reuneix-les-carreres-de-nascar-i-de-camions\/","title":{"rendered":"El Circuit Ricardo Tormo reuneix les carreres de Nascar i de Camions"},"content":{"rendered":"\n<h4 class=\"wp-block-heading\">Sis carreres dissabte i altres sis diumenge en un cap de setmana ple d&#8217;activitats&nbsp;<br>M\u00fasica en directe, cotxes americans, &#8216;lacrosse&#8217;, futbol americ\u00e0, &#8216;food trucks&#8217;, atraccions infantils, camions decorats i seguretat vi\u00e0ria completen l&#8217;oferta&nbsp;<\/h4>\n\n\n\n<p>El Circuit Ricardo Tormo celebra aquest cap de setmana el Valencia NASCAR Fest i la Gran Carrera de Camions de Val\u00e8ncia. Dos dies d&#8217;acci\u00f3 i activitats al p\u00e0doc i la pista de Gran Premi de Cheste.&nbsp;<br><br>La proposta esportiva \u00e9s triple. A m\u00e9s de la primera cita de la temporada de les NASCAR Whelen Euroseries, el Circuit celebra la Gran Carrera de Camions de Val\u00e8ncia i una prova del campionat franc\u00e9s de Caterham.&nbsp;<br><br>Al p\u00e0doc, els aficionats trobaran un festival d&#8217;activitats que van des del popular bou mec\u00e0nic fins a distintes exhibicions d&#8217;esports t\u00edpics dels Estats Units, com el &#8216;lacrosse&#8217; o el futbol americ\u00e0. L&#8217;oferta gastron\u00f2mica se centrar\u00e0 en una gran \u00e0rea amb dotze &#8216;food trucks&#8217; enfront de l&#8217;escenari on, a m\u00e9s de la m\u00fasica en directe, el p\u00fablic podr\u00e0 participar en la cerim\u00f2nia del podi amb els millors de cada carrera.&nbsp;<br><br>Per als m\u00e9s menuts de la fam\u00edlia, que entraran gratis fins a l&#8217;edat de 13 anys, hi haur\u00e0 distintes atraccions i l&#8217;habitual Escola de Seguretat Vi\u00e0ria.&nbsp;<br><br>El p\u00e0doc del Circuit Ricardo Tormo es completar\u00e0 amb les exposicions de cotxes americans i de camions decorats.&nbsp;<br><br><strong>Dotze carreres dissabte i diumenge<\/strong>&nbsp;<br><br>Els entrenaments lliures se celebraran en la jornada del divendres. Dissabte al mat\u00ed tindr\u00e0 lloc la qualificaci\u00f3 de cada categoria i a partir de les 13.30 hores la primera de les sis carreres programades fins a les 18.40 hores.&nbsp;<br><br>En la jornada del diumenge, despr\u00e9s de Warm Up del CamionGP i dels cotxes de NASCAR comen\u00e7aran les carreres. La primera, la dels Caterham ser\u00e0 a les 9.40 hores. Posteriorment, els Camions de Carreres prendran l&#8217;asfalt amb la seua primera m\u00e0nega a les 10.30 hores, seguida de la prova d&#8217;EuroNascar 2. Aquest ordre es repeteix per a les segones carreres de les tres categories des de les 12.10 fins a les 16.00 hores.<\/p>\n\n\n\n<p><\/p>\n","protected":false},"excerpt":{"rendered":"<div class=\"mh-excerpt\">Sis carreres dissabte i altres sis diumenge en un cap de setmana ple d&#8217;activitats&nbsp;M\u00fasica en directe, cotxes americans, &#8216;lacrosse&#8217;, futbol americ\u00e0, &#8216;food trucks&#8217;, atraccions infantils, camions decorats i seguretat vi\u00e0ria completen l&#8217;oferta&nbsp; El Circuit Ricardo <a class=\"mh-excerpt-more\" href=\"https:\/\/www.tucomarca.com\/wordpress\/segunda\/ca\/el-circuit-ricardo-tormo-reuneix-les-carreres-de-nascar-i-de-camions\/\" title=\"El Circuit Ricardo Tormo reuneix les carreres de Nascar i de Camions\">[+] <\/a><\/div>\n","protected":false},"author":12,"featured_media":156833,"comment_status":"open","ping_status":"open","sticky":false,"template":"","format":"standard","meta":{"footnotes":""},"categories":[11019,11017,11003,10898,10904,10912,11011,10896,10974],"tags":[11412,11348,11498,10914,17085],"class_list":{"0":"post-156834","1":"post","2":"type-post","3":"status-publish","4":"format-standard","5":"has-post-thumbnail","7":"category-agenda-ca","8":"category-automovilismo-ca","9":"category-sports","10":"category-ventana-ca","11":"category-sin-categorizar-ca","12":"category-la-hoya-ca","13":"category-motociclismo-ca","14":"category-seccion-ca","15":"category-cheste-ca","16":"tag-circuit-ricardo-tormo-ca","17":"tag-circuito-de-cheste-ca","18":"tag-generalitat-valenciana-ca","19":"tag-la-hoya-de-bunol-chiva-ca","20":"tag-nascar-fest-ca"},"_links":{"self":[{"href":"https:\/\/www.tucomarca.com\/wordpress\/segunda\/ca\/wp-json\/wp\/v2\/posts\/156834","targetHints":{"allow":["GET"]}}],"collection":[{"href":"https:\/\/www.tucomarca.com\/wordpress\/segunda\/ca\/wp-json\/wp\/v2\/posts"}],"about":[{"href":"https:\/\/www.tucomarca.com\/wordpress\/segunda\/ca\/wp-json\/wp\/v2\/types\/post"}],"author":[{"embeddable":true,"href":"https:\/\/www.tucomarca.com\/wordpress\/segunda\/ca\/wp-json\/wp\/v2\/users\/12"}],"replies":[{"embeddable":true,"href":"https:\/\/www.tucomarca.com\/wordpress\/segunda\/ca\/wp-json\/wp\/v2\/comments?post=156834"}],"version-history":[{"count":0,"href":"https:\/\/www.tucomarca.com\/wordpress\/segunda\/ca\/wp-json\/wp\/v2\/posts\/156834\/revisions"}],"wp:featuredmedia":[{"embeddable":true,"href":"https:\/\/www.tucomarca.com\/wordpress\/segunda\/ca\/wp-json\/wp\/v2\/media\/156833"}],"wp:attachment":[{"href":"https:\/\/www.tucomarca.com\/wordpress\/segunda\/ca\/wp-json\/wp\/v2\/media?parent=156834"}],"wp:term":[{"taxonomy":"category","embeddable":true,"href":"https:\/\/www.tucomarca.com\/wordpress\/segunda\/ca\/wp-json\/wp\/v2\/categories?post=156834"},{"taxonomy":"post_tag","embeddable":true,"href":"https:\/\/www.tucomarca.com\/wordpress\/segunda\/ca\/wp-json\/wp\/v2\/tags?post=156834"}],"curies":[{"name":"wp","href":"https:\/\/api.w.org\/{rel}","templated":true}]}}