{"id":156947,"date":"2022-05-11T22:00:00","date_gmt":"2022-05-11T20:00:00","guid":{"rendered":"http:\/\/www.tucomarca.com\/wordpress\/segunda\/?p=156947"},"modified":"2022-05-11T22:21:02","modified_gmt":"2022-05-11T20:21:02","slug":"dos-passatgers-sense-bitllet-agredeixen-amb-una-pedra-a-un-vigilant-de-seguretat-de-renfe-a-bunyol","status":"publish","type":"post","link":"https:\/\/www.tucomarca.com\/wordpress\/segunda\/ca\/dos-passatgers-sense-bitllet-agredeixen-amb-una-pedra-a-un-vigilant-de-seguretat-de-renfe-a-bunyol\/","title":{"rendered":"Dos passatgers sense bitllet agredeixen amb una pedra a un vigilant de seguretat de Renfe a Bunyol"},"content":{"rendered":"\n<h4 class=\"wp-block-heading\">Els dos passatgers van apedregar al vigilant que els va obligar a baixar del tren en l&#8217;estaci\u00f3 de Bunyol<\/h4>\n\n\n\n<p>Un vigilant de seguretat va ser agredit fortament al cap amb una pedra mentre es trobava prestant els seus serveis en l&#8217;estaci\u00f3 de Renfe de Bunyol, amb el que li van provocar hematomes i perduda de visi\u00f3 en tots dos ulls a causa de la inflamaci\u00f3. Els dos passatgers viatjaven sense bitllet i el vigilant afectat els va obligar a baixar del tren, segons han informat fonts del sindicat UGT.<\/p>\n\n\n\n<p><\/p>\n","protected":false},"excerpt":{"rendered":"<div class=\"mh-excerpt\">Els dos passatgers van apedregar al vigilant que els va obligar a baixar del tren en l&#8217;estaci\u00f3 de Bunyol Un vigilant de seguretat va ser agredit fortament al cap amb una pedra mentre es trobava <a class=\"mh-excerpt-more\" href=\"https:\/\/www.tucomarca.com\/wordpress\/segunda\/ca\/dos-passatgers-sense-bitllet-agredeixen-amb-una-pedra-a-un-vigilant-de-seguretat-de-renfe-a-bunyol\/\" title=\"Dos passatgers sense bitllet agredeixen amb una pedra a un vigilant de seguretat de Renfe a Bunyol\">[+] <\/a><\/div>\n","protected":false},"author":12,"featured_media":127314,"comment_status":"open","ping_status":"open","sticky":false,"template":"","format":"standard","meta":{"footnotes":""},"categories":[10911,10948,10894,10912,10896,10897],"tags":[17093,10913,17092,10914],"class_list":{"0":"post-156947","1":"post","2":"type-post","3":"status-publish","4":"format-standard","5":"has-post-thumbnail","7":"category-bunol-ca","8":"category-infraestructuras-ca","9":"category-la-comarca-ca","10":"category-la-hoya-ca","11":"category-seccion-ca","12":"category-sucesos-la-comarca-ca","13":"tag-agresion-a-vigilante-ca","14":"tag-bunol-ca","15":"tag-estacion-de-renfe-de-bunol-ca","16":"tag-la-hoya-de-bunol-chiva-ca"},"_links":{"self":[{"href":"https:\/\/www.tucomarca.com\/wordpress\/segunda\/ca\/wp-json\/wp\/v2\/posts\/156947","targetHints":{"allow":["GET"]}}],"collection":[{"href":"https:\/\/www.tucomarca.com\/wordpress\/segunda\/ca\/wp-json\/wp\/v2\/posts"}],"about":[{"href":"https:\/\/www.tucomarca.com\/wordpress\/segunda\/ca\/wp-json\/wp\/v2\/types\/post"}],"author":[{"embeddable":true,"href":"https:\/\/www.tucomarca.com\/wordpress\/segunda\/ca\/wp-json\/wp\/v2\/users\/12"}],"replies":[{"embeddable":true,"href":"https:\/\/www.tucomarca.com\/wordpress\/segunda\/ca\/wp-json\/wp\/v2\/comments?post=156947"}],"version-history":[{"count":0,"href":"https:\/\/www.tucomarca.com\/wordpress\/segunda\/ca\/wp-json\/wp\/v2\/posts\/156947\/revisions"}],"wp:featuredmedia":[{"embeddable":true,"href":"https:\/\/www.tucomarca.com\/wordpress\/segunda\/ca\/wp-json\/wp\/v2\/media\/127314"}],"wp:attachment":[{"href":"https:\/\/www.tucomarca.com\/wordpress\/segunda\/ca\/wp-json\/wp\/v2\/media?parent=156947"}],"wp:term":[{"taxonomy":"category","embeddable":true,"href":"https:\/\/www.tucomarca.com\/wordpress\/segunda\/ca\/wp-json\/wp\/v2\/categories?post=156947"},{"taxonomy":"post_tag","embeddable":true,"href":"https:\/\/www.tucomarca.com\/wordpress\/segunda\/ca\/wp-json\/wp\/v2\/tags?post=156947"}],"curies":[{"name":"wp","href":"https:\/\/api.w.org\/{rel}","templated":true}]}}