{"id":157035,"date":"2022-05-13T14:00:00","date_gmt":"2022-05-13T12:00:00","guid":{"rendered":"http:\/\/www.tucomarca.com\/wordpress\/segunda\/?p=157035"},"modified":"2022-05-13T19:35:21","modified_gmt":"2022-05-13T17:35:21","slug":"les-noves-generacions-del-pp-presenten-als-ajuntaments-de-la-foia-una-mocio-per-a-sollicitar-la-incorporacio-de-la-comarca-en-la-targeta-suma","status":"publish","type":"post","link":"https:\/\/www.tucomarca.com\/wordpress\/segunda\/ca\/les-noves-generacions-del-pp-presenten-als-ajuntaments-de-la-foia-una-mocio-per-a-sollicitar-la-incorporacio-de-la-comarca-en-la-targeta-suma\/","title":{"rendered":"Les Noves Generacions del PP presenten als ajuntaments de la Foia una moci\u00f3 per a sol\u00b7licitar la incorporaci\u00f3 de la comarca en la Targeta SUMA"},"content":{"rendered":"\n<h4 class=\"wp-block-heading\">Des del Partit Popular es busca integrar a aquests municipis dins del nou t\u00edtol de transport valenci\u00e0 i aconseguir aix\u00ed importants avantatges i descomptes per als ve\u00efns.<\/h4>\n\n\n\n<p>&#8220;El passat 31 de gener va entrar en funcionament la Targeta SUMA, els nous t\u00edtols de l&#8217;Autoritat del Transport Metropolit\u00e0 de Val\u00e8ncia (ATMV) que permeten viatjar amb una mateixa targeta per l&#8217;\u00c0rea Metropolitana utilitzant Metrovalencia, EMT, RENFE Rodalia i MetroBus. Aquest nou t\u00edtol permet, a m\u00e9s, fer transbord gratu\u00eft entre diferents mitjans de transport o entre dues l\u00ednies diferents d&#8217;EMT o de MetroBus&#8221;, recorden des de les Noves Generacions del PP.<\/p>\n\n\n\n<p>&#8220;Les tarifes dels t\u00edtols de la ATMV baixen entre un 11% i un 55%. Aquest descompte \u00e9s encara major si es t\u00e9 en compte que s&#8217;han redu\u00eft el nombre de zones, s&#8217;ha incl\u00f2s un nou operador als t\u00edtols integrats (RENFE Rodalia) i que existeix la possibilitat de fer un transbord gratu\u00eft. A m\u00e9s, existeix SUMA Mensual Jove. SUMA Mensual amb un descompte addicional del 15% per als titulars del Carnet Jove&#8221;.<\/p>\n\n\n\n<p>&#8220;No obstant aix\u00f2, els ve\u00efns de la nostra comarca no s\u00f3n beneficiaris dels avantatges que atorga aquesta targeta, ja que NO est\u00e0 inclosa dins de la Targeta SUMA&#8221;, tal com denuncien des de NN GG del PP de la comarca.<\/p>\n\n\n\n<p>En els mapes zonals d&#8217;aquesta targeta s&#8217;observa com la nostra comarca de la Foia de Bunyol &#8211; Xiva queda relegada d&#8217;aquests descomptes. En la l\u00ednia de MetroBus, la targeta t\u00e9 com a \u00faltima zona el Pol. Ind. la Reva, deixant de costat als municipis de Xest, Xiva, Bunyol, Godelleta, Turis, Alboraig, Macastre i I\u00e0tova. En la l\u00ednia de RENFE Rodalia, la targeta t\u00e9 com a \u00faltima parada benefici\u00e0ria Loriguilla-Reva, deixant sense descomptes les parades de Circuit R. Tormo, Xest, Xiva, Bunyol, Venda Mina i Setaig\u00fces.<\/p>\n\n\n\n<p>&#8220;Destacar que dentro del Plan Reactiva que present\u00f3 la Generalitat a inicio del mes de abril se incluye la propuesta de&nbsp;\u201c<em>ampliaci\u00f3n del t\u00edtulo \u00fanico de transporte p\u00fablico SUMA a toda la red de cercan\u00edas Val\u00e8ncia-Castell\u00f3 de la Plana<\/em>\u201d, sin que a d\u00eda de hoy&nbsp;se haya concretado&nbsp;esta medida ni se sepa si va a&nbsp;afectar a la l\u00ednea C-3&nbsp;de la que depende nuestro pueblo&#8221;, a\u00f1aden.<\/p>\n\n\n\n<p>&#8220;Por ejemplo, en&nbsp;<em>Chiva<\/em>, para la red de&nbsp;<em>Renfe Cercan\u00edas&nbsp;<\/em>el actual&nbsp;Bono 10 Trasbordo&nbsp;cuesta&nbsp;25,15\u20ac, con la tarjeta Suma 10&nbsp;pasar\u00eda&nbsp;a costar&nbsp;12 \u20ac. El abono&nbsp;mensual limitado&nbsp;de&nbsp;81,15\u20ac&nbsp;pasar\u00eda a costar&nbsp;53 \u20ac&nbsp;con&nbsp;Suma Mensual&nbsp;y se rebajar\u00eda a&nbsp;45.05 \u20ac&nbsp;con&nbsp;Suma Mensual Joven.&nbsp;Se trata de descuentos econ\u00f3micos considerables. Por lo tanto, consideramos que la&nbsp;implantaci\u00f3n de la tarjeta SUMA&nbsp;en el en la&nbsp;comarca de&nbsp;<em>la Hoya de Bu\u00f1ol &#8211; Chiva&nbsp;<\/em>es necesaria y urgente&#8221;.<\/p>\n\n\n\n<p>&#8220;Los vecinos que se desplazan a Valencia a&nbsp;estudiar,&nbsp;trabajar&nbsp;o realizar cualquier&nbsp;tr\u00e1mite&nbsp;ver\u00edan en el&nbsp;transporte p\u00fablico&nbsp;una opci\u00f3n&nbsp;asequible&nbsp;y&nbsp;c\u00f3moda, al solo utilizar&nbsp;un t\u00edtulo para toda la red&nbsp;de transporte p\u00fablico. Actualmente, se est\u00e1 provocando que los&nbsp;estudiantes universitarios&nbsp;emigren a Valencia a&nbsp;pisos de estudiantes&nbsp;para que puedan buscar&nbsp;un futuro mejor. Desde las administraciones tenemos en nuestro deber dar a estos j\u00f3venes la&nbsp;posibilidad de vivir en nuestro pueblo&nbsp;y as\u00ed&nbsp;evitar un envejecimiento&nbsp;de la poblaci\u00f3n, que es uno de los grandes retos de la Espa\u00f1a rural&#8221;.<\/p>\n\n\n\n<p>&#8220;Igual sucede con todos aquellos vecinos que viven en las&nbsp;urbanizaciones&nbsp;y utilizan el&nbsp;<em>Metrob\u00fas&nbsp;<\/em>diariamente para ir a&nbsp;<em>Valencia<\/em>. El&nbsp;agravio comparativo&nbsp;que sufren en relaci\u00f3n con otras zonas de la provincia mucho m\u00e1s lejanas de&nbsp;<em>Valencia&nbsp;<\/em>tiene que acabar. Adem\u00e1s, no solo estamos hablando de dinero, sino tambi\u00e9n de&nbsp;comodidad. Esta medida supone, por ejemplo, que con una sola tarjeta desde la estaci\u00f3n de Bu\u00f1ol se pueda&nbsp;llegar al Campus&nbsp;Universitario de Burjassot&nbsp;sin necesidad&nbsp;de utilizar&nbsp;m\u00e1s t\u00edtulos&nbsp;ni pagar m\u00e1s trasbordos. Sin dejar de lado que para las&nbsp;personas mayores&nbsp;es mucho m\u00e1s&nbsp;sencillo&nbsp;manejarse con&nbsp;un solo carn\u00e9&#8221;.<\/p>\n\n\n\n<p>&#8220;Asimismo, la tarjeta Suma tambi\u00e9n beneficiar\u00e1 la&nbsp;movilidad dentro de la comarca&nbsp;entre pueblos como&nbsp;<em>Bu\u00f1ol&nbsp;<\/em>y&nbsp;<em>Cheste<\/em>, siendo beneficioso tambi\u00e9n para estos usuarios y los que vayan a&nbsp;otros destinos de la red&nbsp;de la Tarjeta Suma. Por eso, a propuesta de&nbsp;Nuevas Generaciones, el&nbsp;Partido Popular&nbsp;ha presentado mociones en los municipios de&nbsp;<em>Chiva y Bu\u00f1ol&nbsp;<\/em>para que se inste a la Generalitat Valenciana y a la Autoridad del Transporte Metropolitano de Valencia (ATMV) a&nbsp;la inclusi\u00f3n de la comarca dentro de la Tarjeta SUMA&#8221;.<\/p>\n\n\n\n<p>En los municipios de&nbsp;<em>Godelleta, Cheste, Y\u00e1tova, Macastre y Alborache;&nbsp;<\/em>tambi\u00e9n se est\u00e1 estudiando la presentaci\u00f3n de esta moci\u00f3n por parte del&nbsp;Partido Popular.<\/p>\n","protected":false},"excerpt":{"rendered":"<div class=\"mh-excerpt\">Des del Partit Popular es busca integrar a aquests municipis dins del nou t\u00edtol de transport valenci\u00e0 i aconseguir aix\u00ed importants avantatges i descomptes per als ve\u00efns. &#8220;El passat 31 de gener va entrar en <a class=\"mh-excerpt-more\" href=\"https:\/\/www.tucomarca.com\/wordpress\/segunda\/ca\/les-noves-generacions-del-pp-presenten-als-ajuntaments-de-la-foia-una-mocio-per-a-sollicitar-la-incorporacio-de-la-comarca-en-la-targeta-suma\/\" title=\"Les Noves Generacions del PP presenten als ajuntaments de la Foia una moci\u00f3 per a sol\u00b7licitar la incorporaci\u00f3 de la comarca en la Targeta SUMA\">[+] <\/a><\/div>\n","protected":false},"author":1,"featured_media":157033,"comment_status":"open","ping_status":"open","sticky":false,"template":"","format":"standard","meta":{"footnotes":""},"categories":[10973,10911,10976,10977,10980,10948,10894,10904,10912,10978,10947,10896,10979,10974,10975],"tags":[10914,17105,17106,11978],"class_list":{"0":"post-157035","1":"post","2":"type-post","3":"status-publish","4":"format-standard","5":"has-post-thumbnail","7":"category-alborache-ca","8":"category-bunol-ca","9":"category-dos-aguas-ca","10":"category-godelleta-ca","11":"category-yatova-ca","12":"category-infraestructuras-ca","13":"category-la-comarca-ca","14":"category-sin-categorizar-ca","15":"category-la-hoya-ca","16":"category-macastre-ca","17":"category-politica","18":"category-seccion-ca","19":"category-siete-aguas-ca","20":"category-cheste-ca","21":"category-chiva-ca","22":"tag-la-hoya-de-bunol-chiva-ca","23":"tag-nngg-ca","24":"tag-nuevas-generaciones-ca","25":"tag-partido-popular-ca"},"_links":{"self":[{"href":"https:\/\/www.tucomarca.com\/wordpress\/segunda\/ca\/wp-json\/wp\/v2\/posts\/157035","targetHints":{"allow":["GET"]}}],"collection":[{"href":"https:\/\/www.tucomarca.com\/wordpress\/segunda\/ca\/wp-json\/wp\/v2\/posts"}],"about":[{"href":"https:\/\/www.tucomarca.com\/wordpress\/segunda\/ca\/wp-json\/wp\/v2\/types\/post"}],"author":[{"embeddable":true,"href":"https:\/\/www.tucomarca.com\/wordpress\/segunda\/ca\/wp-json\/wp\/v2\/users\/1"}],"replies":[{"embeddable":true,"href":"https:\/\/www.tucomarca.com\/wordpress\/segunda\/ca\/wp-json\/wp\/v2\/comments?post=157035"}],"version-history":[{"count":0,"href":"https:\/\/www.tucomarca.com\/wordpress\/segunda\/ca\/wp-json\/wp\/v2\/posts\/157035\/revisions"}],"wp:featuredmedia":[{"embeddable":true,"href":"https:\/\/www.tucomarca.com\/wordpress\/segunda\/ca\/wp-json\/wp\/v2\/media\/157033"}],"wp:attachment":[{"href":"https:\/\/www.tucomarca.com\/wordpress\/segunda\/ca\/wp-json\/wp\/v2\/media?parent=157035"}],"wp:term":[{"taxonomy":"category","embeddable":true,"href":"https:\/\/www.tucomarca.com\/wordpress\/segunda\/ca\/wp-json\/wp\/v2\/categories?post=157035"},{"taxonomy":"post_tag","embeddable":true,"href":"https:\/\/www.tucomarca.com\/wordpress\/segunda\/ca\/wp-json\/wp\/v2\/tags?post=157035"}],"curies":[{"name":"wp","href":"https:\/\/api.w.org\/{rel}","templated":true}]}}