{"id":157177,"date":"2022-05-15T14:00:00","date_gmt":"2022-05-15T12:00:00","guid":{"rendered":"http:\/\/www.tucomarca.com\/wordpress\/segunda\/?p=157177"},"modified":"2022-05-16T08:55:15","modified_gmt":"2022-05-16T06:55:15","slug":"jaime-serradilla-enamora-al-teatre-montecarlo-de-bunyol-amb-la-seua-suite-andalusi","status":"publish","type":"post","link":"https:\/\/www.tucomarca.com\/wordpress\/segunda\/ca\/jaime-serradilla-enamora-al-teatre-montecarlo-de-bunyol-amb-la-seua-suite-andalusi\/","title":{"rendered":"Jaime Serradilla enamora al Teatre Montecarlo de Bunyol amb la seua \u201cSuite Andalus\u00ed\u201d"},"content":{"rendered":"\n<p>El Teatre Montecarlo de Bunyol va tornar a vestir-se de gala el passat cap de setmana per a acollir una vesprada de jazz, dins de la programaci\u00f3 de \u201cMontecarlo \u00e9s cultura\u201d, amb la visita d&#8217;un m\u00fasic referent del jazz andal\u00fas i d&#8217;Espanya.<br>Amb la col\u00b7laboraci\u00f3 de la Regidoria de Cultura de l&#8217;Ajuntament de Bunyol i dels patrocinadors del cicle, principalment empreses locals, el contrabajista Jaime Serradilla va presentar la seua \u201cSuite Andalus\u00ed\u201d al costat de JAT Jazz Trio, liderat pel saxofonista de l&#8217;Art\u00edstica Jos\u00e9 Antonio Tello Masmano.&nbsp;<br>L&#8217;obra naix en la seua \u00e8poca d&#8217;estudiant en Musikene, composta inspirant-se en les seues arrels i en la melodia d&#8217;una composici\u00f3 tunisiana, \u201cConte d&#8217;un amor incre\u00efble\u201d de Anouar Brahem, que el m\u00fasic sevill\u00e0 va interpretar aquesta pe\u00e7a en un muntatge teatral i que va vindre a la seua mem\u00f2ria per a aquest projecte. Amb aquesta melodia com a fil conductor, creant un ambient quasi m\u00edstic en l&#8217;inici, la suite inclou moviments basats en \u201cBlue in Green&#8221; de Milers Davis i Bill Evans, amb lletra original en espanyol, passant a retitular-se &#8220;Tristesa Verda&#8221;; \u201cAll Blues&#8221;, tamb\u00e9 de Milers, o &#8220;Fifth House&#8221; de John Coltrane. A m\u00e9s d&#8217;aquests moviments compostos d&#8217;inici per a la Suite, Serradilla va compondre dues peces noves per a la seua visita a Bunyol pensades per als dos m\u00fasics \u201cLletjos\u201d que van participar en el concert: una Balada per a vibr\u00e0fon i saxofon, creada per a la percussionista, Aitana Ortiz, i \u201cDesperta\u201d, una composici\u00f3 pensada per al flautista Carlos Ferrer. Tots dos van enlluernar amb les seues interpretacions, empastant perfectament amb el trio compost per Jose Antonio Tello Masmano al saxo, Pancho Monta\u00f1ez a la bateria, David Cid al piano, com a incorporaci\u00f3 d&#8217;\u00faltima hora a la formaci\u00f3, i amb el mestratge de Jaime Serradilla al contrabaix.&nbsp;<br>La fi de festa el va posar Comando Saxbone, format per joves m\u00fasics de l&#8217;Art\u00edstica, en els saxos David Alonso, Ariane Hern\u00e1ndez i Ernest Almudever, amb el tromb\u00f3 Hugo Mas i amb el baix el\u00e8ctric Javi Siles. Al costat de la resta de participants del concert van interpretar \u201cSota what\u201d de Milers Davis, arrancant l&#8217;ovaci\u00f3 del p\u00fablic assistent.<br>El m\u00fasic sevill\u00e0 es va mostrar encantat de con\u00e9ixer Bunyol i la seua tradici\u00f3 musical, de poder treballar amb m\u00fasics Lletjos les seues composicions i per l&#8217;acolliment que li van brindar els assistents al concert.<\/p>\n\n\n\n<figure class=\"wp-block-gallery columns-1 is-cropped wp-block-gallery-1 is-layout-flex wp-block-gallery-is-layout-flex\"><ul class=\"blocks-gallery-grid\"><li class=\"blocks-gallery-item\"><figure><img loading=\"lazy\" decoding=\"async\" width=\"1024\" height=\"576\" src=\"http:\/\/www.tucomarca.com\/wordpress\/segunda\/wp-content\/uploads\/2022\/05\/FeosSuiteAndalusi1-1024x576.jpg\" alt=\"\" data-id=\"157165\" data-full-url=\"http:\/\/www.tucomarca.com\/wordpress\/segunda\/wp-content\/uploads\/2022\/05\/FeosSuiteAndalusi1.jpg\" data-link=\"https:\/\/www.tucomarca.com\/wordpress\/segunda\/ca\/?attachment_id=157165\" class=\"wp-image-157165\" srcset=\"https:\/\/www.tucomarca.com\/wordpress\/segunda\/wp-content\/uploads\/2022\/05\/FeosSuiteAndalusi1-1024x576.jpg 1024w, https:\/\/www.tucomarca.com\/wordpress\/segunda\/wp-content\/uploads\/2022\/05\/FeosSuiteAndalusi1-300x169.jpg 300w, https:\/\/www.tucomarca.com\/wordpress\/segunda\/wp-content\/uploads\/2022\/05\/FeosSuiteAndalusi1-768x432.jpg 768w, https:\/\/www.tucomarca.com\/wordpress\/segunda\/wp-content\/uploads\/2022\/05\/FeosSuiteAndalusi1-678x381.jpg 678w, https:\/\/www.tucomarca.com\/wordpress\/segunda\/wp-content\/uploads\/2022\/05\/FeosSuiteAndalusi1.jpg 1181w\" sizes=\"auto, (max-width: 1024px) 100vw, 1024px\" \/><\/figure><\/li><li class=\"blocks-gallery-item\"><figure><img loading=\"lazy\" decoding=\"async\" width=\"1024\" height=\"576\" src=\"http:\/\/www.tucomarca.com\/wordpress\/segunda\/wp-content\/uploads\/2022\/05\/FeosSuiteAndalusi2-1024x576.jpg\" alt=\"\" data-id=\"157167\" data-full-url=\"http:\/\/www.tucomarca.com\/wordpress\/segunda\/wp-content\/uploads\/2022\/05\/FeosSuiteAndalusi2.jpg\" data-link=\"https:\/\/www.tucomarca.com\/wordpress\/segunda\/ca\/?attachment_id=157167\" class=\"wp-image-157167\" srcset=\"https:\/\/www.tucomarca.com\/wordpress\/segunda\/wp-content\/uploads\/2022\/05\/FeosSuiteAndalusi2-1024x576.jpg 1024w, https:\/\/www.tucomarca.com\/wordpress\/segunda\/wp-content\/uploads\/2022\/05\/FeosSuiteAndalusi2-300x169.jpg 300w, https:\/\/www.tucomarca.com\/wordpress\/segunda\/wp-content\/uploads\/2022\/05\/FeosSuiteAndalusi2-768x432.jpg 768w, https:\/\/www.tucomarca.com\/wordpress\/segunda\/wp-content\/uploads\/2022\/05\/FeosSuiteAndalusi2-678x381.jpg 678w, https:\/\/www.tucomarca.com\/wordpress\/segunda\/wp-content\/uploads\/2022\/05\/FeosSuiteAndalusi2.jpg 1181w\" sizes=\"auto, (max-width: 1024px) 100vw, 1024px\" \/><\/figure><\/li><li class=\"blocks-gallery-item\"><figure><img loading=\"lazy\" decoding=\"async\" width=\"1024\" height=\"576\" src=\"http:\/\/www.tucomarca.com\/wordpress\/segunda\/wp-content\/uploads\/2022\/05\/FeosSuiteAndalusi3-1024x576.jpg\" alt=\"\" data-id=\"157169\" data-full-url=\"http:\/\/www.tucomarca.com\/wordpress\/segunda\/wp-content\/uploads\/2022\/05\/FeosSuiteAndalusi3.jpg\" data-link=\"https:\/\/www.tucomarca.com\/wordpress\/segunda\/ca\/?attachment_id=157169\" class=\"wp-image-157169\" srcset=\"https:\/\/www.tucomarca.com\/wordpress\/segunda\/wp-content\/uploads\/2022\/05\/FeosSuiteAndalusi3-1024x576.jpg 1024w, https:\/\/www.tucomarca.com\/wordpress\/segunda\/wp-content\/uploads\/2022\/05\/FeosSuiteAndalusi3-300x169.jpg 300w, https:\/\/www.tucomarca.com\/wordpress\/segunda\/wp-content\/uploads\/2022\/05\/FeosSuiteAndalusi3-768x432.jpg 768w, https:\/\/www.tucomarca.com\/wordpress\/segunda\/wp-content\/uploads\/2022\/05\/FeosSuiteAndalusi3-678x381.jpg 678w, https:\/\/www.tucomarca.com\/wordpress\/segunda\/wp-content\/uploads\/2022\/05\/FeosSuiteAndalusi3.jpg 1181w\" sizes=\"auto, (max-width: 1024px) 100vw, 1024px\" \/><\/figure><\/li><li class=\"blocks-gallery-item\"><figure><img loading=\"lazy\" decoding=\"async\" width=\"1024\" height=\"576\" src=\"http:\/\/www.tucomarca.com\/wordpress\/segunda\/wp-content\/uploads\/2022\/05\/FeosSuiteAndalusi4-1024x576.jpg\" alt=\"\" data-id=\"157171\" data-full-url=\"http:\/\/www.tucomarca.com\/wordpress\/segunda\/wp-content\/uploads\/2022\/05\/FeosSuiteAndalusi4.jpg\" data-link=\"https:\/\/www.tucomarca.com\/wordpress\/segunda\/ca\/?attachment_id=157171\" class=\"wp-image-157171\" srcset=\"https:\/\/www.tucomarca.com\/wordpress\/segunda\/wp-content\/uploads\/2022\/05\/FeosSuiteAndalusi4-1024x576.jpg 1024w, https:\/\/www.tucomarca.com\/wordpress\/segunda\/wp-content\/uploads\/2022\/05\/FeosSuiteAndalusi4-300x169.jpg 300w, https:\/\/www.tucomarca.com\/wordpress\/segunda\/wp-content\/uploads\/2022\/05\/FeosSuiteAndalusi4-768x432.jpg 768w, https:\/\/www.tucomarca.com\/wordpress\/segunda\/wp-content\/uploads\/2022\/05\/FeosSuiteAndalusi4-678x381.jpg 678w, https:\/\/www.tucomarca.com\/wordpress\/segunda\/wp-content\/uploads\/2022\/05\/FeosSuiteAndalusi4.jpg 1181w\" sizes=\"auto, (max-width: 1024px) 100vw, 1024px\" \/><\/figure><\/li><li class=\"blocks-gallery-item\"><figure><img loading=\"lazy\" decoding=\"async\" width=\"1024\" height=\"576\" src=\"http:\/\/www.tucomarca.com\/wordpress\/segunda\/wp-content\/uploads\/2022\/05\/FeosSuiteAndalusi5-1024x576.jpg\" alt=\"\" data-id=\"157180\" data-full-url=\"http:\/\/www.tucomarca.com\/wordpress\/segunda\/wp-content\/uploads\/2022\/05\/FeosSuiteAndalusi5.jpg\" data-link=\"https:\/\/www.tucomarca.com\/wordpress\/segunda\/ca\/?attachment_id=157180\" class=\"wp-image-157180\" srcset=\"https:\/\/www.tucomarca.com\/wordpress\/segunda\/wp-content\/uploads\/2022\/05\/FeosSuiteAndalusi5-1024x576.jpg 1024w, https:\/\/www.tucomarca.com\/wordpress\/segunda\/wp-content\/uploads\/2022\/05\/FeosSuiteAndalusi5-300x169.jpg 300w, https:\/\/www.tucomarca.com\/wordpress\/segunda\/wp-content\/uploads\/2022\/05\/FeosSuiteAndalusi5-768x432.jpg 768w, https:\/\/www.tucomarca.com\/wordpress\/segunda\/wp-content\/uploads\/2022\/05\/FeosSuiteAndalusi5-678x381.jpg 678w, https:\/\/www.tucomarca.com\/wordpress\/segunda\/wp-content\/uploads\/2022\/05\/FeosSuiteAndalusi5.jpg 1181w\" sizes=\"auto, (max-width: 1024px) 100vw, 1024px\" \/><\/figure><\/li><li class=\"blocks-gallery-item\"><figure><img loading=\"lazy\" decoding=\"async\" width=\"1024\" height=\"576\" src=\"http:\/\/www.tucomarca.com\/wordpress\/segunda\/wp-content\/uploads\/2022\/05\/FeosSuiteAndalusi6-1024x576.jpg\" alt=\"\" data-id=\"157173\" data-full-url=\"http:\/\/www.tucomarca.com\/wordpress\/segunda\/wp-content\/uploads\/2022\/05\/FeosSuiteAndalusi6.jpg\" data-link=\"https:\/\/www.tucomarca.com\/wordpress\/segunda\/ca\/?attachment_id=157173\" class=\"wp-image-157173\" srcset=\"https:\/\/www.tucomarca.com\/wordpress\/segunda\/wp-content\/uploads\/2022\/05\/FeosSuiteAndalusi6-1024x576.jpg 1024w, https:\/\/www.tucomarca.com\/wordpress\/segunda\/wp-content\/uploads\/2022\/05\/FeosSuiteAndalusi6-300x169.jpg 300w, https:\/\/www.tucomarca.com\/wordpress\/segunda\/wp-content\/uploads\/2022\/05\/FeosSuiteAndalusi6-768x432.jpg 768w, https:\/\/www.tucomarca.com\/wordpress\/segunda\/wp-content\/uploads\/2022\/05\/FeosSuiteAndalusi6-678x381.jpg 678w, https:\/\/www.tucomarca.com\/wordpress\/segunda\/wp-content\/uploads\/2022\/05\/FeosSuiteAndalusi6.jpg 1181w\" sizes=\"auto, (max-width: 1024px) 100vw, 1024px\" \/><\/figure><\/li><li class=\"blocks-gallery-item\"><figure><img loading=\"lazy\" decoding=\"async\" width=\"1024\" height=\"576\" src=\"http:\/\/www.tucomarca.com\/wordpress\/segunda\/wp-content\/uploads\/2022\/05\/FeosSuiteAndalusi7-1024x576.jpg\" alt=\"\" data-id=\"157175\" data-full-url=\"http:\/\/www.tucomarca.com\/wordpress\/segunda\/wp-content\/uploads\/2022\/05\/FeosSuiteAndalusi7.jpg\" data-link=\"https:\/\/www.tucomarca.com\/wordpress\/segunda\/ca\/?attachment_id=157175\" class=\"wp-image-157175\" srcset=\"https:\/\/www.tucomarca.com\/wordpress\/segunda\/wp-content\/uploads\/2022\/05\/FeosSuiteAndalusi7-1024x576.jpg 1024w, https:\/\/www.tucomarca.com\/wordpress\/segunda\/wp-content\/uploads\/2022\/05\/FeosSuiteAndalusi7-300x169.jpg 300w, https:\/\/www.tucomarca.com\/wordpress\/segunda\/wp-content\/uploads\/2022\/05\/FeosSuiteAndalusi7-768x432.jpg 768w, https:\/\/www.tucomarca.com\/wordpress\/segunda\/wp-content\/uploads\/2022\/05\/FeosSuiteAndalusi7-678x381.jpg 678w, https:\/\/www.tucomarca.com\/wordpress\/segunda\/wp-content\/uploads\/2022\/05\/FeosSuiteAndalusi7.jpg 1181w\" sizes=\"auto, (max-width: 1024px) 100vw, 1024px\" \/><\/figure><\/li><\/ul><\/figure>\n\n\n\n<p><\/p>\n","protected":false},"excerpt":{"rendered":"<div class=\"mh-excerpt\">El Teatre Montecarlo de Bunyol va tornar a vestir-se de gala el passat cap de setmana per a acollir una vesprada de jazz, dins de la programaci\u00f3 de \u201cMontecarlo \u00e9s cultura\u201d, amb la visita d&#8217;un <a class=\"mh-excerpt-more\" href=\"https:\/\/www.tucomarca.com\/wordpress\/segunda\/ca\/jaime-serradilla-enamora-al-teatre-montecarlo-de-bunyol-amb-la-seua-suite-andalusi\/\" title=\"Jaime Serradilla enamora al Teatre Montecarlo de Bunyol amb la seua \u201cSuite Andalus\u00ed\u201d\">[+] <\/a><\/div>\n","protected":false},"author":12,"featured_media":157169,"comment_status":"open","ping_status":"open","sticky":false,"template":"","format":"gallery","meta":{"footnotes":""},"categories":[10911,11005,10894,10912,11007,10896],"tags":[10913,17113,15915,10914,11376,11154],"class_list":{"0":"post-157177","1":"post","2":"type-post","3":"status-publish","4":"format-gallery","5":"has-post-thumbnail","7":"category-bunol-ca","8":"category-canal-musica","9":"category-la-comarca-ca","10":"category-la-hoya-ca","11":"category-ocio-y-cultura-ca","12":"category-seccion-ca","13":"tag-bunol-ca","14":"tag-jaime-serradilla-ca","15":"tag-jat-jazz-quartet-ca","16":"tag-la-hoya-de-bunol-chiva-ca","17":"tag-los-feos-ca","18":"tag-sm-la-artistica-de-bunol-ca","19":"post_format-post-format-gallery"},"_links":{"self":[{"href":"https:\/\/www.tucomarca.com\/wordpress\/segunda\/ca\/wp-json\/wp\/v2\/posts\/157177","targetHints":{"allow":["GET"]}}],"collection":[{"href":"https:\/\/www.tucomarca.com\/wordpress\/segunda\/ca\/wp-json\/wp\/v2\/posts"}],"about":[{"href":"https:\/\/www.tucomarca.com\/wordpress\/segunda\/ca\/wp-json\/wp\/v2\/types\/post"}],"author":[{"embeddable":true,"href":"https:\/\/www.tucomarca.com\/wordpress\/segunda\/ca\/wp-json\/wp\/v2\/users\/12"}],"replies":[{"embeddable":true,"href":"https:\/\/www.tucomarca.com\/wordpress\/segunda\/ca\/wp-json\/wp\/v2\/comments?post=157177"}],"version-history":[{"count":0,"href":"https:\/\/www.tucomarca.com\/wordpress\/segunda\/ca\/wp-json\/wp\/v2\/posts\/157177\/revisions"}],"wp:featuredmedia":[{"embeddable":true,"href":"https:\/\/www.tucomarca.com\/wordpress\/segunda\/ca\/wp-json\/wp\/v2\/media\/157169"}],"wp:attachment":[{"href":"https:\/\/www.tucomarca.com\/wordpress\/segunda\/ca\/wp-json\/wp\/v2\/media?parent=157177"}],"wp:term":[{"taxonomy":"category","embeddable":true,"href":"https:\/\/www.tucomarca.com\/wordpress\/segunda\/ca\/wp-json\/wp\/v2\/categories?post=157177"},{"taxonomy":"post_tag","embeddable":true,"href":"https:\/\/www.tucomarca.com\/wordpress\/segunda\/ca\/wp-json\/wp\/v2\/tags?post=157177"}],"curies":[{"name":"wp","href":"https:\/\/api.w.org\/{rel}","templated":true}]}}