{"id":157214,"date":"2022-05-15T20:00:00","date_gmt":"2022-05-15T18:00:00","guid":{"rendered":"http:\/\/www.tucomarca.com\/wordpress\/segunda\/?p=157214"},"modified":"2022-05-16T08:46:14","modified_gmt":"2022-05-16T06:46:14","slug":"fotogaleria-la-comissio-de-la-festa-del-manto-de-la-sm-lartistica-de-bunyol-celebra-laniversari-del-teatre-montecarlo","status":"publish","type":"post","link":"https:\/\/www.tucomarca.com\/wordpress\/segunda\/ca\/fotogaleria-la-comissio-de-la-festa-del-manto-de-la-sm-lartistica-de-bunyol-celebra-laniversari-del-teatre-montecarlo\/","title":{"rendered":"Fotogaler\u00eda: La Comissi\u00f3 de la Festa del Mant\u00f3 de la SM \u201cL&#8217;Art\u00edstica\u201d de Bunyol celebra l&#8217;Aniversari del Teatre Montecarlo"},"content":{"rendered":"\n<p>La Comissi\u00f3 de la Festes del Mant\u00f3 ha organitzat, com cada any, els actes amb motiu de l&#8217;Aniversari del Teatre Montecarlo que van comen\u00e7ar diumenge passat, 10 d&#8217;abril, amb el tradicional sopar de sobaquillo a la qual van acudir m\u00fasics, socis i simpatitzants recuperant aix\u00ed una tradici\u00f3 que ha estat aparcada els dos \u00faltims anys a causa de la situaci\u00f3 sanit\u00e0ria.<\/p>\n\n\n\n<p>La nit va comen\u00e7ar amb les tradicionals carcasses, un per cada any de vida de Montecarlo, 69 en total, i un xicotet castell de focs artificials, que van disparar les nostres Reines del Mant\u00f3, Andrea Villar Sol\u00e1 i Daniela Carrascosa Marzo, i la nostra Representant M\u00aa Jos\u00e9 Ferrer Hern\u00e1ndez. Elles van ser les encarregades de realitzar el sorteig i entregar els premis de la rifa que havia preparat la Comissi\u00f3 de la Festa del Mant\u00f3 per a l&#8217;ocasi\u00f3.<\/p>\n\n\n\n<p>El dimecres 13 d&#8217;abril va tindre lloc un berenar amb bunyols i xocolate per a tots \u201cels Lletjos\u201d en l&#8217;hall del Teatre. A causa de la pluja que va fer acte de pres\u00e8ncia durant la vesprada, els m\u00fasics de la Banda Juvenil no van poder desfilar en cercavila des del local social Rosers fins a Montecarlo, com era tradicional en els \u00faltims anys, per\u00f2 s\u00ed que van acudir fins al teatre per a amenitzar amb pasdobles la labor de les bu\u00f1oleras i animar als assistents a l&#8217;acte.<\/p>\n\n\n\n<p>El dissabte 16 d&#8217;abril despr\u00e9s del Concert de la Banda Simf\u00f2nica, la Comissi\u00f3 de la Festa del Mant\u00f3 va organitzar el tradicional Sopar Homenatge al M\u00fasic, que va aconseguir reunir de nou m\u00fasics, socis i convidats en una vetlada festiva despr\u00e9s de diversos anys sense poder celebrar-se. El seg\u00fcent homenatge va ser per als seus col\u00b7laboradors, sense el treball dels quals seria molt complicat realitzar totes les activitats que la Comissi\u00f3 duu a terme i per als quals es va oferir un berenar el dijous 21 d&#8217;abril en el Sal\u00f3 de Presidents del Teatre Montecarlo.&nbsp;<\/p>\n\n\n\n<p>El 27 d&#8217;abril va tindre lloc l&#8217;\u00faltim dels actes, el Campionat de Parx\u00eds, recuperant aix\u00ed una de les activitats m\u00e9s popular entre els socis i que la situaci\u00f3 sanit\u00e0ria no permetia celebrar. Els participants es van reunir a la Sala \u201cLuis Ayll\u00f3n\u201d i gaudir d&#8217;una vesprada de jocs i germanor en la qual Dorita Iranzo, Mercedes Mas i Concha S\u00e1ez es van al\u00e7ar amb els premis en aquesta edici\u00f3.&nbsp;<\/p>\n\n\n\n<p>La Comissi\u00f3 de la Festa del Mant\u00f3 continua amb la seua activitat, ja amb la mirada posada en la Festa del Mant\u00f3 2022, recuperant la celebraci\u00f3 tradicional despr\u00e9s de dos anys en qu\u00e8 L&#8217;Art\u00edstica ha celebrat el seu dia gran de manera simb\u00f2lica. Els pr\u00f2xims 20, 21 i 22 de maig, la Comissi\u00f3 organitza una exposici\u00f3 de Mantons de manila i mantillas al costat de Distribucions Arag\u00f3 en l&#8217;Hall del Teatre Montecarlo. En horari de 10&nbsp; 14 i de 16 a 21 hores es podran admirar aquestes magn\u00edfiques peces a m\u00e9s d&#8217;adquirir-les per a lluir com mai en aquesta pr\u00f2xima Festa del Mant\u00f3 tan esperada per tots.&nbsp;<\/p>\n\n\n\n<figure class=\"wp-block-gallery columns-2 is-cropped wp-block-gallery-1 is-layout-flex wp-block-gallery-is-layout-flex\"><ul class=\"blocks-gallery-grid\"><li class=\"blocks-gallery-item\"><figure><img loading=\"lazy\" decoding=\"async\" width=\"768\" height=\"1024\" src=\"http:\/\/www.tucomarca.com\/wordpress\/segunda\/wp-content\/uploads\/2022\/05\/AniversarioMontecarlo1-768x1024.jpg\" alt=\"\" data-id=\"157209\" data-full-url=\"http:\/\/www.tucomarca.com\/wordpress\/segunda\/wp-content\/uploads\/2022\/05\/AniversarioMontecarlo1.jpg\" data-link=\"http:\/\/www.tucomarca.com\/wordpress\/segunda\/?attachment_id=157209\" class=\"wp-image-157209\" srcset=\"https:\/\/www.tucomarca.com\/wordpress\/segunda\/wp-content\/uploads\/2022\/05\/AniversarioMontecarlo1-768x1024.jpg 768w, https:\/\/www.tucomarca.com\/wordpress\/segunda\/wp-content\/uploads\/2022\/05\/AniversarioMontecarlo1-225x300.jpg 225w, https:\/\/www.tucomarca.com\/wordpress\/segunda\/wp-content\/uploads\/2022\/05\/AniversarioMontecarlo1-1152x1536.jpg 1152w, https:\/\/www.tucomarca.com\/wordpress\/segunda\/wp-content\/uploads\/2022\/05\/AniversarioMontecarlo1.jpg 1181w\" sizes=\"auto, (max-width: 768px) 100vw, 768px\" \/><\/figure><\/li><li class=\"blocks-gallery-item\"><figure><img loading=\"lazy\" decoding=\"async\" width=\"1024\" height=\"768\" src=\"http:\/\/www.tucomarca.com\/wordpress\/segunda\/wp-content\/uploads\/2022\/05\/AniversarioMontecarlo2-1024x768.jpg\" alt=\"\" data-id=\"157211\" data-full-url=\"http:\/\/www.tucomarca.com\/wordpress\/segunda\/wp-content\/uploads\/2022\/05\/AniversarioMontecarlo2.jpg\" data-link=\"http:\/\/www.tucomarca.com\/wordpress\/segunda\/?attachment_id=157211\" class=\"wp-image-157211\" srcset=\"https:\/\/www.tucomarca.com\/wordpress\/segunda\/wp-content\/uploads\/2022\/05\/AniversarioMontecarlo2-1024x768.jpg 1024w, https:\/\/www.tucomarca.com\/wordpress\/segunda\/wp-content\/uploads\/2022\/05\/AniversarioMontecarlo2-300x225.jpg 300w, https:\/\/www.tucomarca.com\/wordpress\/segunda\/wp-content\/uploads\/2022\/05\/AniversarioMontecarlo2-768x576.jpg 768w, https:\/\/www.tucomarca.com\/wordpress\/segunda\/wp-content\/uploads\/2022\/05\/AniversarioMontecarlo2-678x509.jpg 678w, https:\/\/www.tucomarca.com\/wordpress\/segunda\/wp-content\/uploads\/2022\/05\/AniversarioMontecarlo2-326x245.jpg 326w, https:\/\/www.tucomarca.com\/wordpress\/segunda\/wp-content\/uploads\/2022\/05\/AniversarioMontecarlo2-80x60.jpg 80w, https:\/\/www.tucomarca.com\/wordpress\/segunda\/wp-content\/uploads\/2022\/05\/AniversarioMontecarlo2.jpg 1181w\" sizes=\"auto, (max-width: 1024px) 100vw, 1024px\" \/><\/figure><\/li><li class=\"blocks-gallery-item\"><figure><img loading=\"lazy\" decoding=\"async\" width=\"1024\" height=\"768\" src=\"http:\/\/www.tucomarca.com\/wordpress\/segunda\/wp-content\/uploads\/2022\/05\/AniversarioMontecarlo3-1024x768.jpg\" alt=\"\" data-id=\"157201\" data-full-url=\"http:\/\/www.tucomarca.com\/wordpress\/segunda\/wp-content\/uploads\/2022\/05\/AniversarioMontecarlo3.jpg\" data-link=\"http:\/\/www.tucomarca.com\/wordpress\/segunda\/?attachment_id=157201\" class=\"wp-image-157201\" srcset=\"https:\/\/www.tucomarca.com\/wordpress\/segunda\/wp-content\/uploads\/2022\/05\/AniversarioMontecarlo3-1024x768.jpg 1024w, https:\/\/www.tucomarca.com\/wordpress\/segunda\/wp-content\/uploads\/2022\/05\/AniversarioMontecarlo3-300x225.jpg 300w, https:\/\/www.tucomarca.com\/wordpress\/segunda\/wp-content\/uploads\/2022\/05\/AniversarioMontecarlo3-768x576.jpg 768w, https:\/\/www.tucomarca.com\/wordpress\/segunda\/wp-content\/uploads\/2022\/05\/AniversarioMontecarlo3-678x509.jpg 678w, https:\/\/www.tucomarca.com\/wordpress\/segunda\/wp-content\/uploads\/2022\/05\/AniversarioMontecarlo3-326x245.jpg 326w, https:\/\/www.tucomarca.com\/wordpress\/segunda\/wp-content\/uploads\/2022\/05\/AniversarioMontecarlo3-80x60.jpg 80w, https:\/\/www.tucomarca.com\/wordpress\/segunda\/wp-content\/uploads\/2022\/05\/AniversarioMontecarlo3.jpg 1181w\" sizes=\"auto, (max-width: 1024px) 100vw, 1024px\" \/><\/figure><\/li><li class=\"blocks-gallery-item\"><figure><img loading=\"lazy\" decoding=\"async\" width=\"1024\" height=\"522\" src=\"http:\/\/www.tucomarca.com\/wordpress\/segunda\/wp-content\/uploads\/2022\/05\/AniversarioMontecarlo5-1024x522.jpg\" alt=\"\" data-id=\"157195\" data-full-url=\"http:\/\/www.tucomarca.com\/wordpress\/segunda\/wp-content\/uploads\/2022\/05\/AniversarioMontecarlo5.jpg\" data-link=\"http:\/\/www.tucomarca.com\/wordpress\/segunda\/?attachment_id=157195\" class=\"wp-image-157195\" srcset=\"https:\/\/www.tucomarca.com\/wordpress\/segunda\/wp-content\/uploads\/2022\/05\/AniversarioMontecarlo5-1024x522.jpg 1024w, https:\/\/www.tucomarca.com\/wordpress\/segunda\/wp-content\/uploads\/2022\/05\/AniversarioMontecarlo5-300x153.jpg 300w, https:\/\/www.tucomarca.com\/wordpress\/segunda\/wp-content\/uploads\/2022\/05\/AniversarioMontecarlo5-768x391.jpg 768w, https:\/\/www.tucomarca.com\/wordpress\/segunda\/wp-content\/uploads\/2022\/05\/AniversarioMontecarlo5.jpg 1181w\" sizes=\"auto, (max-width: 1024px) 100vw, 1024px\" \/><\/figure><\/li><li class=\"blocks-gallery-item\"><figure><img loading=\"lazy\" decoding=\"async\" width=\"1024\" height=\"502\" src=\"http:\/\/www.tucomarca.com\/wordpress\/segunda\/wp-content\/uploads\/2022\/05\/AniversarioMontecarlo6-1024x502.jpg\" alt=\"\" data-id=\"157197\" data-full-url=\"http:\/\/www.tucomarca.com\/wordpress\/segunda\/wp-content\/uploads\/2022\/05\/AniversarioMontecarlo6.jpg\" data-link=\"http:\/\/www.tucomarca.com\/wordpress\/segunda\/?attachment_id=157197\" class=\"wp-image-157197\" srcset=\"https:\/\/www.tucomarca.com\/wordpress\/segunda\/wp-content\/uploads\/2022\/05\/AniversarioMontecarlo6-1024x502.jpg 1024w, https:\/\/www.tucomarca.com\/wordpress\/segunda\/wp-content\/uploads\/2022\/05\/AniversarioMontecarlo6-300x147.jpg 300w, https:\/\/www.tucomarca.com\/wordpress\/segunda\/wp-content\/uploads\/2022\/05\/AniversarioMontecarlo6-768x377.jpg 768w, https:\/\/www.tucomarca.com\/wordpress\/segunda\/wp-content\/uploads\/2022\/05\/AniversarioMontecarlo6.jpg 1181w\" sizes=\"auto, (max-width: 1024px) 100vw, 1024px\" \/><\/figure><\/li><li class=\"blocks-gallery-item\"><figure><img loading=\"lazy\" decoding=\"async\" width=\"1024\" height=\"768\" src=\"http:\/\/www.tucomarca.com\/wordpress\/segunda\/wp-content\/uploads\/2022\/05\/AniversarioMontecarlo7-1024x768.jpg\" alt=\"\" data-id=\"157199\" data-full-url=\"http:\/\/www.tucomarca.com\/wordpress\/segunda\/wp-content\/uploads\/2022\/05\/AniversarioMontecarlo7.jpg\" data-link=\"http:\/\/www.tucomarca.com\/wordpress\/segunda\/?attachment_id=157199\" class=\"wp-image-157199\" srcset=\"https:\/\/www.tucomarca.com\/wordpress\/segunda\/wp-content\/uploads\/2022\/05\/AniversarioMontecarlo7-1024x768.jpg 1024w, https:\/\/www.tucomarca.com\/wordpress\/segunda\/wp-content\/uploads\/2022\/05\/AniversarioMontecarlo7-300x225.jpg 300w, https:\/\/www.tucomarca.com\/wordpress\/segunda\/wp-content\/uploads\/2022\/05\/AniversarioMontecarlo7-768x576.jpg 768w, https:\/\/www.tucomarca.com\/wordpress\/segunda\/wp-content\/uploads\/2022\/05\/AniversarioMontecarlo7-678x509.jpg 678w, https:\/\/www.tucomarca.com\/wordpress\/segunda\/wp-content\/uploads\/2022\/05\/AniversarioMontecarlo7-326x245.jpg 326w, https:\/\/www.tucomarca.com\/wordpress\/segunda\/wp-content\/uploads\/2022\/05\/AniversarioMontecarlo7-80x60.jpg 80w, https:\/\/www.tucomarca.com\/wordpress\/segunda\/wp-content\/uploads\/2022\/05\/AniversarioMontecarlo7.jpg 1181w\" sizes=\"auto, (max-width: 1024px) 100vw, 1024px\" \/><\/figure><\/li><li class=\"blocks-gallery-item\"><figure><img loading=\"lazy\" decoding=\"async\" width=\"1024\" height=\"768\" src=\"http:\/\/www.tucomarca.com\/wordpress\/segunda\/wp-content\/uploads\/2022\/05\/AniversarioMontecarlo8-1024x768.jpg\" alt=\"\" data-id=\"157203\" data-full-url=\"http:\/\/www.tucomarca.com\/wordpress\/segunda\/wp-content\/uploads\/2022\/05\/AniversarioMontecarlo8.jpg\" data-link=\"http:\/\/www.tucomarca.com\/wordpress\/segunda\/?attachment_id=157203\" class=\"wp-image-157203\" srcset=\"https:\/\/www.tucomarca.com\/wordpress\/segunda\/wp-content\/uploads\/2022\/05\/AniversarioMontecarlo8-1024x768.jpg 1024w, https:\/\/www.tucomarca.com\/wordpress\/segunda\/wp-content\/uploads\/2022\/05\/AniversarioMontecarlo8-300x225.jpg 300w, https:\/\/www.tucomarca.com\/wordpress\/segunda\/wp-content\/uploads\/2022\/05\/AniversarioMontecarlo8-768x576.jpg 768w, https:\/\/www.tucomarca.com\/wordpress\/segunda\/wp-content\/uploads\/2022\/05\/AniversarioMontecarlo8-678x509.jpg 678w, https:\/\/www.tucomarca.com\/wordpress\/segunda\/wp-content\/uploads\/2022\/05\/AniversarioMontecarlo8-326x245.jpg 326w, https:\/\/www.tucomarca.com\/wordpress\/segunda\/wp-content\/uploads\/2022\/05\/AniversarioMontecarlo8-80x60.jpg 80w, https:\/\/www.tucomarca.com\/wordpress\/segunda\/wp-content\/uploads\/2022\/05\/AniversarioMontecarlo8.jpg 1181w\" sizes=\"auto, (max-width: 1024px) 100vw, 1024px\" \/><\/figure><\/li><li class=\"blocks-gallery-item\"><figure><img loading=\"lazy\" decoding=\"async\" width=\"1024\" height=\"768\" src=\"http:\/\/www.tucomarca.com\/wordpress\/segunda\/wp-content\/uploads\/2022\/05\/AniversarioMontecarlo9-1024x768.jpg\" alt=\"\" data-id=\"157205\" data-full-url=\"http:\/\/www.tucomarca.com\/wordpress\/segunda\/wp-content\/uploads\/2022\/05\/AniversarioMontecarlo9.jpg\" data-link=\"http:\/\/www.tucomarca.com\/wordpress\/segunda\/?attachment_id=157205\" class=\"wp-image-157205\" srcset=\"https:\/\/www.tucomarca.com\/wordpress\/segunda\/wp-content\/uploads\/2022\/05\/AniversarioMontecarlo9-1024x768.jpg 1024w, https:\/\/www.tucomarca.com\/wordpress\/segunda\/wp-content\/uploads\/2022\/05\/AniversarioMontecarlo9-300x225.jpg 300w, https:\/\/www.tucomarca.com\/wordpress\/segunda\/wp-content\/uploads\/2022\/05\/AniversarioMontecarlo9-768x576.jpg 768w, https:\/\/www.tucomarca.com\/wordpress\/segunda\/wp-content\/uploads\/2022\/05\/AniversarioMontecarlo9-678x509.jpg 678w, https:\/\/www.tucomarca.com\/wordpress\/segunda\/wp-content\/uploads\/2022\/05\/AniversarioMontecarlo9-326x245.jpg 326w, https:\/\/www.tucomarca.com\/wordpress\/segunda\/wp-content\/uploads\/2022\/05\/AniversarioMontecarlo9-80x60.jpg 80w, https:\/\/www.tucomarca.com\/wordpress\/segunda\/wp-content\/uploads\/2022\/05\/AniversarioMontecarlo9.jpg 1181w\" sizes=\"auto, (max-width: 1024px) 100vw, 1024px\" \/><\/figure><\/li><li class=\"blocks-gallery-item\"><figure><img loading=\"lazy\" decoding=\"async\" width=\"1024\" height=\"768\" src=\"http:\/\/www.tucomarca.com\/wordpress\/segunda\/wp-content\/uploads\/2022\/05\/AniversarioMontecarlo4-1024x768.jpg\" alt=\"\" data-id=\"157207\" data-full-url=\"http:\/\/www.tucomarca.com\/wordpress\/segunda\/wp-content\/uploads\/2022\/05\/AniversarioMontecarlo4.jpg\" data-link=\"http:\/\/www.tucomarca.com\/wordpress\/segunda\/?attachment_id=157207\" class=\"wp-image-157207\" srcset=\"https:\/\/www.tucomarca.com\/wordpress\/segunda\/wp-content\/uploads\/2022\/05\/AniversarioMontecarlo4-1024x768.jpg 1024w, https:\/\/www.tucomarca.com\/wordpress\/segunda\/wp-content\/uploads\/2022\/05\/AniversarioMontecarlo4-300x225.jpg 300w, https:\/\/www.tucomarca.com\/wordpress\/segunda\/wp-content\/uploads\/2022\/05\/AniversarioMontecarlo4-768x576.jpg 768w, https:\/\/www.tucomarca.com\/wordpress\/segunda\/wp-content\/uploads\/2022\/05\/AniversarioMontecarlo4-678x509.jpg 678w, https:\/\/www.tucomarca.com\/wordpress\/segunda\/wp-content\/uploads\/2022\/05\/AniversarioMontecarlo4-326x245.jpg 326w, https:\/\/www.tucomarca.com\/wordpress\/segunda\/wp-content\/uploads\/2022\/05\/AniversarioMontecarlo4-80x60.jpg 80w, https:\/\/www.tucomarca.com\/wordpress\/segunda\/wp-content\/uploads\/2022\/05\/AniversarioMontecarlo4.jpg 1181w\" sizes=\"auto, (max-width: 1024px) 100vw, 1024px\" \/><\/figure><\/li><li class=\"blocks-gallery-item\"><figure><img loading=\"lazy\" decoding=\"async\" width=\"1024\" height=\"768\" src=\"http:\/\/www.tucomarca.com\/wordpress\/segunda\/wp-content\/uploads\/2022\/05\/AniversarioMontecarlo10-1024x768.jpg\" alt=\"\" data-id=\"157193\" data-full-url=\"http:\/\/www.tucomarca.com\/wordpress\/segunda\/wp-content\/uploads\/2022\/05\/AniversarioMontecarlo10.jpg\" data-link=\"http:\/\/www.tucomarca.com\/wordpress\/segunda\/?attachment_id=157193\" class=\"wp-image-157193\" srcset=\"https:\/\/www.tucomarca.com\/wordpress\/segunda\/wp-content\/uploads\/2022\/05\/AniversarioMontecarlo10-1024x768.jpg 1024w, https:\/\/www.tucomarca.com\/wordpress\/segunda\/wp-content\/uploads\/2022\/05\/AniversarioMontecarlo10-300x225.jpg 300w, https:\/\/www.tucomarca.com\/wordpress\/segunda\/wp-content\/uploads\/2022\/05\/AniversarioMontecarlo10-768x576.jpg 768w, https:\/\/www.tucomarca.com\/wordpress\/segunda\/wp-content\/uploads\/2022\/05\/AniversarioMontecarlo10-678x509.jpg 678w, https:\/\/www.tucomarca.com\/wordpress\/segunda\/wp-content\/uploads\/2022\/05\/AniversarioMontecarlo10-326x245.jpg 326w, https:\/\/www.tucomarca.com\/wordpress\/segunda\/wp-content\/uploads\/2022\/05\/AniversarioMontecarlo10-80x60.jpg 80w, https:\/\/www.tucomarca.com\/wordpress\/segunda\/wp-content\/uploads\/2022\/05\/AniversarioMontecarlo10.jpg 1181w\" sizes=\"auto, (max-width: 1024px) 100vw, 1024px\" \/><\/figure><\/li><\/ul><\/figure>\n","protected":false},"excerpt":{"rendered":"<div class=\"mh-excerpt\">La Comissi\u00f3 de la Festes del Mant\u00f3 ha organitzat, com cada any, els actes amb motiu de l&#8217;Aniversari del Teatre Montecarlo que van comen\u00e7ar diumenge passat, 10 d&#8217;abril, amb el tradicional sopar de sobaquillo a <a class=\"mh-excerpt-more\" href=\"https:\/\/www.tucomarca.com\/wordpress\/segunda\/ca\/fotogaleria-la-comissio-de-la-festa-del-manto-de-la-sm-lartistica-de-bunyol-celebra-laniversari-del-teatre-montecarlo\/\" title=\"Fotogaler\u00eda: La Comissi\u00f3 de la Festa del Mant\u00f3 de la SM \u201cL&#8217;Art\u00edstica\u201d de Bunyol celebra l&#8217;Aniversari del Teatre Montecarlo\">[+] <\/a><\/div>\n","protected":false},"author":12,"featured_media":157194,"comment_status":"open","ping_status":"open","sticky":false,"template":"","format":"gallery","meta":{"footnotes":""},"categories":[10911,11005,10894,10912,11007,10896],"tags":[17117,10913,17118,10914,11154],"class_list":{"0":"post-157214","1":"post","2":"type-post","3":"status-publish","4":"format-gallery","5":"has-post-thumbnail","7":"category-bunol-ca","8":"category-canal-musica","9":"category-la-comarca-ca","10":"category-la-hoya-ca","11":"category-ocio-y-cultura-ca","12":"category-seccion-ca","13":"tag-aniversario-teatro-montecarlo-ca","14":"tag-bunol-ca","15":"tag-fiesta-del-manton-ca","16":"tag-la-hoya-de-bunol-chiva-ca","17":"tag-sm-la-artistica-de-bunol-ca","18":"post_format-post-format-gallery"},"_links":{"self":[{"href":"https:\/\/www.tucomarca.com\/wordpress\/segunda\/ca\/wp-json\/wp\/v2\/posts\/157214","targetHints":{"allow":["GET"]}}],"collection":[{"href":"https:\/\/www.tucomarca.com\/wordpress\/segunda\/ca\/wp-json\/wp\/v2\/posts"}],"about":[{"href":"https:\/\/www.tucomarca.com\/wordpress\/segunda\/ca\/wp-json\/wp\/v2\/types\/post"}],"author":[{"embeddable":true,"href":"https:\/\/www.tucomarca.com\/wordpress\/segunda\/ca\/wp-json\/wp\/v2\/users\/12"}],"replies":[{"embeddable":true,"href":"https:\/\/www.tucomarca.com\/wordpress\/segunda\/ca\/wp-json\/wp\/v2\/comments?post=157214"}],"version-history":[{"count":0,"href":"https:\/\/www.tucomarca.com\/wordpress\/segunda\/ca\/wp-json\/wp\/v2\/posts\/157214\/revisions"}],"wp:featuredmedia":[{"embeddable":true,"href":"https:\/\/www.tucomarca.com\/wordpress\/segunda\/ca\/wp-json\/wp\/v2\/media\/157194"}],"wp:attachment":[{"href":"https:\/\/www.tucomarca.com\/wordpress\/segunda\/ca\/wp-json\/wp\/v2\/media?parent=157214"}],"wp:term":[{"taxonomy":"category","embeddable":true,"href":"https:\/\/www.tucomarca.com\/wordpress\/segunda\/ca\/wp-json\/wp\/v2\/categories?post=157214"},{"taxonomy":"post_tag","embeddable":true,"href":"https:\/\/www.tucomarca.com\/wordpress\/segunda\/ca\/wp-json\/wp\/v2\/tags?post=157214"}],"curies":[{"name":"wp","href":"https:\/\/api.w.org\/{rel}","templated":true}]}}