{"id":157271,"date":"2022-05-16T12:00:00","date_gmt":"2022-05-16T10:00:00","guid":{"rendered":"http:\/\/www.tucomarca.com\/wordpress\/segunda\/?p=157271"},"modified":"2022-05-16T19:12:56","modified_gmt":"2022-05-16T17:12:56","slug":"alboraig-celebra-el-primer-acte-del-355-aniversari-del-miracle-de-la-verge-dels-desemparats","status":"publish","type":"post","link":"https:\/\/www.tucomarca.com\/wordpress\/segunda\/ca\/alboraig-celebra-el-primer-acte-del-355-aniversari-del-miracle-de-la-verge-dels-desemparats\/","title":{"rendered":"Alboraig celebra el primer acte del 355 aniversari del miracle de la Verge dels Desemparats"},"content":{"rendered":"\n<h4 class=\"wp-block-heading\">Aquest dissabte, 14 de maig, es va celebrar en la Parr\u00f2quia del municipi una solemne missa presidida pel bisbe auxiliar de la Di\u00f2cesi de Val\u00e8ncia, Sr. Arturo Ros, i una Ronda a la Verge a c\u00e0rrec del grup Va de Dons.&nbsp;<\/h4>\n\n\n\n<h4 class=\"wp-block-heading\">L&#8217;Ajuntament d&#8217;Alboraig t\u00e9 com a objectiu recuperar les tradicions i posar en valor el llegat immaterial del municipi.<\/h4>\n\n\n\n<figure class=\"wp-block-gallery columns-3 is-cropped wp-block-gallery-1 is-layout-flex wp-block-gallery-is-layout-flex\"><ul class=\"blocks-gallery-grid\"><li class=\"blocks-gallery-item\"><figure><img loading=\"lazy\" decoding=\"async\" width=\"768\" height=\"1024\" src=\"http:\/\/www.tucomarca.com\/wordpress\/segunda\/wp-content\/uploads\/2022\/05\/AlboracheMisaMilagro03-768x1024.jpg\" alt=\"\" data-id=\"157257\" data-full-url=\"http:\/\/www.tucomarca.com\/wordpress\/segunda\/wp-content\/uploads\/2022\/05\/AlboracheMisaMilagro03.jpg\" data-link=\"http:\/\/www.tucomarca.com\/wordpress\/segunda\/?attachment_id=157257\" class=\"wp-image-157257\" srcset=\"https:\/\/www.tucomarca.com\/wordpress\/segunda\/wp-content\/uploads\/2022\/05\/AlboracheMisaMilagro03-768x1024.jpg 768w, https:\/\/www.tucomarca.com\/wordpress\/segunda\/wp-content\/uploads\/2022\/05\/AlboracheMisaMilagro03-225x300.jpg 225w, https:\/\/www.tucomarca.com\/wordpress\/segunda\/wp-content\/uploads\/2022\/05\/AlboracheMisaMilagro03-1152x1536.jpg 1152w, https:\/\/www.tucomarca.com\/wordpress\/segunda\/wp-content\/uploads\/2022\/05\/AlboracheMisaMilagro03.jpg 1181w\" sizes=\"auto, (max-width: 768px) 100vw, 768px\" \/><\/figure><\/li><li class=\"blocks-gallery-item\"><figure><img loading=\"lazy\" decoding=\"async\" width=\"576\" height=\"1024\" src=\"http:\/\/www.tucomarca.com\/wordpress\/segunda\/wp-content\/uploads\/2022\/05\/AlboracheMisaMilagro01-576x1024.jpg\" alt=\"\" data-id=\"157259\" data-full-url=\"http:\/\/www.tucomarca.com\/wordpress\/segunda\/wp-content\/uploads\/2022\/05\/AlboracheMisaMilagro01.jpg\" data-link=\"http:\/\/www.tucomarca.com\/wordpress\/segunda\/?attachment_id=157259\" class=\"wp-image-157259\" srcset=\"https:\/\/www.tucomarca.com\/wordpress\/segunda\/wp-content\/uploads\/2022\/05\/AlboracheMisaMilagro01-576x1024.jpg 576w, https:\/\/www.tucomarca.com\/wordpress\/segunda\/wp-content\/uploads\/2022\/05\/AlboracheMisaMilagro01-169x300.jpg 169w, https:\/\/www.tucomarca.com\/wordpress\/segunda\/wp-content\/uploads\/2022\/05\/AlboracheMisaMilagro01.jpg 664w\" sizes=\"auto, (max-width: 576px) 100vw, 576px\" \/><\/figure><\/li><li class=\"blocks-gallery-item\"><figure><img loading=\"lazy\" decoding=\"async\" width=\"1024\" height=\"768\" src=\"http:\/\/www.tucomarca.com\/wordpress\/segunda\/wp-content\/uploads\/2022\/05\/AlboracheMisaMilagro05-1024x768.jpg\" alt=\"\" data-id=\"157265\" data-full-url=\"http:\/\/www.tucomarca.com\/wordpress\/segunda\/wp-content\/uploads\/2022\/05\/AlboracheMisaMilagro05.jpg\" data-link=\"http:\/\/www.tucomarca.com\/wordpress\/segunda\/?attachment_id=157265\" class=\"wp-image-157265\" srcset=\"https:\/\/www.tucomarca.com\/wordpress\/segunda\/wp-content\/uploads\/2022\/05\/AlboracheMisaMilagro05-1024x768.jpg 1024w, https:\/\/www.tucomarca.com\/wordpress\/segunda\/wp-content\/uploads\/2022\/05\/AlboracheMisaMilagro05-300x225.jpg 300w, https:\/\/www.tucomarca.com\/wordpress\/segunda\/wp-content\/uploads\/2022\/05\/AlboracheMisaMilagro05-768x576.jpg 768w, https:\/\/www.tucomarca.com\/wordpress\/segunda\/wp-content\/uploads\/2022\/05\/AlboracheMisaMilagro05-678x509.jpg 678w, https:\/\/www.tucomarca.com\/wordpress\/segunda\/wp-content\/uploads\/2022\/05\/AlboracheMisaMilagro05-326x245.jpg 326w, https:\/\/www.tucomarca.com\/wordpress\/segunda\/wp-content\/uploads\/2022\/05\/AlboracheMisaMilagro05-80x60.jpg 80w, https:\/\/www.tucomarca.com\/wordpress\/segunda\/wp-content\/uploads\/2022\/05\/AlboracheMisaMilagro05.jpg 1181w\" sizes=\"auto, (max-width: 1024px) 100vw, 1024px\" \/><\/figure><\/li><li class=\"blocks-gallery-item\"><figure><img loading=\"lazy\" decoding=\"async\" width=\"768\" height=\"1024\" src=\"http:\/\/www.tucomarca.com\/wordpress\/segunda\/wp-content\/uploads\/2022\/05\/AlboracheMisaMilagro04-768x1024.jpg\" alt=\"\" data-id=\"157261\" data-full-url=\"http:\/\/www.tucomarca.com\/wordpress\/segunda\/wp-content\/uploads\/2022\/05\/AlboracheMisaMilagro04.jpg\" data-link=\"http:\/\/www.tucomarca.com\/wordpress\/segunda\/?attachment_id=157261\" class=\"wp-image-157261\" srcset=\"https:\/\/www.tucomarca.com\/wordpress\/segunda\/wp-content\/uploads\/2022\/05\/AlboracheMisaMilagro04-768x1024.jpg 768w, https:\/\/www.tucomarca.com\/wordpress\/segunda\/wp-content\/uploads\/2022\/05\/AlboracheMisaMilagro04-225x300.jpg 225w, https:\/\/www.tucomarca.com\/wordpress\/segunda\/wp-content\/uploads\/2022\/05\/AlboracheMisaMilagro04-1152x1536.jpg 1152w, https:\/\/www.tucomarca.com\/wordpress\/segunda\/wp-content\/uploads\/2022\/05\/AlboracheMisaMilagro04.jpg 1181w\" sizes=\"auto, (max-width: 768px) 100vw, 768px\" \/><\/figure><\/li><\/ul><\/figure>\n\n\n\n<p>El&nbsp;<strong>miracle<\/strong>&nbsp;<strong>de La nostra Senyora dels Desemparats a Jaime Renovell Barba<\/strong>, ve\u00ed d&#8217;Alboraig, es remunta al 14 de maig de 1667. Aix\u00ed, amb motiu del seu&nbsp;<strong>355 aniversari<\/strong>&nbsp;l&#8217;Ajuntament d&#8217;Alboraig ha creat una&nbsp;<strong>imatge representativa<\/strong>&nbsp;d&#8217;aquest esdeveniment, aix\u00ed com diferents activitats, en col\u00b7laboraci\u00f3 amb la Parr\u00f2quia Santiago Ap\u00f2stol d&#8217;Alboraig i diferents associacions del municipi.&nbsp;<\/p>\n\n\n\n<p>Amb motiu de tan assenyalada data, durant 2022-2023 es realitzaran diversos actes commemoratius amb la finalitat de posar en valor el miracle de La nostra Senyora dels Desemparats a Jaime Renovell Barba.&nbsp;<\/p>\n\n\n\n<p>El primer d&#8217;ells, va tindre lloc aquest dissabte, 14 de maig, en la Parr\u00f2quia del municipi amb una solemne missa presidida pel bisbe auxiliar de la Di\u00f2cesi de Val\u00e8ncia, Sr. Arturo Ros, i una Ronda a la Verge a c\u00e0rrec del grup Va de Dons.&nbsp;<\/p>\n\n\n\n<p><strong>Un miracle, una imatge<\/strong><\/p>\n\n\n\n<p>Amb l&#8217;objectiu de commemorar aquest esdeveniment, aix\u00ed com recuperar les tradicions i posar en valor el llegat immaterial del municipi l&#8217;Ajuntament d&#8217;Alboraig -amb motiu del 355 aniversari d&#8217;aquest esdeveniment- s&#8217;ha volgut plasmar el miracle de La nostra Senyora dels Desemparats a Jaime Renovell Barba en un&nbsp;<strong>logo<\/strong>&nbsp;inspirat en tal fita amb el qual es&nbsp;<strong>mantinga visca la tradici\u00f3 aix\u00ed com la representaci\u00f3 de la llegenda<\/strong>&nbsp;escomesa en el municipi.<\/p>\n\n\n\n<figure class=\"wp-block-image size-large\"><img loading=\"lazy\" decoding=\"async\" width=\"1024\" height=\"1024\" src=\"http:\/\/www.tucomarca.com\/wordpress\/segunda\/wp-content\/uploads\/2022\/05\/milagrologo-1024x1024.jpg\" alt=\"\" class=\"wp-image-157263\" srcset=\"https:\/\/www.tucomarca.com\/wordpress\/segunda\/wp-content\/uploads\/2022\/05\/milagrologo-1024x1024.jpg 1024w, https:\/\/www.tucomarca.com\/wordpress\/segunda\/wp-content\/uploads\/2022\/05\/milagrologo-300x300.jpg 300w, https:\/\/www.tucomarca.com\/wordpress\/segunda\/wp-content\/uploads\/2022\/05\/milagrologo-290x290.jpg 290w, https:\/\/www.tucomarca.com\/wordpress\/segunda\/wp-content\/uploads\/2022\/05\/milagrologo-768x768.jpg 768w, https:\/\/www.tucomarca.com\/wordpress\/segunda\/wp-content\/uploads\/2022\/05\/milagrologo.jpg 1181w\" sizes=\"auto, (max-width: 1024px) 100vw, 1024px\" \/><\/figure>\n\n\n\n<p>&nbsp;<\/p>\n\n\n\n<p><strong>Actividades en torno a El milagro de Nuestra Se\u00f1ora de los Desamparados a Jaime Renovell Barba<\/strong><\/p>\n\n\n\n<p>Para conmemorar dicho acontecimiento desde el Ayuntamiento de Alborache, en colaboraci\u00f3n directa con la Parroquia Santiago Ap\u00f3stol de Alborache y distintas asociaciones del municipio, va a organizar una serie de actividades en torno a El milagro de Nuestra Se\u00f1ora de los Desamparados a Jaime Renovell Barba con el fin de poner en valor, 355 a\u00f1os despu\u00e9s, las tradiciones orales, as\u00ed como el legado inmaterial de Alborache.&nbsp;<\/p>\n\n\n\n<p>El primer acto conmemorativo tuvo lugar el s\u00e1bado 14 de mayo de 2022 en la Parroquia Santiago Ap\u00f3stol de Alborache con una solemne misa presidida por el obispo auxiliar de la Di\u00f3cesis de Valencia, D. Arturo Ros, y una Ronda a la Virgen a cargo del grupo Va de Dones a la que todos los vecinos y vecinas estuvieron invitados. Pero este es la primera de las muchas actividades programadas entre 2022-2023 para conmemorar el aniversario de esta leyenda que perdura hasta nuestros d\u00edas: el milagro de Nuestra Se\u00f1ora de los Desamparados a Jaime Renovell Barba.<\/p>\n\n\n\n<p><strong>El milagro de Nuestra Se\u00f1ora de los Desamparados a Jaime Renovell<\/strong><\/p>\n\n\n\n<p>Cuenta la leyenda que Jaime Renovell, vecino de Alborache mand\u00f3 a dos hijos suyos al campo a pastorear a los bueyes, con tan mala suerte que uno de ellos call\u00f3 al r\u00edo. Tras la desaparici\u00f3n del ni\u00f1o el pueblo se volc\u00f3 con la familia Renovell y comenz\u00f3 la b\u00fasqueda del peque\u00f1o por los alrededores. Al anochecer, sin rastro del peque\u00f1o Jaime, Jaime Renovell volvi\u00f3 a casa donde encontr\u00f3 a su mujer envuelta en un mar de l\u00e1grimas con muchas vecinas que consolaban a la madre. En medio de tal caos, miraron al interior de la casa y, sin saber por d\u00f3nde hab\u00eda entrado, se encontraron al ni\u00f1o empapado en agua, hinchado, fr\u00edo y con apenas fuerzas.&nbsp;<\/p>\n\n\n\n<p>Una vez recuperado el peque\u00f1o Jaime el cura del pueblo le hizo varias preguntas a las que el ni\u00f1o respondi\u00f3 que un buey le hab\u00eda arrojado al r\u00edo y que permaneci\u00f3 en \u00e9l hasta el anochecer debajo del agua porque all\u00ed mismo oy\u00f3 la se\u00f1al del Avemar\u00eda. Guiado por una luz vio, entre el agua, a una Se\u00f1ora con corona de resplandor y una varita entre las manos. Esta, ordeno a dos j\u00f3venes -sin barba y muy hermosos- que le sacaran del agua. Guiados por la Se\u00f1ora ambos j\u00f3venes trasladaron al peque\u00f1o Jaime hasta su casa donde lo dejaron sano y salvo ante el asombro de todo el pueblo de Alborache, que busca al peque\u00f1o por el r\u00edo.&nbsp;<\/p>\n\n\n\n<p>Sorprendido con tal relato el cura le pregunto s\u00ed identificaba a la mujer del r\u00edo, para posteriormente sacarle una estampa de la Virgen de los Desamparados. La reacci\u00f3n del ni\u00f1o fue rotunda: \u00a1c\u00f3mo esta es la Se\u00f1ora que yo vi! De esta manera el pueblo de Alborache comenz\u00f3 a difundir el milagro entre los aleda\u00f1os para llegar hasta la Di\u00f3cesis de Valencia que registr\u00f3 dicho milagro que ha ido perdurando en el tiempo hasta nuestros d\u00edas siendo este a\u00f1o el 355 aniversario de tal acontecimiento que dej\u00f3 impronta en el municipio de Alborache entre sus vecinos y vecinas.<\/p>\n\n\n\n<p>Fotos: Mar\u00eda Mart\u00ednez.<\/p>\n","protected":false},"excerpt":{"rendered":"<div class=\"mh-excerpt\">Aquest dissabte, 14 de maig, es va celebrar en la Parr\u00f2quia del municipi una solemne missa presidida pel bisbe auxiliar de la Di\u00f2cesi de Val\u00e8ncia, Sr. Arturo Ros, i una Ronda a la Verge a <a class=\"mh-excerpt-more\" href=\"https:\/\/www.tucomarca.com\/wordpress\/segunda\/ca\/alboraig-celebra-el-primer-acte-del-355-aniversari-del-miracle-de-la-verge-dels-desemparats\/\" title=\"Alboraig celebra el primer acte del 355 aniversari del miracle de la Verge dels Desemparats\">[+] <\/a><\/div>\n","protected":false},"author":12,"featured_media":157256,"comment_status":"open","ping_status":"open","sticky":false,"template":"","format":"gallery","meta":{"footnotes":""},"categories":[10973,10894,10912,11007,10896],"tags":[11224,17070,10914,17124],"class_list":{"0":"post-157271","1":"post","2":"type-post","3":"status-publish","4":"format-gallery","5":"has-post-thumbnail","7":"category-alborache-ca","8":"category-la-comarca-ca","9":"category-la-hoya-ca","10":"category-ocio-y-cultura-ca","11":"category-seccion-ca","12":"tag-alborache-ca","13":"tag-el-milagro-de-nuestra-senora-de-los-desamparados-a-jaime-renovell-barba-ca","14":"tag-la-hoya-de-bunol-chiva-ca","15":"tag-obispo-auxiliar-arturo-ros-ca","16":"post_format-post-format-gallery"},"_links":{"self":[{"href":"https:\/\/www.tucomarca.com\/wordpress\/segunda\/ca\/wp-json\/wp\/v2\/posts\/157271","targetHints":{"allow":["GET"]}}],"collection":[{"href":"https:\/\/www.tucomarca.com\/wordpress\/segunda\/ca\/wp-json\/wp\/v2\/posts"}],"about":[{"href":"https:\/\/www.tucomarca.com\/wordpress\/segunda\/ca\/wp-json\/wp\/v2\/types\/post"}],"author":[{"embeddable":true,"href":"https:\/\/www.tucomarca.com\/wordpress\/segunda\/ca\/wp-json\/wp\/v2\/users\/12"}],"replies":[{"embeddable":true,"href":"https:\/\/www.tucomarca.com\/wordpress\/segunda\/ca\/wp-json\/wp\/v2\/comments?post=157271"}],"version-history":[{"count":0,"href":"https:\/\/www.tucomarca.com\/wordpress\/segunda\/ca\/wp-json\/wp\/v2\/posts\/157271\/revisions"}],"wp:featuredmedia":[{"embeddable":true,"href":"https:\/\/www.tucomarca.com\/wordpress\/segunda\/ca\/wp-json\/wp\/v2\/media\/157256"}],"wp:attachment":[{"href":"https:\/\/www.tucomarca.com\/wordpress\/segunda\/ca\/wp-json\/wp\/v2\/media?parent=157271"}],"wp:term":[{"taxonomy":"category","embeddable":true,"href":"https:\/\/www.tucomarca.com\/wordpress\/segunda\/ca\/wp-json\/wp\/v2\/categories?post=157271"},{"taxonomy":"post_tag","embeddable":true,"href":"https:\/\/www.tucomarca.com\/wordpress\/segunda\/ca\/wp-json\/wp\/v2\/tags?post=157271"}],"curies":[{"name":"wp","href":"https:\/\/api.w.org\/{rel}","templated":true}]}}