{"id":157519,"date":"2022-05-18T10:00:00","date_gmt":"2022-05-18T08:00:00","guid":{"rendered":"http:\/\/www.tucomarca.com\/wordpress\/segunda\/?p=157519"},"modified":"2022-05-19T10:07:53","modified_gmt":"2022-05-19T08:07:53","slug":"el-circuit-ricardo-tormo-celebra-la-segona-carrera-del-fim-juniorgp","status":"publish","type":"post","link":"https:\/\/www.tucomarca.com\/wordpress\/segunda\/ca\/el-circuit-ricardo-tormo-celebra-la-segona-carrera-del-fim-juniorgp\/","title":{"rendered":"El Circuit Ricardo Tormo celebra la segona carrera del FIM JuniorGP"},"content":{"rendered":"\n<p>L&#8217;avantsala del Campionat del M\u00f3n de Motociclisme t\u00e9 programades un total de cinc carreres per al diumenge&nbsp;<br>El mundial j\u00fanior de Moto3, el campionat d&#8217;Europa de Moto2 i la Hawkers European Talent Cup arriben a Xest<\/p>\n\n\n\n<p>El Circuit Ricardo Tormo celebra el cap de setmana del 21 i 22 de maig la segona prova puntuable per al Finetwork FIM JuniorGP, la nova denominaci\u00f3 del certamen internacional que serveix com a avantsala per al Campionat del M\u00f3n de Motociclisme.<\/p>\n\n\n\n<p>Un total de 119 pilots completen les llistes d&#8217;inscrits de les tres categories que formen el FIM JuniorGP. 33 pilots seran de la partida en el mundial j\u00fanior de Moto3 liderats pel tailand\u00e9s Tatchakorn Buasri (Honda), que va ser el guanyador de la primera carrera celebrada en el tra\u00e7at portugu\u00e9s d&#8217;Estoril. Jos\u00e9 Antonio Rueda (Honda), David Salvador (Hvsvarna), David Alonso (Gas Gas) i Adri\u00e1n Cruces (KTM) seran alguns dels candidats a la vict\u00f2ria en les dues carreres programades per al diumenge.<\/p>\n\n\n\n<p>L&#8217;alemany Lukas Tulovic (Triumph) lidera la classificaci\u00f3 general de la categoria de Moto2 despr\u00e9s de les dues carreres d&#8217;Estoril, seguit per l&#8217;australi\u00e0 Senna Agius (Kalex) i l&#8217;itali\u00e0 Mattia Rato (Kalex). Els pilots de Moto2 compartiran pista amb els d&#8217;Estoc 600 liderats pel pilot de l&#8217;equip Fau55 Tey Racing Alex Ruiz (Yamaha) i amb la participaci\u00f3 del pilot del Bressol de Campions Juan Rodr\u00edguez. En total, 34 pilots formaran la graella d&#8217;eixida de la carrera del diumenge.<\/p>\n\n\n\n<p>La categoria m\u00e9s concorreguda \u00e9s la Hawkers European Talent Cup. Un total de 52 joves es veuran obligats a celebrar els entrenaments dividits en dos grups. El pupil del Aspar Team, Joel Esteban, \u00e9s el l\u00edder despr\u00e9s del seu doblet en l&#8217;estrena del certamen a Portugal.<\/p>\n\n\n\n<p>L&#8217;escola del Circuit, el Bressol de Campions, ser\u00e0 present en les tres categories amb els seus pilots Adri\u00e1n Cruces i Doah Dettwiller en Moto3, Juan Rodr\u00edguez en Estoc i el pilot indi Geoffrey Emmanuel en la Hawkers European Talent Cup.<\/p>\n\n\n\n<p>Els entrenaments se celebraran de dijous a dissabte i el diumenge tindran lloc les cinc carreres programades des de les 11 hores amb entrada lliure per a tots els aficionats.<\/p>\n","protected":false},"excerpt":{"rendered":"<div class=\"mh-excerpt\">L&#8217;avantsala del Campionat del M\u00f3n de Motociclisme t\u00e9 programades un total de cinc carreres per al diumenge&nbsp;El mundial j\u00fanior de Moto3, el campionat d&#8217;Europa de Moto2 i la Hawkers European Talent Cup arriben a Xest <a class=\"mh-excerpt-more\" href=\"https:\/\/www.tucomarca.com\/wordpress\/segunda\/ca\/el-circuit-ricardo-tormo-celebra-la-segona-carrera-del-fim-juniorgp\/\" title=\"El Circuit Ricardo Tormo celebra la segona carrera del FIM JuniorGP\">[+] <\/a><\/div>\n","protected":false},"author":12,"featured_media":157518,"comment_status":"open","ping_status":"open","sticky":false,"template":"","format":"standard","meta":{"footnotes":""},"categories":[11003,10894,10904,10912,11011,10896,10974],"tags":[11071,11412,17154,11498],"class_list":{"0":"post-157519","1":"post","2":"type-post","3":"status-publish","4":"format-standard","5":"has-post-thumbnail","7":"category-sports","8":"category-la-comarca-ca","9":"category-sin-categorizar-ca","10":"category-la-hoya-ca","11":"category-motociclismo-ca","12":"category-seccion-ca","13":"category-cheste-ca","14":"tag-cheste","15":"tag-circuit-ricardo-tormo-ca","16":"tag-fim-juniorgp-ca","17":"tag-generalitat-valenciana-ca"},"_links":{"self":[{"href":"https:\/\/www.tucomarca.com\/wordpress\/segunda\/ca\/wp-json\/wp\/v2\/posts\/157519","targetHints":{"allow":["GET"]}}],"collection":[{"href":"https:\/\/www.tucomarca.com\/wordpress\/segunda\/ca\/wp-json\/wp\/v2\/posts"}],"about":[{"href":"https:\/\/www.tucomarca.com\/wordpress\/segunda\/ca\/wp-json\/wp\/v2\/types\/post"}],"author":[{"embeddable":true,"href":"https:\/\/www.tucomarca.com\/wordpress\/segunda\/ca\/wp-json\/wp\/v2\/users\/12"}],"replies":[{"embeddable":true,"href":"https:\/\/www.tucomarca.com\/wordpress\/segunda\/ca\/wp-json\/wp\/v2\/comments?post=157519"}],"version-history":[{"count":0,"href":"https:\/\/www.tucomarca.com\/wordpress\/segunda\/ca\/wp-json\/wp\/v2\/posts\/157519\/revisions"}],"wp:featuredmedia":[{"embeddable":true,"href":"https:\/\/www.tucomarca.com\/wordpress\/segunda\/ca\/wp-json\/wp\/v2\/media\/157518"}],"wp:attachment":[{"href":"https:\/\/www.tucomarca.com\/wordpress\/segunda\/ca\/wp-json\/wp\/v2\/media?parent=157519"}],"wp:term":[{"taxonomy":"category","embeddable":true,"href":"https:\/\/www.tucomarca.com\/wordpress\/segunda\/ca\/wp-json\/wp\/v2\/categories?post=157519"},{"taxonomy":"post_tag","embeddable":true,"href":"https:\/\/www.tucomarca.com\/wordpress\/segunda\/ca\/wp-json\/wp\/v2\/tags?post=157519"}],"curies":[{"name":"wp","href":"https:\/\/api.w.org\/{rel}","templated":true}]}}