{"id":158089,"date":"2022-05-26T12:10:00","date_gmt":"2022-05-26T10:10:00","guid":{"rendered":"http:\/\/www.tucomarca.com\/wordpress\/segunda\/?p=158089"},"modified":"2022-05-27T11:02:30","modified_gmt":"2022-05-27T09:02:30","slug":"el-compositor-valencia-andres-valero-castells-lliurament-lobra-catarsi-en-roig-encarregada-per-lajuntament-de-bunyol-pel-75-aniversari-de-la-tomatina","status":"publish","type":"post","link":"https:\/\/www.tucomarca.com\/wordpress\/segunda\/ca\/el-compositor-valencia-andres-valero-castells-lliurament-lobra-catarsi-en-roig-encarregada-per-lajuntament-de-bunyol-pel-75-aniversari-de-la-tomatina\/","title":{"rendered":"El compositor valenci\u00e0 Andr\u00e9s Valero-Castells lliurament l&#8217;obra \u201cCatarsi en roig\u201d encarregada per l&#8217;Ajuntament de Bunyol pel 75 aniversari de la Tomatina"},"content":{"rendered":"\n<p>En 2020 es complien els 75 anys d&#8217;aquesta festa declarada d&#8217;Inter\u00e9s Tur\u00edstic Internacional, per\u00f2 per la pand\u00e8mia va haver d&#8217;ajornar-se. Enguany s\u00ed que se celebra aqueix aniversari i aquest compositor, molt vinculat a Bunyol i a les seues dues societats musicals, ha fet lliurament d&#8217;aquesta gran obra original a la regidora de Turisme i Tomatina del Consistori, Mar\u00eda Vall\u00e9s.&nbsp;<\/p>\n\n\n\n<p>El compositor valenci\u00e0 Andr\u00e9s Valero-Castells li va fer lliurament a la regidora de Turisme i Tomatina de l&#8217;Ajuntament de Bunyol, Mar\u00eda Vall\u00e9s, divendres passat de l&#8217;obra encarregada amb motiu del 75 aniversari d&#8217;aquesta festa, \u201cCatarsi en roig\u201d. Una petici\u00f3 que se li va fer en 2020, any en qu\u00e8 anava a celebrar-se aqueix aniversari. Dos anys despr\u00e9s s\u00ed que pot celebrar-se aquest aniversari i aquesta gran obra original s&#8217;estrenar\u00e0 en la localitat el mes vinent de juliol. La seua m\u00fasica acompanyar\u00e0 a aquesta festa per sempre.<br>L&#8217;edil Mar\u00eda Vall\u00e9s, es va mostrar molt satisfeta per poder comptar amb aquesta obra de mans d&#8217;un dels millors compositors, i que a m\u00e9s coneix les dues societats musicals de la localitat i la import\u00e0ncia de la m\u00fasica a Bunyol. \u201cAquesta obra conjuba perfectament la passi\u00f3 que tenim al nostre poble per la m\u00fasica i per la Tomatina, la nostra festa\u201d.&nbsp;<br>\u201cCatarsi en roig\u201d ser\u00e0 estrenada per la banda simf\u00f2nica del CIM L&#8217;Harm\u00f2nica de Bunyol en el concert d&#8217;obertura de la Biennal de M\u00fasica aquest mes de juliol. Per a la clausura, a c\u00e0rrec de la banda simf\u00f2nica de la SM L&#8217;Art\u00edstica, tornar\u00e0 a tocar-se per aquests m\u00fasics, concloent aix\u00ed aquesta biennal. \u201c\u00c9s una pe\u00e7a curta, intensa i molt representativa del nostre poble\u201d, confirma Juncal Carrascosa, Alcaldessa de la localitat, que tamb\u00e9 va ser present en el lliurament d&#8217;aquesta obra pel propi compositor valenci\u00e0.<\/p>\n\n\n\n<p><\/p>\n","protected":false},"excerpt":{"rendered":"<div class=\"mh-excerpt\">En 2020 es complien els 75 anys d&#8217;aquesta festa declarada d&#8217;Inter\u00e9s Tur\u00edstic Internacional, per\u00f2 per la pand\u00e8mia va haver d&#8217;ajornar-se. Enguany s\u00ed que se celebra aqueix aniversari i aquest compositor, molt vinculat a Bunyol i <a class=\"mh-excerpt-more\" href=\"https:\/\/www.tucomarca.com\/wordpress\/segunda\/ca\/el-compositor-valencia-andres-valero-castells-lliurament-lobra-catarsi-en-roig-encarregada-per-lajuntament-de-bunyol-pel-75-aniversari-de-la-tomatina\/\" title=\"El compositor valenci\u00e0 Andr\u00e9s Valero-Castells lliurament l&#8217;obra \u201cCatarsi en roig\u201d encarregada per l&#8217;Ajuntament de Bunyol pel 75 aniversari de la Tomatina\">[+] <\/a><\/div>\n","protected":false},"author":12,"featured_media":158088,"comment_status":"open","ping_status":"open","sticky":false,"template":"","format":"standard","meta":{"footnotes":""},"categories":[10911,11005,10894,10912,11007,10896],"tags":[11945,11909,11158,17223,10914],"class_list":{"0":"post-158089","1":"post","2":"type-post","3":"status-publish","4":"format-standard","5":"has-post-thumbnail","7":"category-bunol-ca","8":"category-canal-musica","9":"category-la-comarca-ca","10":"category-la-hoya-ca","11":"category-ocio-y-cultura-ca","12":"category-seccion-ca","13":"tag-75-aniversario-de-la-tomatina-ca","14":"tag-andres-valero-castells-ca","15":"tag-ayuntamiento-de-bunol-ca","16":"tag-catarsis-en-rojo-ca","17":"tag-la-hoya-de-bunol-chiva-ca"},"_links":{"self":[{"href":"https:\/\/www.tucomarca.com\/wordpress\/segunda\/ca\/wp-json\/wp\/v2\/posts\/158089","targetHints":{"allow":["GET"]}}],"collection":[{"href":"https:\/\/www.tucomarca.com\/wordpress\/segunda\/ca\/wp-json\/wp\/v2\/posts"}],"about":[{"href":"https:\/\/www.tucomarca.com\/wordpress\/segunda\/ca\/wp-json\/wp\/v2\/types\/post"}],"author":[{"embeddable":true,"href":"https:\/\/www.tucomarca.com\/wordpress\/segunda\/ca\/wp-json\/wp\/v2\/users\/12"}],"replies":[{"embeddable":true,"href":"https:\/\/www.tucomarca.com\/wordpress\/segunda\/ca\/wp-json\/wp\/v2\/comments?post=158089"}],"version-history":[{"count":0,"href":"https:\/\/www.tucomarca.com\/wordpress\/segunda\/ca\/wp-json\/wp\/v2\/posts\/158089\/revisions"}],"wp:featuredmedia":[{"embeddable":true,"href":"https:\/\/www.tucomarca.com\/wordpress\/segunda\/ca\/wp-json\/wp\/v2\/media\/158088"}],"wp:attachment":[{"href":"https:\/\/www.tucomarca.com\/wordpress\/segunda\/ca\/wp-json\/wp\/v2\/media?parent=158089"}],"wp:term":[{"taxonomy":"category","embeddable":true,"href":"https:\/\/www.tucomarca.com\/wordpress\/segunda\/ca\/wp-json\/wp\/v2\/categories?post=158089"},{"taxonomy":"post_tag","embeddable":true,"href":"https:\/\/www.tucomarca.com\/wordpress\/segunda\/ca\/wp-json\/wp\/v2\/tags?post=158089"}],"curies":[{"name":"wp","href":"https:\/\/api.w.org\/{rel}","templated":true}]}}