{"id":158310,"date":"2022-05-30T12:00:00","date_gmt":"2022-05-30T10:00:00","guid":{"rendered":"http:\/\/www.tucomarca.com\/wordpress\/segunda\/?p=158310"},"modified":"2022-05-31T11:29:40","modified_gmt":"2022-05-31T09:29:40","slug":"lajuntament-llanca-una-nova-convocatoria-del-programa-municipal-benaguasil-et-beca","status":"publish","type":"post","link":"https:\/\/www.tucomarca.com\/wordpress\/segunda\/ca\/lajuntament-llanca-una-nova-convocatoria-del-programa-municipal-benaguasil-et-beca\/","title":{"rendered":"L&#8217;Ajuntament llan\u00e7a una nova convocat\u00f2ria del Programa Municipal \u2018Benaguasil Et Beca\u2019"},"content":{"rendered":"\n<h4 class=\"wp-block-heading\">El programa \u00e9s finan\u00e7at al 100% per l&#8217;Ajuntament per al suport a la formaci\u00f3 dels estudiants en l&#8217;\u00e0mbit local<\/h4>\n\n\n\n<h4 class=\"wp-block-heading\">Els becaris aprendran nous coneixements en les \u00e0rees d&#8217;Administraci\u00f3, Educaci\u00f3 i Esport.<\/h4>\n\n\n\n<p>L&#8217;Ajuntament de Benaguasil ha obert el termini per a inscriure&#8217;s en el programa local \u201cBenaguasil et beca\u201d, a trav\u00e9s del qual 20 estudiants realitzaran pr\u00e0ctiques formatives durant els mesos de juliol i agost en el Consistori en les \u00e0rees d&#8217;Administraci\u00f3, Educaci\u00f3 i Esport.&nbsp;<br>A la convocat\u00f2ria podran presentar-se aquells estudiants que estiguen empadronats en la localitat, que tinguen 18 anys complits i que es troben cursant Cicles Formatius de Formaci\u00f3 Professional o Ensenyaments Universitaris Oficials, Ensenyaments Art\u00edstics Superiors o M\u00e0ster Oficial impartit per les Universitats, que vindran determinades en les corresponents bases.<br>Cadascuna de les beques est\u00e0 dotada amb un import de&nbsp;450 euros bruts&nbsp;mensuals&nbsp;que seran finan\u00e7ats \u00edntegrament per l&#8217;Ajuntament que invertir\u00e0 un total de 9.000 euros.<br>\u201cBenaguasil et Beca\u201d \u00e9s un programa municipal que llan\u00e7a l&#8217;Ajuntament per tercer any consecutiu, conscient de la import\u00e0ncia de continuar apostant per completar la formaci\u00f3 dels estudiants i acostar-los al m\u00f3n laboral. \u201cDes de l&#8217;Ajuntament continuem apostant per l&#8217;excel\u00b7l\u00e8ncia juvenil i per les fam\u00edlies de Benaguasil amb la posada en marxa d&#8217;aquest programa perqu\u00e8 els nostres joves puguen posar en pr\u00e0ctica l&#8217;apr\u00e9s en els seus respectius centres formatius\u201d, ha assenyalat la regidor de Joventut, Ana Aleixandre.<br>Les sol\u00b7licituds que, podran presentar-se fins al pr\u00f2xim 7 de juny a l&#8217;Ajuntament, hauran d&#8217;anar acompanyades d&#8217;una fotoc\u00f2pia del DNI, la documentaci\u00f3 acreditativa d&#8217;estar cursant la titulaci\u00f3 requerida, fotoc\u00f2pia de l&#8217;expedient acad\u00e8mic, aix\u00ed com de tots els documents que acrediten els m\u00e8rits.<\/p>\n\n\n\n<p><\/p>\n","protected":false},"excerpt":{"rendered":"<div class=\"mh-excerpt\">El programa \u00e9s finan\u00e7at al 100% per l&#8217;Ajuntament per al suport a la formaci\u00f3 dels estudiants en l&#8217;\u00e0mbit local Els becaris aprendran nous coneixements en les \u00e0rees d&#8217;Administraci\u00f3, Educaci\u00f3 i Esport. L&#8217;Ajuntament de Benaguasil ha <a class=\"mh-excerpt-more\" href=\"https:\/\/www.tucomarca.com\/wordpress\/segunda\/ca\/lajuntament-llanca-una-nova-convocatoria-del-programa-municipal-benaguasil-et-beca\/\" title=\"L&#8217;Ajuntament llan\u00e7a una nova convocat\u00f2ria del Programa Municipal \u2018Benaguasil Et Beca\u2019\">[+] <\/a><\/div>\n","protected":false},"author":12,"featured_media":158309,"comment_status":"open","ping_status":"open","sticky":false,"template":"","format":"standard","meta":{"footnotes":""},"categories":[10952,10892,10948,10894,10947,10896],"tags":[11136,17248,10899],"class_list":{"0":"post-158310","1":"post","2":"type-post","3":"status-publish","4":"format-standard","5":"has-post-thumbnail","7":"category-benaguasil-ca","8":"category-camp-de-turia-ca","9":"category-infraestructuras-ca","10":"category-la-comarca-ca","11":"category-politica","12":"category-seccion-ca","13":"tag-benaguasil-ca","14":"tag-benaguasil-te-beca-ca","15":"tag-camp-de-turia-ca"},"_links":{"self":[{"href":"https:\/\/www.tucomarca.com\/wordpress\/segunda\/ca\/wp-json\/wp\/v2\/posts\/158310","targetHints":{"allow":["GET"]}}],"collection":[{"href":"https:\/\/www.tucomarca.com\/wordpress\/segunda\/ca\/wp-json\/wp\/v2\/posts"}],"about":[{"href":"https:\/\/www.tucomarca.com\/wordpress\/segunda\/ca\/wp-json\/wp\/v2\/types\/post"}],"author":[{"embeddable":true,"href":"https:\/\/www.tucomarca.com\/wordpress\/segunda\/ca\/wp-json\/wp\/v2\/users\/12"}],"replies":[{"embeddable":true,"href":"https:\/\/www.tucomarca.com\/wordpress\/segunda\/ca\/wp-json\/wp\/v2\/comments?post=158310"}],"version-history":[{"count":0,"href":"https:\/\/www.tucomarca.com\/wordpress\/segunda\/ca\/wp-json\/wp\/v2\/posts\/158310\/revisions"}],"wp:featuredmedia":[{"embeddable":true,"href":"https:\/\/www.tucomarca.com\/wordpress\/segunda\/ca\/wp-json\/wp\/v2\/media\/158309"}],"wp:attachment":[{"href":"https:\/\/www.tucomarca.com\/wordpress\/segunda\/ca\/wp-json\/wp\/v2\/media?parent=158310"}],"wp:term":[{"taxonomy":"category","embeddable":true,"href":"https:\/\/www.tucomarca.com\/wordpress\/segunda\/ca\/wp-json\/wp\/v2\/categories?post=158310"},{"taxonomy":"post_tag","embeddable":true,"href":"https:\/\/www.tucomarca.com\/wordpress\/segunda\/ca\/wp-json\/wp\/v2\/tags?post=158310"}],"curies":[{"name":"wp","href":"https:\/\/api.w.org\/{rel}","templated":true}]}}