{"id":158503,"date":"2022-06-02T10:20:00","date_gmt":"2022-06-02T08:20:00","guid":{"rendered":"http:\/\/www.tucomarca.com\/wordpress\/segunda\/?p=158503"},"modified":"2022-06-02T19:56:51","modified_gmt":"2022-06-02T17:56:51","slug":"el-prya-es-mostra-en-contra-de-leliminacio-de-les-bases-de-les-brigades-forestals-de-la-portera-benaixeve-i-utiel","status":"publish","type":"post","link":"https:\/\/www.tucomarca.com\/wordpress\/segunda\/ca\/el-prya-es-mostra-en-contra-de-leliminacio-de-les-bases-de-les-brigades-forestals-de-la-portera-benaixeve-i-utiel\/","title":{"rendered":"El PRyA es mostra en contra de l&#8217;eliminaci\u00f3 de les bases de les brigades forestals de la Portera, Benaixeve i Utiel"},"content":{"rendered":"\n<p><strong>El Portaveu del Grup Municipal del PRyA, Joaqu\u00edn Gonz\u00e1lez Gonz\u00e1lez, den\u00fancia el tancament de les bases de les brigades forestals de la Portera, Benaixeve i Utiel.<\/strong><\/p>\n\n\n\n<p>&#8220;Des del Partit de Requena i Llogarets volem expressar el nostre m\u00e9s absolut rebuig a l&#8217;eliminaci\u00f3 de les bases d&#8217;algunes brigades forestals en la nostra zona, m\u00e9s concretament les situades en La Portera, Benaixeve i Utiel, els treballadors de la qual seran reubicats en altres bases&#8221;, han manifestat.<\/p>\n\n\n\n<p>&#8220;Des de la nostra formaci\u00f3, creiem que s&#8217;ha de fer marxa enrere a aquests tancaments, perqu\u00e8 aquestes brigades s\u00f3n molt necess\u00e0ries per a les nostres muntanyes i els treballadors haurien de seguir en els seus llocs ac\u00ed. A m\u00e9s de mantindre les actuals, seria necessari l&#8217;obertura de noves bases de brigades forestals i un augment de personal per a poder atendre totes les labors de manteniment que requereixen les nostres muntanyes&#8221;.<\/p>\n\n\n\n<p>Des del Partit de Requena i Llogarets consideren &#8220;la neteja de les nostres muntanyes com la millor mesura de prevenci\u00f3 contra incendis i aix\u00f2 nom\u00e9s s&#8217;aconsegueix creant noves bases de brigades de muntanyes, conservant les actuals i augmentant el personal laboral destinat a aquestes labors de manteniment&#8221;.<\/p>\n\n\n\n<p>&#8220;Per posar un exemple, els pins caiguts per la tempesta de neu de 2017 continuen en les nostres muntanyes amb la seua fusta seca que, al costat de tota l&#8217;herba sense llevar de la nostra massa forestal, presenten un risc d&#8217;incendi tots els anys. Aix\u00f2 nom\u00e9s se soluciona replantejant tot el sistema de manteniment de les nostres muntanyes&#8221;.<\/p>\n\n\n\n<p>Des del Partit de Requena i Llogarets proposen &#8220;solucions, a difer\u00e8ncia dels partits pol\u00edtics d&#8217;esquerres del govern valenci\u00e0 als quals se&#8217;ls ompli la boca d&#8217;ecologisme i despr\u00e9s no fan res per millorar el nostre medi ambient&#8221;.\u00a0<\/p>\n\n\n\n<p>&#8220;\u00c9s per tot aix\u00f2 que ens ratifiquem en la nostra postura de no tancar les bases de les brigades forestals de la Portera, Benaixeve i Utiel, aix\u00ed com la creaci\u00f3 de noves instal\u00b7lacions amb un augment de personal per a preservar nets i sense risc d&#8217;incendi les nostres muntanyes&#8221;, finalitzen.<\/p>\n","protected":false},"excerpt":{"rendered":"<div class=\"mh-excerpt\">El Portaveu del Grup Municipal del PRyA, Joaqu\u00edn Gonz\u00e1lez Gonz\u00e1lez, den\u00fancia el tancament de les bases de les brigades forestals de la Portera, Benaixeve i Utiel. &#8220;Des del Partit de Requena i Llogarets volem expressar <a class=\"mh-excerpt-more\" href=\"https:\/\/www.tucomarca.com\/wordpress\/segunda\/ca\/el-prya-es-mostra-en-contra-de-leliminacio-de-les-bases-de-les-brigades-forestals-de-la-portera-benaixeve-i-utiel\/\" title=\"El PRyA es mostra en contra de l&#8217;eliminaci\u00f3 de les bases de les brigades forestals de la Portera, Benaixeve i Utiel\">[+] <\/a><\/div>\n","protected":false},"author":12,"featured_media":158499,"comment_status":"open","ping_status":"open","sticky":false,"template":"","format":"standard","meta":{"footnotes":""},"categories":[11041,11046,10948,10894,10904,10903,10947,10908,10909,10896],"tags":[11099,13682,10910],"class_list":{"0":"post-158503","1":"post","2":"type-post","3":"status-publish","4":"format-standard","5":"has-post-thumbnail","7":"category-benageber-ca","8":"category-los-serranos-ca","9":"category-infraestructuras-ca","10":"category-la-comarca-ca","11":"category-sin-categorizar-ca","12":"category-medio-ambiente-la-comarca-ca","13":"category-politica","14":"category-requena-ca","15":"category-requena-utiel-ca","16":"category-seccion-ca","17":"tag-requena-ca","18":"tag-requena-y-aldeas-ca","19":"tag-requena-utiel-ca"},"_links":{"self":[{"href":"https:\/\/www.tucomarca.com\/wordpress\/segunda\/ca\/wp-json\/wp\/v2\/posts\/158503","targetHints":{"allow":["GET"]}}],"collection":[{"href":"https:\/\/www.tucomarca.com\/wordpress\/segunda\/ca\/wp-json\/wp\/v2\/posts"}],"about":[{"href":"https:\/\/www.tucomarca.com\/wordpress\/segunda\/ca\/wp-json\/wp\/v2\/types\/post"}],"author":[{"embeddable":true,"href":"https:\/\/www.tucomarca.com\/wordpress\/segunda\/ca\/wp-json\/wp\/v2\/users\/12"}],"replies":[{"embeddable":true,"href":"https:\/\/www.tucomarca.com\/wordpress\/segunda\/ca\/wp-json\/wp\/v2\/comments?post=158503"}],"version-history":[{"count":0,"href":"https:\/\/www.tucomarca.com\/wordpress\/segunda\/ca\/wp-json\/wp\/v2\/posts\/158503\/revisions"}],"wp:featuredmedia":[{"embeddable":true,"href":"https:\/\/www.tucomarca.com\/wordpress\/segunda\/ca\/wp-json\/wp\/v2\/media\/158499"}],"wp:attachment":[{"href":"https:\/\/www.tucomarca.com\/wordpress\/segunda\/ca\/wp-json\/wp\/v2\/media?parent=158503"}],"wp:term":[{"taxonomy":"category","embeddable":true,"href":"https:\/\/www.tucomarca.com\/wordpress\/segunda\/ca\/wp-json\/wp\/v2\/categories?post=158503"},{"taxonomy":"post_tag","embeddable":true,"href":"https:\/\/www.tucomarca.com\/wordpress\/segunda\/ca\/wp-json\/wp\/v2\/tags?post=158503"}],"curies":[{"name":"wp","href":"https:\/\/api.w.org\/{rel}","templated":true}]}}