{"id":158544,"date":"2022-06-02T19:31:00","date_gmt":"2022-06-02T17:31:00","guid":{"rendered":"http:\/\/www.tucomarca.com\/wordpress\/segunda\/?p=158544"},"modified":"2022-06-02T20:35:07","modified_gmt":"2022-06-02T18:35:07","slug":"leonor-garcia-gabriela-lashayas-i-alex-infante-representaran-a-els-barris-de-turis-en-2023","status":"publish","type":"post","link":"https:\/\/www.tucomarca.com\/wordpress\/segunda\/ca\/leonor-garcia-gabriela-lashayas-i-alex-infante-representaran-a-els-barris-de-turis-en-2023\/","title":{"rendered":"Leonor Garcia, Gabriela Lashayas i Alex Infante representaran a Els Barris de Tur\u00eds en 2023"},"content":{"rendered":"\n<p><strong>La veterana comissi\u00f3 revela el seu quadre d&#8217;honor per a les festes del pr\u00f2xim any<\/strong><\/p>\n\n\n\n<p>La Falla Els Barris de Tur\u00eds ha nomenat els seus m\u00e0xims representants per a l&#8217;any que ve. El c\u00e0rrec de Fallera Major recaur\u00e0 en Leonor Garcia Ballester, just quan es compliran dos d\u00e8cades des que va regnar com a representant infantil.<\/p>\n\n\n\n<p>Compartir\u00e0 el quadre d&#8217;honor amb Gabriela Lashayas Blasco i Alex Infante Nogueroles, Fallera Major Infantil i President Infantil de 2023.<\/p>\n\n\n\n<p>Els tres van signar este dimecres les actes que acrediten els seus respectius c\u00e0rrecs. Seran ells els qui acompanyen al president de la comissi\u00f3, Iv\u00e1n Torres, en el seu des\u00e8 any al capdavant de les festes, que com ja \u00e9s tradici\u00f3 es celebraran en la localitat valenciana despr\u00e9s de Sant Josep.<\/p>\n\n\n\n<p>Fa unes setmanes, Santaeulalia Tematitzacions renovava amb Els Barris per sis\u00e8 any consecutiu. El reconegut taller tornar\u00e0 a fer doblet, ja que s&#8217;encarregar\u00e0 de realitzar els dos monuments que plantaran en la seua demarcaci\u00f3.<\/p>\n\n\n\n<p>De moment, la falla m\u00e9s veterana i nombrosa de Tur\u00eds prepara la festa amb la qual donar\u00e0 el tret de eixida a l&#8217;estiu el dissabte 2 de juliol. Un esperant esdeveniment que comptar\u00e0 amb l&#8217;actuaci\u00f3 d&#8217;una coneguda orquestra.<\/p>\n","protected":false},"excerpt":{"rendered":"<div class=\"mh-excerpt\">La veterana comissi\u00f3 revela el seu quadre d&#8217;honor per a les festes del pr\u00f2xim any La Falla Els Barris de Tur\u00eds ha nomenat els seus m\u00e0xims representants per a l&#8217;any que ve. El c\u00e0rrec de <a class=\"mh-excerpt-more\" href=\"https:\/\/www.tucomarca.com\/wordpress\/segunda\/ca\/leonor-garcia-gabriela-lashayas-i-alex-infante-representaran-a-els-barris-de-turis-en-2023\/\" title=\"Leonor Garcia, Gabriela Lashayas i Alex Infante representaran a Els Barris de Tur\u00eds en 2023\">[+] <\/a><\/div>\n","protected":false},"author":12,"featured_media":158542,"comment_status":"open","ping_status":"open","sticky":false,"template":"","format":"standard","meta":{"footnotes":""},"categories":[10894,10902,11004,11007,11008,10896,11047],"tags":[11712,11499,11077,11093],"class_list":{"0":"post-158544","1":"post","2":"type-post","3":"status-publish","4":"format-standard","5":"has-post-thumbnail","7":"category-la-comarca-ca","8":"category-la-ribera-ca","9":"category-la-semana-en-imagenes-ca","10":"category-ocio-y-cultura-ca","11":"category-pueblos-en-fiestas-ca","12":"category-seccion-ca","13":"category-turis-ca","14":"tag-falla-els-barris-ca","15":"tag-fallas-ca","16":"tag-la-ribera-alta-ca","17":"tag-turis-ca"},"_links":{"self":[{"href":"https:\/\/www.tucomarca.com\/wordpress\/segunda\/ca\/wp-json\/wp\/v2\/posts\/158544","targetHints":{"allow":["GET"]}}],"collection":[{"href":"https:\/\/www.tucomarca.com\/wordpress\/segunda\/ca\/wp-json\/wp\/v2\/posts"}],"about":[{"href":"https:\/\/www.tucomarca.com\/wordpress\/segunda\/ca\/wp-json\/wp\/v2\/types\/post"}],"author":[{"embeddable":true,"href":"https:\/\/www.tucomarca.com\/wordpress\/segunda\/ca\/wp-json\/wp\/v2\/users\/12"}],"replies":[{"embeddable":true,"href":"https:\/\/www.tucomarca.com\/wordpress\/segunda\/ca\/wp-json\/wp\/v2\/comments?post=158544"}],"version-history":[{"count":0,"href":"https:\/\/www.tucomarca.com\/wordpress\/segunda\/ca\/wp-json\/wp\/v2\/posts\/158544\/revisions"}],"wp:featuredmedia":[{"embeddable":true,"href":"https:\/\/www.tucomarca.com\/wordpress\/segunda\/ca\/wp-json\/wp\/v2\/media\/158542"}],"wp:attachment":[{"href":"https:\/\/www.tucomarca.com\/wordpress\/segunda\/ca\/wp-json\/wp\/v2\/media?parent=158544"}],"wp:term":[{"taxonomy":"category","embeddable":true,"href":"https:\/\/www.tucomarca.com\/wordpress\/segunda\/ca\/wp-json\/wp\/v2\/categories?post=158544"},{"taxonomy":"post_tag","embeddable":true,"href":"https:\/\/www.tucomarca.com\/wordpress\/segunda\/ca\/wp-json\/wp\/v2\/tags?post=158544"}],"curies":[{"name":"wp","href":"https:\/\/api.w.org\/{rel}","templated":true}]}}