{"id":158617,"date":"2022-06-03T22:00:00","date_gmt":"2022-06-03T20:00:00","guid":{"rendered":"http:\/\/www.tucomarca.com\/wordpress\/segunda\/?p=158617"},"modified":"2022-06-04T10:33:16","modified_gmt":"2022-06-04T08:33:16","slug":"sanitat-notifica-17-defuncions-i-3-326-nous-casos-de-coronavirus-en-la-comunitat-valenciana-1-486-dells-en-persones-majors-de-60-anys","status":"publish","type":"post","link":"https:\/\/www.tucomarca.com\/wordpress\/segunda\/ca\/sanitat-notifica-17-defuncions-i-3-326-nous-casos-de-coronavirus-en-la-comunitat-valenciana-1-486-dells-en-persones-majors-de-60-anys\/","title":{"rendered":"Sanitat notifica 17 defuncions i 3.326 nous casos de coronavirus en la Comunitat Valenciana, 1.486 d&#8217;ells en persones majors de 60 anys"},"content":{"rendered":"\n<p><strong>Els hospitals valencians tenen 652 persones ingressades, 34 d&#8217;elles en l&#8217;UCI<\/strong><\/p>\n\n\n\n<p>La Conselleria de Sanitat Universal i Salut P\u00fablica ha notificat un total de 3.326 nous casos de coronavirus confirmats per prova *PCR o a trav\u00e9s de test d&#8217;ant\u00edgens des de l&#8217;\u00faltima actualitzaci\u00f3. Els nous casos per prov\u00edncies s\u00f3n 406 a Castell\u00f3 (176.961 en total), 1.074 a Alacant (494.763 en total) i 1.846 a Val\u00e8ncia (770.682 en total).<\/p>\n\n\n\n<p>D&#8217;ells, 1.486 s\u00f3n de persones majors de 60 anys. Per prov\u00edncies: 234 de Castell\u00f3, 514 d&#8217;Alacant i 738 de Val\u00e8ncia.<\/p>\n\n\n\n<p>Els hospitals valencians tenen, actualment 652 persones ingressades, 34 d&#8217;elles en l&#8217;UCI: 129 a la prov\u00edncia de Castell\u00f3, 2 en UCI; 202 a la prov\u00edncia d&#8217;Alacant, 15 d&#8217;elles en l&#8217;UCI; i 321 a la prov\u00edncia de Val\u00e8ncia, 17 en UCI.<\/p>\n\n\n\n<p>S&#8217;han notificat 17 defuncions per coronavirus des de l&#8217;\u00faltima actualitzaci\u00f3, amb data de defunci\u00f3 en els \u00faltims 15 dies. Es tracta de 6 dones, d&#8217;entre 81 i 96 anys, i 11 homes, d&#8217;entre 55 i 90 anys. El total de decessos des de l&#8217;inici de la pand\u00e8mia ascendeix a 9.433: 1.103 a la prov\u00edncia de Castell\u00f3, 3.586 en la d&#8217;Alacant i 4.744 en la de Val\u00e8ncia.<\/p>\n","protected":false},"excerpt":{"rendered":"<div class=\"mh-excerpt\">Els hospitals valencians tenen 652 persones ingressades, 34 d&#8217;elles en l&#8217;UCI La Conselleria de Sanitat Universal i Salut P\u00fablica ha notificat un total de 3.326 nous casos de coronavirus confirmats per prova *PCR o a <a class=\"mh-excerpt-more\" href=\"https:\/\/www.tucomarca.com\/wordpress\/segunda\/ca\/sanitat-notifica-17-defuncions-i-3-326-nous-casos-de-coronavirus-en-la-comunitat-valenciana-1-486-dells-en-persones-majors-de-60-anys\/\" title=\"Sanitat notifica 17 defuncions i 3.326 nous casos de coronavirus en la Comunitat Valenciana, 1.486 d&#8217;ells en persones majors de 60 anys\">[+] <\/a><\/div>\n","protected":false},"author":1,"featured_media":141876,"comment_status":"open","ping_status":"open","sticky":false,"template":"","format":"standard","meta":{"footnotes":""},"categories":[11010,12202,10898,10948,10894,10904,10903,10947,10896,10897],"tags":[11939,11940,11199],"class_list":{"0":"post-158617","1":"post","2":"type-post","3":"status-publish","4":"format-standard","5":"has-post-thumbnail","7":"category-canal-salud","8":"category-covid-19-ca","9":"category-ventana-ca","10":"category-infraestructuras-ca","11":"category-la-comarca-ca","12":"category-sin-categorizar-ca","13":"category-medio-ambiente-la-comarca-ca","14":"category-politica","15":"category-seccion-ca","16":"category-sucesos-la-comarca-ca","17":"tag-coronavirus-ca","18":"tag-covid-19-ca","19":"tag-la-comunitat-ca"},"_links":{"self":[{"href":"https:\/\/www.tucomarca.com\/wordpress\/segunda\/ca\/wp-json\/wp\/v2\/posts\/158617","targetHints":{"allow":["GET"]}}],"collection":[{"href":"https:\/\/www.tucomarca.com\/wordpress\/segunda\/ca\/wp-json\/wp\/v2\/posts"}],"about":[{"href":"https:\/\/www.tucomarca.com\/wordpress\/segunda\/ca\/wp-json\/wp\/v2\/types\/post"}],"author":[{"embeddable":true,"href":"https:\/\/www.tucomarca.com\/wordpress\/segunda\/ca\/wp-json\/wp\/v2\/users\/1"}],"replies":[{"embeddable":true,"href":"https:\/\/www.tucomarca.com\/wordpress\/segunda\/ca\/wp-json\/wp\/v2\/comments?post=158617"}],"version-history":[{"count":0,"href":"https:\/\/www.tucomarca.com\/wordpress\/segunda\/ca\/wp-json\/wp\/v2\/posts\/158617\/revisions"}],"wp:featuredmedia":[{"embeddable":true,"href":"https:\/\/www.tucomarca.com\/wordpress\/segunda\/ca\/wp-json\/wp\/v2\/media\/141876"}],"wp:attachment":[{"href":"https:\/\/www.tucomarca.com\/wordpress\/segunda\/ca\/wp-json\/wp\/v2\/media?parent=158617"}],"wp:term":[{"taxonomy":"category","embeddable":true,"href":"https:\/\/www.tucomarca.com\/wordpress\/segunda\/ca\/wp-json\/wp\/v2\/categories?post=158617"},{"taxonomy":"post_tag","embeddable":true,"href":"https:\/\/www.tucomarca.com\/wordpress\/segunda\/ca\/wp-json\/wp\/v2\/tags?post=158617"}],"curies":[{"name":"wp","href":"https:\/\/api.w.org\/{rel}","templated":true}]}}