{"id":158895,"date":"2022-06-09T14:10:00","date_gmt":"2022-06-09T12:10:00","guid":{"rendered":"http:\/\/www.tucomarca.com\/wordpress\/segunda\/?p=158895"},"modified":"2022-06-09T19:03:01","modified_gmt":"2022-06-09T17:03:01","slug":"la-tomatina-de-bunyol-formara-part-del-programa-de-la-generalitat-terra-de-festes","status":"publish","type":"post","link":"https:\/\/www.tucomarca.com\/wordpress\/segunda\/ca\/la-tomatina-de-bunyol-formara-part-del-programa-de-la-generalitat-terra-de-festes\/","title":{"rendered":"La Tomatina de Bunyol formar\u00e0 part del programa de la Generalitat \u201cTerra de Festes\u201d"},"content":{"rendered":"\n<h4 class=\"wp-block-heading\">Aquest programa, presentat ahir pel President de la Generalitat Valenciana, Ximo Puig, i al qual va acudir Juncal Carrascosa, alcaldessa de Bunyol, posa en valor la Cultura Festiva Valenciana.<\/h4>\n\n\n\n<p>Ahir el President de la Generalitat Valenciana, Ximo Puig, va presentar la Comissi\u00f3 Assessora per a la promoci\u00f3 i difusi\u00f3 de festivals d&#8217;inter\u00e9s tur\u00edstic nacionals i internacionals sota la marca &#8220;Terra de Festivals&#8221;.<br>I \u00e9s que la Generalitat Valenciana i el President, Ximo Puig, han llan\u00e7at el programa \u201cTerra de Festes\u201d per a posar en valor la Cultura Festiva Valenciana, els grans esdeveniments festius tradicionals, declarats d&#8217;inter\u00e9s tur\u00edstic nacional i internacional, de la Comunitat i la seua repercussi\u00f3 econ\u00f2mica, social i cultural.\u00a0<br>La Tomatina de Bunyol \u00e9s un d&#8217;aquests esdeveniments. Per aix\u00f2 Juncal Carrascosa, alcaldessa de Bunyol, va ser present en aquesta presentaci\u00f3. Va mostrar el seu orgull i entusiasme perqu\u00e8 aquesta festa, declarada d&#8217;Inter\u00e9s Tur\u00edstic Internacional, forme part d&#8217;aquest programa tur\u00edstic avalat per la Generalitat Valenciana.\u00a0<br>Tamb\u00e9 destaca d&#8217;aquest programa la import\u00e0ncia de la M\u00fasica en la festa i les festes de les Societats Musicals, on Bunyol tamb\u00e9 t\u00e9 molt a dir. L&#8217;Ajuntament de Bunyol formar\u00e0 part de l&#8217;equip motor d&#8217;aquest programa de la Generalitat Valenciana. I \u00e9s que sens dubte Bunyol no podia faltar, ja que La Tomatina \u00e9s una de les poques festes que tenen el reconeixement d&#8217;Inter\u00e9s Tur\u00edstic Internacional.<\/p>\n\n\n\n<p><\/p>\n","protected":false},"excerpt":{"rendered":"<div class=\"mh-excerpt\">Aquest programa, presentat ahir pel President de la Generalitat Valenciana, Ximo Puig, i al qual va acudir Juncal Carrascosa, alcaldessa de Bunyol, posa en valor la Cultura Festiva Valenciana. Ahir el President de la Generalitat <a class=\"mh-excerpt-more\" href=\"https:\/\/www.tucomarca.com\/wordpress\/segunda\/ca\/la-tomatina-de-bunyol-formara-part-del-programa-de-la-generalitat-terra-de-festes\/\" title=\"La Tomatina de Bunyol formar\u00e0 part del programa de la Generalitat \u201cTerra de Festes\u201d\">[+] <\/a><\/div>\n","protected":false},"author":12,"featured_media":158894,"comment_status":"open","ping_status":"open","sticky":false,"template":"","format":"standard","meta":{"footnotes":""},"categories":[10911,10898,10948,10894,10912,11007,10947,10896],"tags":[11158,10913,11498,10914,12478,17323],"class_list":{"0":"post-158895","1":"post","2":"type-post","3":"status-publish","4":"format-standard","5":"has-post-thumbnail","7":"category-bunol-ca","8":"category-ventana-ca","9":"category-infraestructuras-ca","10":"category-la-comarca-ca","11":"category-la-hoya-ca","12":"category-ocio-y-cultura-ca","13":"category-politica","14":"category-seccion-ca","15":"tag-ayuntamiento-de-bunol-ca","16":"tag-bunol-ca","17":"tag-generalitat-valenciana-ca","18":"tag-la-hoya-de-bunol-chiva-ca","19":"tag-la-tomatina-de-bunol-ca","20":"tag-terra-de-festes-ca"},"_links":{"self":[{"href":"https:\/\/www.tucomarca.com\/wordpress\/segunda\/ca\/wp-json\/wp\/v2\/posts\/158895","targetHints":{"allow":["GET"]}}],"collection":[{"href":"https:\/\/www.tucomarca.com\/wordpress\/segunda\/ca\/wp-json\/wp\/v2\/posts"}],"about":[{"href":"https:\/\/www.tucomarca.com\/wordpress\/segunda\/ca\/wp-json\/wp\/v2\/types\/post"}],"author":[{"embeddable":true,"href":"https:\/\/www.tucomarca.com\/wordpress\/segunda\/ca\/wp-json\/wp\/v2\/users\/12"}],"replies":[{"embeddable":true,"href":"https:\/\/www.tucomarca.com\/wordpress\/segunda\/ca\/wp-json\/wp\/v2\/comments?post=158895"}],"version-history":[{"count":0,"href":"https:\/\/www.tucomarca.com\/wordpress\/segunda\/ca\/wp-json\/wp\/v2\/posts\/158895\/revisions"}],"wp:featuredmedia":[{"embeddable":true,"href":"https:\/\/www.tucomarca.com\/wordpress\/segunda\/ca\/wp-json\/wp\/v2\/media\/158894"}],"wp:attachment":[{"href":"https:\/\/www.tucomarca.com\/wordpress\/segunda\/ca\/wp-json\/wp\/v2\/media?parent=158895"}],"wp:term":[{"taxonomy":"category","embeddable":true,"href":"https:\/\/www.tucomarca.com\/wordpress\/segunda\/ca\/wp-json\/wp\/v2\/categories?post=158895"},{"taxonomy":"post_tag","embeddable":true,"href":"https:\/\/www.tucomarca.com\/wordpress\/segunda\/ca\/wp-json\/wp\/v2\/tags?post=158895"}],"curies":[{"name":"wp","href":"https:\/\/api.w.org\/{rel}","templated":true}]}}