{"id":158981,"date":"2022-06-10T08:00:00","date_gmt":"2022-06-10T06:00:00","guid":{"rendered":"http:\/\/www.tucomarca.com\/wordpress\/segunda\/?p=158981"},"modified":"2022-06-10T18:51:54","modified_gmt":"2022-06-10T16:51:54","slug":"un-horari-en-ficar-se-al-llit-i-alcar-se-i-evitar-pantalles-a-la-nit-claus-per-a-previndre-linsomni","status":"publish","type":"post","link":"https:\/\/www.tucomarca.com\/wordpress\/segunda\/ca\/un-horari-en-ficar-se-al-llit-i-alcar-se-i-evitar-pantalles-a-la-nit-claus-per-a-previndre-linsomni\/","title":{"rendered":"Un horari en ficar-se al llit i al\u00e7ar-se i evitar pantalles a la nit, claus per a previndre l&#8217;insomni"},"content":{"rendered":"\n<h4 class=\"wp-block-heading\">Els especialistes de l&#8217;Hospital de Manises adverteixen que l&#8217;insomni pot ser causat tant per causes psicofisiol\u00f2giques com per malalties m\u00e8diques&nbsp;<\/h4>\n\n\n\n<h4 class=\"wp-block-heading\">La somnol\u00e8ncia di\u00fcrna, la dificultat de concentraci\u00f3 i les emocions d&#8217;irritabilitat poden ser signes d&#8217;alerta per a detectar un mal descans nocturn<\/h4>\n\n\n\n<h4 class=\"wp-block-heading\">Els professionals destaquen que \u00e9s important una adequada higiene del somni per a evitar episodis d&#8217;insomni recurrent ja que produeixen una disminuci\u00f3 de la qualitat de vida del pacient<\/h4>\n\n\n\n<p>Manises, 8 de juny de 2022. Cuidar les hores de somni i el descans \u00e9s un element clau per a complir amb els h\u00e0bits saludables que garantisquen una alta qualitat de vida. No obstant aix\u00f2, l&#8217;insomni \u00e9s un problema que afecta gran part de la nostra poblaci\u00f3. Des de la Societat Espanyola de Somni (SES) informen que un 20% dels espanyols presenten almenys un s\u00edmptoma d&#8217;insomni. Davant aquesta situaci\u00f3, els professionals del Servei de Neuroci\u00e8ncies de l&#8217;Hospital de Manises ofereixen claus per a previndre, detectar i tractar els episodis d&#8217;insomni i la mala qualitat del somni.&nbsp;<\/p>\n\n\n\n<p>I \u00e9s que l&#8217;insomni, tal com ens recomanen des de la Unitat de Neurofisiologia del centre sanitari manisero, es pot evitar que arribe a ser un problema important fomentant en els pacients mesures d&#8217;higiene del somni. Els h\u00e0bits saludables s\u00f3n imprescindibles per a evitar tindre problem\u00e0tiques relacionades amb el somni. Els m\u00e9s destacats s\u00f3n ficar-se al llit i al\u00e7ar-se a la mateixa hora la majoria dels dies; evitar sopars copiosos que provoquen digestions lentes i pesades; i no utilitzar les pantalles un parell d&#8217;hores abans d&#8217;anar-se a dormir, expliquen els experts.<\/p>\n\n\n\n<p>A m\u00e9s, hi ha xicotets costums que poden ajudar a millorar la qualitat del somni com s\u00f3n evitar les migdiades llargues de m\u00e9s de 20 minutos, realitzar rutines abans de ficar-se al llit com raspallar-se les dents, dutxar-se, ingerir begudes calentes o evitar prendre alcohol dues o tres hores abans de dormir. Aquests detalls que semblen xicotets i insignificants poden ser decisius per a tindre un somni reparador, afirmen els neurofisi\u00f3logos de Manises.<\/p>\n\n\n\n<p>Entre les principals causes que provoquen aquests episodis d&#8217;insomni en la poblaci\u00f3 adulta, els experts en medicina del somni adverteixen que hi ha causes evitables i causes patol\u00f2giques. Malalties degudes a problemes m\u00e8dics del tipus card\u00edac, neurol\u00f2gic, urol\u00f2gic o psiqui\u00e0tric solen portar amb si conseq\u00fc\u00e8ncies negatives en el descans dels pacients. A m\u00e9s, hi ha elements com el sexe, l&#8217;edat, factors familiars o gen\u00e8tics que no poden ser modificables en el pacient, afirmen els doctors. No obstant aix\u00f2, hi ha moltes causes que poden ser intervingudes i tractades com s\u00f3n els h\u00e0bits de somni, l&#8217;estil de vida, l&#8217;estr\u00e9s o els horaris de treball.<\/p>\n\n\n\n<p>S\u00edmptomes d&#8217;alerta<\/p>\n\n\n\n<p>La principal conseq\u00fc\u00e8ncia que l&#8217;insomni porta sobre els pacients que la pateixen \u00e9s, a part de les complicacions m\u00e8diques derivades de la falta de descans, la falta de la qualitat de vida ja que entorpeix i limita la pr\u00e0ctica habitual de les activitats di\u00e0ries. Per aix\u00f2, els professionals del Servei de Neuroci\u00e8ncies de l&#8217;Hospital de Manises recorden els principals s\u00edmptomes que poden alertar als pacients d&#8217;episodis de falta de somni. Essencialment, podem detectar que el descans no ha sigut reparador quan experimentem somnol\u00e8ncia di\u00fcrna i cansament. A m\u00e9s, s&#8217;experimenta dificultat de concentraci\u00f3, disminuci\u00f3 del temps de reacci\u00f3, disminuci\u00f3 de l&#8217;aprenentatge, alteracions del comportament i de les emocions com a irritabilitat i tend\u00e8ncia a la depressi\u00f3\u201d, relaten els experts del somni.&nbsp;<\/p>\n\n\n\n<p>I \u00e9s que, davant els s\u00edmptomes per un insomni continuat, \u00e9s important acudir a l&#8217;especialista. Perqu\u00e8 l&#8217;insomni tamb\u00e9 es pot i s&#8217;ha de tractar per a millorar aix\u00ed la qualitat de vida i acabar amb els s\u00edmptomes i conseq\u00fc\u00e8ncies que implica aquest problema. Tal com conclouen els doctors, la millora de la qualitat de vida que es produeix despr\u00e9s de tractar els problemes de somni justifica per si nom\u00e9s el tractament. El facultatiu ser\u00e0 qui decidir\u00e0 com tractar-lo i si el tractament ha de ser farmacol\u00f2gic. La curaci\u00f3 o control de l&#8217;insomni dependr\u00e0 decisivament de la causa que el produ\u00efsca i el tipus.<\/p>\n\n\n\n<p><\/p>\n","protected":false},"excerpt":{"rendered":"<div class=\"mh-excerpt\">Els especialistes de l&#8217;Hospital de Manises adverteixen que l&#8217;insomni pot ser causat tant per causes psicofisiol\u00f2giques com per malalties m\u00e8diques&nbsp; La somnol\u00e8ncia di\u00fcrna, la dificultat de concentraci\u00f3 i les emocions d&#8217;irritabilitat poden ser signes d&#8217;alerta <a class=\"mh-excerpt-more\" href=\"https:\/\/www.tucomarca.com\/wordpress\/segunda\/ca\/un-horari-en-ficar-se-al-llit-i-alcar-se-i-evitar-pantalles-a-la-nit-claus-per-a-previndre-linsomni\/\" title=\"Un horari en ficar-se al llit i al\u00e7ar-se i evitar pantalles a la nit, claus per a previndre l&#8217;insomni\">[+] <\/a><\/div>\n","protected":false},"author":12,"featured_media":158974,"comment_status":"open","ping_status":"open","sticky":false,"template":"","format":"standard","meta":{"footnotes":""},"categories":[10973,10911,10892,11010,10898,10977,10980,10948,10894,10912,10902,10931,10978,10906,10896,11047,10974,10975],"tags":[12221,11092],"class_list":{"0":"post-158981","1":"post","2":"type-post","3":"status-publish","4":"format-standard","5":"has-post-thumbnail","7":"category-alborache-ca","8":"category-bunol-ca","9":"category-camp-de-turia-ca","10":"category-canal-salud","11":"category-ventana-ca","12":"category-godelleta-ca","13":"category-yatova-ca","14":"category-infraestructuras-ca","15":"category-la-comarca-ca","16":"category-la-hoya-ca","17":"category-la-ribera-ca","18":"category-loriguilla-ca","19":"category-macastre-ca","20":"category-riba-roja-ca","21":"category-seccion-ca","22":"category-turis-ca","23":"category-cheste-ca","24":"category-chiva-ca","25":"tag-departamento-de-salud-de-manises-ca","26":"tag-hospital-de-manises-ca"},"_links":{"self":[{"href":"https:\/\/www.tucomarca.com\/wordpress\/segunda\/ca\/wp-json\/wp\/v2\/posts\/158981","targetHints":{"allow":["GET"]}}],"collection":[{"href":"https:\/\/www.tucomarca.com\/wordpress\/segunda\/ca\/wp-json\/wp\/v2\/posts"}],"about":[{"href":"https:\/\/www.tucomarca.com\/wordpress\/segunda\/ca\/wp-json\/wp\/v2\/types\/post"}],"author":[{"embeddable":true,"href":"https:\/\/www.tucomarca.com\/wordpress\/segunda\/ca\/wp-json\/wp\/v2\/users\/12"}],"replies":[{"embeddable":true,"href":"https:\/\/www.tucomarca.com\/wordpress\/segunda\/ca\/wp-json\/wp\/v2\/comments?post=158981"}],"version-history":[{"count":0,"href":"https:\/\/www.tucomarca.com\/wordpress\/segunda\/ca\/wp-json\/wp\/v2\/posts\/158981\/revisions"}],"wp:featuredmedia":[{"embeddable":true,"href":"https:\/\/www.tucomarca.com\/wordpress\/segunda\/ca\/wp-json\/wp\/v2\/media\/158974"}],"wp:attachment":[{"href":"https:\/\/www.tucomarca.com\/wordpress\/segunda\/ca\/wp-json\/wp\/v2\/media?parent=158981"}],"wp:term":[{"taxonomy":"category","embeddable":true,"href":"https:\/\/www.tucomarca.com\/wordpress\/segunda\/ca\/wp-json\/wp\/v2\/categories?post=158981"},{"taxonomy":"post_tag","embeddable":true,"href":"https:\/\/www.tucomarca.com\/wordpress\/segunda\/ca\/wp-json\/wp\/v2\/tags?post=158981"}],"curies":[{"name":"wp","href":"https:\/\/api.w.org\/{rel}","templated":true}]}}