{"id":159418,"date":"2022-06-14T22:00:00","date_gmt":"2022-06-14T20:00:00","guid":{"rendered":"http:\/\/www.tucomarca.com\/wordpress\/segunda\/?p=159418"},"modified":"2022-06-15T10:05:55","modified_gmt":"2022-06-15T08:05:55","slug":"sanitat-notifica-6-defuncions-i-3-144-nous-casos-de-coronavirus-en-la-comunitat-valenciana-1-522-dells-en-majors-de-60-anys","status":"publish","type":"post","link":"https:\/\/www.tucomarca.com\/wordpress\/segunda\/ca\/sanitat-notifica-6-defuncions-i-3-144-nous-casos-de-coronavirus-en-la-comunitat-valenciana-1-522-dells-en-majors-de-60-anys\/","title":{"rendered":"Sanitat notifica 6 defuncions i 3.144 nous casos de coronavirus en la Comunitat Valenciana, 1.522 d&#8217;ells en majors de 60 anys"},"content":{"rendered":"\n<h4 class=\"wp-block-heading\">Els hospitals valencians tenen 576 persones ingressades amb COVID-19, 33 d&#8217;elles en l&#8217;UCI<\/h4>\n\n\n\n<p>La Conselleria de Sanitat Universal i Salut P\u00fablica ha notificat un total de 3.144 nous casos de coronavirus confirmats per prova PCR o a trav\u00e9s de test d&#8217;ant\u00edgens des de l&#8217;\u00faltima actualitzaci\u00f3. Els nous casos per prov\u00edncies s\u00f3n 345 a Castell\u00f3 (178.003 en total), 1.180 a Alacant (498.011 en total) i 1.619 a Val\u00e8ncia (775.662 en total).<\/p>\n\n\n\n<p>D&#8217;ells, 1.522 s\u00f3n de persones majors de 60 anys. Per prov\u00edncies: 193 es registren en la de Castell\u00f3, 579 en la d&#8217;Alacant i 750 en la de Val\u00e8ncia.<\/p>\n\n\n\n<p>Els hospitals valencians tenen actualment 576 persones ingressades amb COVID-19, 33 d&#8217;elles en l&#8217;UCI: 105 a la prov\u00edncia de Castell\u00f3, 2 en UCI; 195 a la prov\u00edncia d&#8217;Alacant, 20 d&#8217;elles en l&#8217;UCI; i 276 a la prov\u00edncia de Val\u00e8ncia, 11 en UCI.<\/p>\n\n\n\n<p>S&#8217;han notificat 6 defuncions per coronavirus des de l&#8217;\u00faltima actualitzaci\u00f3, tots amb data de defunci\u00f3 en els \u00faltims set dies. Es tracta de 2 dones, de 86 i 93 anys, i 4 homes, d&#8217;entre 78 i 85 anys. El total de decessos des de l&#8217;inici de la pand\u00e8mia ascendeix a 9.470: 1.110 s&#8217;han produ\u00eft a la prov\u00edncia de Castell\u00f3, 3.599 en la d&#8217;Alacant i 4.761 en la de Val\u00e8ncia.<\/p>\n","protected":false},"excerpt":{"rendered":"<div class=\"mh-excerpt\">Els hospitals valencians tenen 576 persones ingressades amb COVID-19, 33 d&#8217;elles en l&#8217;UCI La Conselleria de Sanitat Universal i Salut P\u00fablica ha notificat un total de 3.144 nous casos de coronavirus confirmats per prova PCR <a class=\"mh-excerpt-more\" href=\"https:\/\/www.tucomarca.com\/wordpress\/segunda\/ca\/sanitat-notifica-6-defuncions-i-3-144-nous-casos-de-coronavirus-en-la-comunitat-valenciana-1-522-dells-en-majors-de-60-anys\/\" title=\"Sanitat notifica 6 defuncions i 3.144 nous casos de coronavirus en la Comunitat Valenciana, 1.522 d&#8217;ells en majors de 60 anys\">[+] <\/a><\/div>\n","protected":false},"author":12,"featured_media":144787,"comment_status":"open","ping_status":"open","sticky":false,"template":"","format":"standard","meta":{"footnotes":""},"categories":[11010,12202,10898,10948,10894,10904,10903,10947,10896,10897],"tags":[11939,11940,11199,13932],"class_list":{"0":"post-159418","1":"post","2":"type-post","3":"status-publish","4":"format-standard","5":"has-post-thumbnail","7":"category-canal-salud","8":"category-covid-19-ca","9":"category-ventana-ca","10":"category-infraestructuras-ca","11":"category-la-comarca-ca","12":"category-sin-categorizar-ca","13":"category-medio-ambiente-la-comarca-ca","14":"category-politica","15":"category-seccion-ca","16":"category-sucesos-la-comarca-ca","17":"tag-coronavirus-ca","18":"tag-covid-19-ca","19":"tag-la-comunitat-ca","20":"tag-vacunas-ca"},"_links":{"self":[{"href":"https:\/\/www.tucomarca.com\/wordpress\/segunda\/ca\/wp-json\/wp\/v2\/posts\/159418","targetHints":{"allow":["GET"]}}],"collection":[{"href":"https:\/\/www.tucomarca.com\/wordpress\/segunda\/ca\/wp-json\/wp\/v2\/posts"}],"about":[{"href":"https:\/\/www.tucomarca.com\/wordpress\/segunda\/ca\/wp-json\/wp\/v2\/types\/post"}],"author":[{"embeddable":true,"href":"https:\/\/www.tucomarca.com\/wordpress\/segunda\/ca\/wp-json\/wp\/v2\/users\/12"}],"replies":[{"embeddable":true,"href":"https:\/\/www.tucomarca.com\/wordpress\/segunda\/ca\/wp-json\/wp\/v2\/comments?post=159418"}],"version-history":[{"count":0,"href":"https:\/\/www.tucomarca.com\/wordpress\/segunda\/ca\/wp-json\/wp\/v2\/posts\/159418\/revisions"}],"wp:featuredmedia":[{"embeddable":true,"href":"https:\/\/www.tucomarca.com\/wordpress\/segunda\/ca\/wp-json\/wp\/v2\/media\/144787"}],"wp:attachment":[{"href":"https:\/\/www.tucomarca.com\/wordpress\/segunda\/ca\/wp-json\/wp\/v2\/media?parent=159418"}],"wp:term":[{"taxonomy":"category","embeddable":true,"href":"https:\/\/www.tucomarca.com\/wordpress\/segunda\/ca\/wp-json\/wp\/v2\/categories?post=159418"},{"taxonomy":"post_tag","embeddable":true,"href":"https:\/\/www.tucomarca.com\/wordpress\/segunda\/ca\/wp-json\/wp\/v2\/tags?post=159418"}],"curies":[{"name":"wp","href":"https:\/\/api.w.org\/{rel}","templated":true}]}}