{"id":159641,"date":"2022-06-17T14:00:00","date_gmt":"2022-06-17T12:00:00","guid":{"rendered":"http:\/\/www.tucomarca.com\/wordpress\/segunda\/?p=159641"},"modified":"2022-06-17T14:45:07","modified_gmt":"2022-06-17T12:45:07","slug":"el-campionat-de-futbol-sala-destiu-2022-de-bunyol-arranca-motors-amb-previsions-duna-elevada-participacio","status":"publish","type":"post","link":"https:\/\/www.tucomarca.com\/wordpress\/segunda\/ca\/el-campionat-de-futbol-sala-destiu-2022-de-bunyol-arranca-motors-amb-previsions-duna-elevada-participacio\/","title":{"rendered":"El Campionat de Futbol Sala d&#8217;Estiu 2022 de Bunyol arranca motors amb previsions d&#8217;una elevada participaci\u00f3"},"content":{"rendered":"\n<h4 class=\"wp-block-heading\">Torna a reprendre&#8217;s les categories de les \u00faltimes edicions, i fins i tot animen a la pres\u00e8ncia de major participaci\u00f3 d&#8217;equips femenins. El programa de R\u00e0dio Bunyol TV, Conexi\u00f3 Mestalla, informar\u00e0 tots els dimarts dels resultats de cada setmana entre els equips participants.&nbsp;<\/h4>\n\n\n\n<figure class=\"wp-block-image size-large\"><img loading=\"lazy\" decoding=\"async\" width=\"724\" height=\"1024\" src=\"http:\/\/www.tucomarca.com\/wordpress\/segunda\/wp-content\/uploads\/2022\/06\/FutbolSalaVerano22-724x1024.jpg\" alt=\"\" class=\"wp-image-159638\" srcset=\"https:\/\/www.tucomarca.com\/wordpress\/segunda\/wp-content\/uploads\/2022\/06\/FutbolSalaVerano22-724x1024.jpg 724w, https:\/\/www.tucomarca.com\/wordpress\/segunda\/wp-content\/uploads\/2022\/06\/FutbolSalaVerano22-212x300.jpg 212w, https:\/\/www.tucomarca.com\/wordpress\/segunda\/wp-content\/uploads\/2022\/06\/FutbolSalaVerano22-768x1087.jpg 768w, https:\/\/www.tucomarca.com\/wordpress\/segunda\/wp-content\/uploads\/2022\/06\/FutbolSalaVerano22-1086x1536.jpg 1086w, https:\/\/www.tucomarca.com\/wordpress\/segunda\/wp-content\/uploads\/2022\/06\/FutbolSalaVerano22.jpg 1181w\" sizes=\"auto, (max-width: 724px) 100vw, 724px\" \/><\/figure>\n\n\n\n<p>Ahir els estudis de R\u00e0dio Bunyol TV van albergar la presentaci\u00f3 del Campionat de Futbol Sala d&#8217;estiu Bunyol 2022 en el programa Connexi\u00f3 Mestalla, presentat per Jos\u00e9h Larraz\u00e1bal. En aquesta presentaci\u00f3 van ser presents el regidor d&#8217;Esports de l&#8217;Ajuntament, Manuel Sierra, i el Director T\u00e8cnic de l&#8217;Associaci\u00f3 Bunyol \u00c9s Esport, V\u00edctor S\u00e1nchez.&nbsp;<\/p>\n\n\n\n<p>Del 4 de juliol al 24 d&#8217;agost el Poliesportiu Municipal de la Piscina de la localitat, \u201cEl Poli\u201d, alberga un any m\u00e9s aquest reeixit campionat, despr\u00e9s de dos anys d&#8217;obligada aturada per la pand\u00e8mia de Covid19. Aquest campionat ja t\u00e9 obertes les inscripcions fins dimarts que ve 28 de juny.&nbsp;<\/p>\n\n\n\n<p>Les categories s\u00f3n S\u00e8nior mascul\u00ed (a partir de 16 anys), S\u00e8nior Femen\u00ed (a partir de 16 anys) \u2013coneguda com a Categoria Lliure-, Majors (de 13 a 15 anys), Mitjans (de 10 a 12 anys) i Xicotets (de 7 a 9 anys). El preu de la inscripci\u00f3 \u00e9s de 120\u20ac per a S\u00e8nior mascul\u00ed, 70\u20ac per a S\u00e8nior Femen\u00ed, 60\u20ac per a Majors i 30\u20ac per a Mitjans i Xicotets. La inscripci\u00f3 \u00e9s per any de naixement en cadascuna de les categories i no d&#8217;edat actual en el moment de la inscripci\u00f3.&nbsp;<\/p>\n\n\n\n<p>L&#8217;edil Manuel Sierra confirmava que tota la poblaci\u00f3 estava molt desitjosa que aquest campionat tornara a les instal\u00b7lacions del Poli aquest estiu. \u201cDe fet les inscripcions estan anant molt b\u00e9 i fins i tot ja est\u00e0 a nivells d&#8217;abans de la pand\u00e8mia, per la qual cosa l&#8217;aflu\u00e8ncia de participants i p\u00fablic tornar\u00e0 a ser massiva en les nits d&#8217;estiu en el Poli\u201d, va confirmar el regidor.&nbsp;<\/p>\n\n\n\n<p>Tamb\u00e9 va informar que totes les setmanes el programa Lliure Directe, que tamb\u00e9 presenta Jos\u00e9h Larrazabal, en R\u00e0dio Bunyol, oferir\u00e0 l&#8217;actualitat d&#8217;aquest campionat informant de tots els resultats setmana a setmana com a programa oficial d&#8217;aquest torneig bu\u00f1olense.&nbsp;<\/p>\n\n\n\n<p>El regidor del ram confirmava que l&#8217;organitzaci\u00f3 d&#8217;aquest Campionat, en l&#8217;\u00faltima edici\u00f3, que va ser en 2019, nouvingut com a edil d&#8217;Esports, va ser molt similar a la de l&#8217;anterior legislatura, \u201cja que l&#8217;anterior regidora, la companya Marta P\u00e9rez, va deixar ben lligada l&#8217;organitzaci\u00f3 i ja era un \u00e8xit, aix\u00ed que continuem en la mateixa l\u00ednia\u201d. Aquesta seria la sisena edici\u00f3 en el format que ja es dicidi\u00f3 d&#8217;aglutinar tots els campionats junts en un \u00fanic, perqu\u00e8 l&#8217;objectiu continua sent ajuntar-se amb els amics, jugar i fer esport en un ambient envejable. Davant aix\u00f2 Manuel Sierra va recordar l&#8217;afecte especial que li t\u00e9 a aquest campionat on ha jugat i fins i tot organitzat equip entre els seus amics. Ara duu a terme l&#8217;organitzaci\u00f3 de tots els equips amb gran il\u00b7lusi\u00f3.<\/p>\n\n\n\n<p>V\u00edctor S\u00e1nchez va confirmar que qualsevol activitat esportiva que s&#8217;est\u00e0 llan\u00e7ant des dels \u00faltims mesos est\u00e0 sent molt ben acollida. \u201cEsperem comptar amb un m\u00ednim de 35 equips en aquest campionat\u201d, va finalitzar el Director T\u00e8cnic de Bunyol \u00c9s Esport.&nbsp;<\/p>\n\n\n\n<p>Es poden apuntar en la web www.bunyolesdeporte.com o per registre d&#8217;Entrada a l&#8217;Ajuntament de Bunyol. \u00c9s m\u00e9s r\u00e0pid i \u00e0gil fer-ho des de la web de Bunyol \u00c9s Esport fins al 28 de juny, per\u00f2 per a tots els que no controlen les noves tecnologies, Manuel Sierra, tamb\u00e9 va recordar que en el Pavell\u00f3 Poliesportiu del Planell \u201cPablo Cus\u00ed Sierra\u201d tamb\u00e9 hi ha una b\u00fastia i ac\u00ed poden incloure el justificant de pagament i la inscripci\u00f3 emplenada manualment.&nbsp;<\/p>\n\n\n\n<p>S\u00e1nchez recordava que en les \u00faltimes edicions s&#8217;ha comptat amb 12-13 equips S\u00e8nior i en les altres sol haver-hi 7-8 equips, tamb\u00e9 en la femenina 3-4 equips. En total es ronda els 40 equips participants. L&#8217;horari dels partits ser\u00e0 de 19 a 0h de dilluns a divendres. L&#8217;objectiu d&#8217;aqueix horari m\u00e9s nocturn \u00e9s intentar protegir-se de la forta calor.<\/p>\n\n\n\n<p>L&#8217;Associaci\u00f3 Acudeix, d&#8217;\u00e0rbitres, seran els encarregats d&#8217;arbitrar tots els partits. \u00c9s una associaci\u00f3 amb solera i ho ha fet en diverses etapes a Bunyol, \u201cper aix\u00f2 hem apostat per ells m\u00e9s que per Federaci\u00f3 Valenciana; mai s&#8217;ha tingut cap problema, encara aix\u00ed hem de continuar donant exemple de civisme, respecte i educaci\u00f3 cap a les decisions arbitrals, com s&#8217;est\u00e0 fent en els \u00faltims campionats\u201d, finalitza l&#8217;edil bu\u00f1olense Manuel Sierra.&nbsp;<\/p>\n\n\n\n<p>Per a la categoria lliure (s\u00e8nior mascul\u00ed i femen\u00ed) hi ha un premi en met\u00e0l\u00b7lic, a m\u00e9s del trofeu, per al primer classificat, que \u00e9s de 400\u20ac, 200\u20ac per al segon equip, i 100\u20ac el tercer. Es van reduint les quanties per categories i per als m\u00e9s xicotets hi ha trofeus i medalles.&nbsp;<\/p>\n\n\n\n<p>Aquest campionat est\u00e0 organitzat per la Regidoria d&#8217;Esports, Bunyol \u00c9s Esport i esport-i (gesti\u00f3 esportiva integral). En la web est\u00e0 la normativa del torneig i les sancions.&nbsp;<\/p>\n\n\n\n<p>L&#8217;enlla\u00e7 on poden trobar tota la informaci\u00f3 del torneig i la inscripci\u00f3 \u00e9s:<\/p>\n\n\n\n<p><a href=\"https:\/\/www.bunyolesdeporte.com\/eventos\/campeonato-futsal-verano-22\/\">https:\/\/www.bunyolesdeporte.com\/eventos\/campeonato-futsal-verano-22\/<\/a><\/p>\n\n\n\n<p>L&#8217;enlla\u00e7 per a escoltar el programa \u00edntegre on es va presentar aquest campionat \u00e9s:&nbsp;<\/p>\n\n\n\n<p><a href=\"https:\/\/www.ivoox.com\/presentacion-campeonato-futbol-sala-verano-2022-bunol-conexion-audios-mp3_rf_88606263_1.html\">https:\/\/www.ivoox.com\/presentacion-campeonato-futbol-sala-verano-2022-bunol-conexion-audios-mp3_rf_88606263_1.html<\/a><\/p>\n\n\n\n<p><a href=\"https:\/\/www.youtube.com\/watch?v=qn0qev83y44\">https:\/\/www.youtube.com\/watch?v=qn0qev83y44<\/a><\/p>\n","protected":false},"excerpt":{"rendered":"<div class=\"mh-excerpt\">Torna a reprendre&#8217;s les categories de les \u00faltimes edicions, i fins i tot animen a la pres\u00e8ncia de major participaci\u00f3 d&#8217;equips femenins. El programa de R\u00e0dio Bunyol TV, Conexi\u00f3 Mestalla, informar\u00e0 tots els dimarts dels <a class=\"mh-excerpt-more\" href=\"https:\/\/www.tucomarca.com\/wordpress\/segunda\/ca\/el-campionat-de-futbol-sala-destiu-2022-de-bunyol-arranca-motors-amb-previsions-duna-elevada-participacio\/\" title=\"El Campionat de Futbol Sala d&#8217;Estiu 2022 de Bunyol arranca motors amb previsions d&#8217;una elevada participaci\u00f3\">[+] <\/a><\/div>\n","protected":false},"author":12,"featured_media":159637,"comment_status":"open","ping_status":"open","sticky":false,"template":"","format":"standard","meta":{"footnotes":""},"categories":[10911,11015,11003,11012,10894,10912,10896],"tags":[10913,17234,12022,10914,17394,12139],"class_list":{"0":"post-159641","1":"post","2":"type-post","3":"status-publish","4":"format-standard","5":"has-post-thumbnail","7":"category-bunol-ca","8":"category-canal-futbol","9":"category-sports","10":"category-futbol-sala-ca","11":"category-la-comarca-ca","12":"category-la-hoya-ca","13":"category-seccion-ca","14":"tag-bunol-ca","15":"tag-campeonato-de-futbol-sala-ca","16":"tag-concejalia-de-deportes-de-bunol-ca","17":"tag-la-hoya-de-bunol-chiva-ca","18":"tag-polideportivo-de-la-piscina-de-bunol-ca","19":"tag-radio-bunol-tv-ca"},"_links":{"self":[{"href":"https:\/\/www.tucomarca.com\/wordpress\/segunda\/ca\/wp-json\/wp\/v2\/posts\/159641","targetHints":{"allow":["GET"]}}],"collection":[{"href":"https:\/\/www.tucomarca.com\/wordpress\/segunda\/ca\/wp-json\/wp\/v2\/posts"}],"about":[{"href":"https:\/\/www.tucomarca.com\/wordpress\/segunda\/ca\/wp-json\/wp\/v2\/types\/post"}],"author":[{"embeddable":true,"href":"https:\/\/www.tucomarca.com\/wordpress\/segunda\/ca\/wp-json\/wp\/v2\/users\/12"}],"replies":[{"embeddable":true,"href":"https:\/\/www.tucomarca.com\/wordpress\/segunda\/ca\/wp-json\/wp\/v2\/comments?post=159641"}],"version-history":[{"count":0,"href":"https:\/\/www.tucomarca.com\/wordpress\/segunda\/ca\/wp-json\/wp\/v2\/posts\/159641\/revisions"}],"wp:featuredmedia":[{"embeddable":true,"href":"https:\/\/www.tucomarca.com\/wordpress\/segunda\/ca\/wp-json\/wp\/v2\/media\/159637"}],"wp:attachment":[{"href":"https:\/\/www.tucomarca.com\/wordpress\/segunda\/ca\/wp-json\/wp\/v2\/media?parent=159641"}],"wp:term":[{"taxonomy":"category","embeddable":true,"href":"https:\/\/www.tucomarca.com\/wordpress\/segunda\/ca\/wp-json\/wp\/v2\/categories?post=159641"},{"taxonomy":"post_tag","embeddable":true,"href":"https:\/\/www.tucomarca.com\/wordpress\/segunda\/ca\/wp-json\/wp\/v2\/tags?post=159641"}],"curies":[{"name":"wp","href":"https:\/\/api.w.org\/{rel}","templated":true}]}}