{"id":159977,"date":"2022-06-21T10:35:00","date_gmt":"2022-06-21T08:35:00","guid":{"rendered":"http:\/\/www.tucomarca.com\/wordpress\/segunda\/?p=159977"},"modified":"2022-06-21T18:43:47","modified_gmt":"2022-06-21T16:43:47","slug":"olocau-suneix-a-la-xarxa-dart-en-ruta-que-esta-creant-lassociacio-cultural-collectiva-27","status":"publish","type":"post","link":"https:\/\/www.tucomarca.com\/wordpress\/segunda\/ca\/olocau-suneix-a-la-xarxa-dart-en-ruta-que-esta-creant-lassociacio-cultural-collectiva-27\/","title":{"rendered":"Olocau s&#8217;uneix a la xarxa d&#8217;art en ruta que est\u00e0 creant l&#8217;associaci\u00f3 cultural col\u00b7lectiva 27"},"content":{"rendered":"\n<p>El Pr\u00f2xim 30 de juny a les 19.30 tindr\u00e0 lloc a la casa de la Senyoria d&#8217;Olocau, la inauguraci\u00f3 de l&#8217;exposici\u00f3 Olympe-Olocau, que podr\u00e0 visitar-se fins al 28 de juliol.<\/p>\n\n\n\n<p>Partint com a referent de la figura de Olympe de Gouges, que va iniciar la seua lluita en favor de la llibertat i la igualtat per a la dona, Col\u00b7lectiva 27, realitza una reflexi\u00f3 des de la disciplina particular de cadascuna dels seus artistes a la col\u00b7lectiva que reuneix en un mateix lloc el teixit d&#8217;aquesta xarxa de pensament.<\/p>\n\n\n\n<p>A les artistes que formen Col\u00b7lectiva 27: Tham Casany, Inma Peiro, Tania Ansio, Kita Pardo, Ana Tom\u00e1s, Mayte Navarro Golf i Hope Campos, se&#8217;ls uneixen dos artistes multidisciplinaris de dilatada traject\u00f2ria, Rebeka Catala, coordinadora art\u00edstica de Russafart i Rosa Mar\u00edn Bernad que el seu performance \u201cRequiem\u201d va obrir la passada edici\u00f3 de la Biennal de Val\u00e8ncia,<\/p>\n\n\n\n<p>La creaci\u00f3 d&#8217;aquesta xarxa de municipis per l&#8217;art continuar\u00e0 pr\u00f2ximament amb exposicions en R\u00e0fol de Salem i Teresa de Cofrents.<\/p>\n","protected":false},"excerpt":{"rendered":"<div class=\"mh-excerpt\">El Pr\u00f2xim 30 de juny a les 19.30 tindr\u00e0 lloc a la casa de la Senyoria d&#8217;Olocau, la inauguraci\u00f3 de l&#8217;exposici\u00f3 Olympe-Olocau, que podr\u00e0 visitar-se fins al 28 de juliol. Partint com a referent de <a class=\"mh-excerpt-more\" href=\"https:\/\/www.tucomarca.com\/wordpress\/segunda\/ca\/olocau-suneix-a-la-xarxa-dart-en-ruta-que-esta-creant-lassociacio-cultural-collectiva-27\/\" title=\"Olocau s&#8217;uneix a la xarxa d&#8217;art en ruta que est\u00e0 creant l&#8217;associaci\u00f3 cultural col\u00b7lectiva 27\">[+] <\/a><\/div>\n","protected":false},"author":13,"featured_media":159975,"comment_status":"open","ping_status":"open","sticky":false,"template":"","format":"standard","meta":{"footnotes":""},"categories":[11019,10892,10894,10904,11007,10935,10896],"tags":[10899,15856,12359],"class_list":{"0":"post-159977","1":"post","2":"type-post","3":"status-publish","4":"format-standard","5":"has-post-thumbnail","7":"category-agenda-ca","8":"category-camp-de-turia-ca","9":"category-la-comarca-ca","10":"category-sin-categorizar-ca","11":"category-ocio-y-cultura-ca","12":"category-olocau-ca","13":"category-seccion-ca","14":"tag-camp-de-turia-ca","15":"tag-ocio-y-cultura-ca","16":"tag-olocau-ca"},"_links":{"self":[{"href":"https:\/\/www.tucomarca.com\/wordpress\/segunda\/ca\/wp-json\/wp\/v2\/posts\/159977","targetHints":{"allow":["GET"]}}],"collection":[{"href":"https:\/\/www.tucomarca.com\/wordpress\/segunda\/ca\/wp-json\/wp\/v2\/posts"}],"about":[{"href":"https:\/\/www.tucomarca.com\/wordpress\/segunda\/ca\/wp-json\/wp\/v2\/types\/post"}],"author":[{"embeddable":true,"href":"https:\/\/www.tucomarca.com\/wordpress\/segunda\/ca\/wp-json\/wp\/v2\/users\/13"}],"replies":[{"embeddable":true,"href":"https:\/\/www.tucomarca.com\/wordpress\/segunda\/ca\/wp-json\/wp\/v2\/comments?post=159977"}],"version-history":[{"count":0,"href":"https:\/\/www.tucomarca.com\/wordpress\/segunda\/ca\/wp-json\/wp\/v2\/posts\/159977\/revisions"}],"wp:featuredmedia":[{"embeddable":true,"href":"https:\/\/www.tucomarca.com\/wordpress\/segunda\/ca\/wp-json\/wp\/v2\/media\/159975"}],"wp:attachment":[{"href":"https:\/\/www.tucomarca.com\/wordpress\/segunda\/ca\/wp-json\/wp\/v2\/media?parent=159977"}],"wp:term":[{"taxonomy":"category","embeddable":true,"href":"https:\/\/www.tucomarca.com\/wordpress\/segunda\/ca\/wp-json\/wp\/v2\/categories?post=159977"},{"taxonomy":"post_tag","embeddable":true,"href":"https:\/\/www.tucomarca.com\/wordpress\/segunda\/ca\/wp-json\/wp\/v2\/tags?post=159977"}],"curies":[{"name":"wp","href":"https:\/\/api.w.org\/{rel}","templated":true}]}}