{"id":160400,"date":"2022-06-28T12:44:00","date_gmt":"2022-06-28T10:44:00","guid":{"rendered":"http:\/\/www.tucomarca.com\/wordpress\/segunda\/?p=160400"},"modified":"2022-06-28T14:47:46","modified_gmt":"2022-06-28T12:47:46","slug":"el-prya-acusa-al-govern-socialista-de-deixadesa-en-el-barri-de-la-la-torrecilla","status":"publish","type":"post","link":"https:\/\/www.tucomarca.com\/wordpress\/segunda\/ca\/el-prya-acusa-al-govern-socialista-de-deixadesa-en-el-barri-de-la-la-torrecilla\/","title":{"rendered":"El PRyA acusa al govern socialista de &#8220;deixadesa&#8221; en el barri de La Torrecilla"},"content":{"rendered":"\n<h4 class=\"wp-block-heading\">&#8220;La falta de neteja i manteniment en el barri de la Torrecilla \u00e9s conseq\u00fc\u00e8ncia de la falta de gesti\u00f3 del govern socialista de Mario S\u00e1nchez&#8221;, asseguren.<\/h4>\n\n\n\n<p>&#8220;Des del Partit de Requena i Llogarets volem denunciar p\u00fablicament la falta de neteja i manteniment en el barri requenense de la Torreta&#8221;, han manifestat des del PRyA.<\/p>\n\n\n\n<p>&#8220;En la nostra visita a aquest xicotet barri de Requena vam poder comprovar com les males herbes es troben per tota la zona, les voreres estan molt deteriorades i els fanals de l&#8217;enllumenat p\u00fablic estan obsoletes. De fet, s\u00f3n els propis ve\u00efns els que di\u00e0riament fan les labors de neteja vi\u00e0ria a causa de l&#8217;escassetat d&#8217;aquest servei p\u00fablic per part de l&#8217;Ajuntament&#8221;.<\/p>\n\n\n\n<p>Des del PRyA no donen &#8220;cr\u00e8dit al nivell de deixadesa en els barris de Requena i llogarets del municipi per part del govern socialista. L&#8217;administraci\u00f3 de l&#8217;alcalde Mario S\u00e1nchez \u00e9s incapa\u00e7 de garantir la neteja i el manteniment en la via p\u00fablica, donant mostres de ser un govern bloquejat i inactiu que tan sols espera ser rellevat en les pr\u00f2ximes eleccions municipals&#8221;.<\/p>\n\n\n\n<p>&#8220;De fet, els socialistes fan gala d&#8217;un super\u00e0vit aconseguit a base de l&#8217;estalvi generat per no donar la neteja i manteniment en el municipi, per a gastar-se despr\u00e9s aqueixos diners en obres al final de la legislatura i aix\u00ed intentar guanyar les pr\u00f2ximes eleccions. Mentrestant s\u00f3n els requenenses els que han de viure amb tots els problemes generats per l&#8217;alcalde socialista Mario S\u00e1nchez&#8221;. Pel que des del PRyA exigeixen &#8220;al govern socialista de Mario S\u00e1nchez que solucione d&#8217;una vegada per sempre la falta de serveis p\u00fablics perqu\u00e8 no h\u00e0gem d&#8217;aguantar m\u00e9s situacions com la del barri de la Torreta&#8221;.<\/p>\n\n\n\n<figure class=\"wp-block-image size-large\"><img loading=\"lazy\" decoding=\"async\" width=\"857\" height=\"638\" src=\"http:\/\/www.tucomarca.com\/wordpress\/segunda\/wp-content\/uploads\/2022\/06\/RequenaTorrecilla2.jpg\" alt=\"\" class=\"wp-image-160397\" srcset=\"https:\/\/www.tucomarca.com\/wordpress\/segunda\/wp-content\/uploads\/2022\/06\/RequenaTorrecilla2.jpg 857w, https:\/\/www.tucomarca.com\/wordpress\/segunda\/wp-content\/uploads\/2022\/06\/RequenaTorrecilla2-300x223.jpg 300w, https:\/\/www.tucomarca.com\/wordpress\/segunda\/wp-content\/uploads\/2022\/06\/RequenaTorrecilla2-768x572.jpg 768w, https:\/\/www.tucomarca.com\/wordpress\/segunda\/wp-content\/uploads\/2022\/06\/RequenaTorrecilla2-80x60.jpg 80w\" sizes=\"auto, (max-width: 857px) 100vw, 857px\" \/><\/figure>\n","protected":false},"excerpt":{"rendered":"<div class=\"mh-excerpt\">&#8220;La falta de neteja i manteniment en el barri de la Torrecilla \u00e9s conseq\u00fc\u00e8ncia de la falta de gesti\u00f3 del govern socialista de Mario S\u00e1nchez&#8221;, asseguren. &#8220;Des del Partit de Requena i Llogarets volem denunciar <a class=\"mh-excerpt-more\" href=\"https:\/\/www.tucomarca.com\/wordpress\/segunda\/ca\/el-prya-acusa-al-govern-socialista-de-deixadesa-en-el-barri-de-la-la-torrecilla\/\" title=\"El PRyA acusa al govern socialista de &#8220;deixadesa&#8221; en el barri de La Torrecilla\">[+] <\/a><\/div>\n","protected":false},"author":1,"featured_media":160396,"comment_status":"open","ping_status":"open","sticky":false,"template":"","format":"standard","meta":{"footnotes":""},"categories":[10948,10894,10947,10908,10909,10896],"tags":[12796,11099,10910],"class_list":{"0":"post-160400","1":"post","2":"type-post","3":"status-publish","4":"format-standard","5":"has-post-thumbnail","7":"category-infraestructuras-ca","8":"category-la-comarca-ca","9":"category-politica","10":"category-requena-ca","11":"category-requena-utiel-ca","12":"category-seccion-ca","13":"tag-prya-ca","14":"tag-requena-ca","15":"tag-requena-utiel-ca"},"_links":{"self":[{"href":"https:\/\/www.tucomarca.com\/wordpress\/segunda\/ca\/wp-json\/wp\/v2\/posts\/160400","targetHints":{"allow":["GET"]}}],"collection":[{"href":"https:\/\/www.tucomarca.com\/wordpress\/segunda\/ca\/wp-json\/wp\/v2\/posts"}],"about":[{"href":"https:\/\/www.tucomarca.com\/wordpress\/segunda\/ca\/wp-json\/wp\/v2\/types\/post"}],"author":[{"embeddable":true,"href":"https:\/\/www.tucomarca.com\/wordpress\/segunda\/ca\/wp-json\/wp\/v2\/users\/1"}],"replies":[{"embeddable":true,"href":"https:\/\/www.tucomarca.com\/wordpress\/segunda\/ca\/wp-json\/wp\/v2\/comments?post=160400"}],"version-history":[{"count":0,"href":"https:\/\/www.tucomarca.com\/wordpress\/segunda\/ca\/wp-json\/wp\/v2\/posts\/160400\/revisions"}],"wp:featuredmedia":[{"embeddable":true,"href":"https:\/\/www.tucomarca.com\/wordpress\/segunda\/ca\/wp-json\/wp\/v2\/media\/160396"}],"wp:attachment":[{"href":"https:\/\/www.tucomarca.com\/wordpress\/segunda\/ca\/wp-json\/wp\/v2\/media?parent=160400"}],"wp:term":[{"taxonomy":"category","embeddable":true,"href":"https:\/\/www.tucomarca.com\/wordpress\/segunda\/ca\/wp-json\/wp\/v2\/categories?post=160400"},{"taxonomy":"post_tag","embeddable":true,"href":"https:\/\/www.tucomarca.com\/wordpress\/segunda\/ca\/wp-json\/wp\/v2\/tags?post=160400"}],"curies":[{"name":"wp","href":"https:\/\/api.w.org\/{rel}","templated":true}]}}