{"id":160495,"date":"2022-06-29T15:00:00","date_gmt":"2022-06-29T13:00:00","guid":{"rendered":"http:\/\/www.tucomarca.com\/wordpress\/segunda\/?p=160495"},"modified":"2022-06-29T20:25:47","modified_gmt":"2022-06-29T18:25:47","slug":"la-banda-municipal-de-madrid-conduida-pel-prestigios-director-jan-cober-estrenara-lobra-interlocutio-de-jose-alama-en-el-seu-concert-de-la-xvi-biennal-de-musica-de-bunyol","status":"publish","type":"post","link":"https:\/\/www.tucomarca.com\/wordpress\/segunda\/ca\/la-banda-municipal-de-madrid-conduida-pel-prestigios-director-jan-cober-estrenara-lobra-interlocutio-de-jose-alama-en-el-seu-concert-de-la-xvi-biennal-de-musica-de-bunyol\/","title":{"rendered":"La Banda Municipal de Madrid, condu\u00efda pel prestigi\u00f3s director Jan Cober, estrenar\u00e0 l&#8217;obra \u201cInterlocutio\u201d, de Jos\u00e9 Alam\u00e1, en el seu concert de la XVI Biennal de M\u00fasica de Bunyol"},"content":{"rendered":"\n<p><strong>El concert de la Banda Simf\u00f2nica Municipal de Madrid, dirigida per Jan Cober, \u00e9s una de les propostes m\u00e9s destacades del programa de la XVI Biennal de M\u00fasica de Bunyol per als pr\u00f2xims dies; recital que comptar\u00e0 amb l&#8217;estrena del concert per a dos requintos \u201cInterlocutio\u201d, de Jos\u00e9 Alam\u00e1.<\/strong><\/p>\n\n\n\n<p><strong>El festival musical bunyolense es completa amb el concert de la Banda Agrupaci\u00f3 per a la Mem\u00f2ria Hist\u00f2rica, amb l&#8217;actuaci\u00f3 de m\u00fasica i dansa de Thin Air i amb l&#8217;inici de la I Escola de M\u00fasiques del M\u00f3n, Esmumbu.<\/strong><\/p>\n\n\n\n<p><strong>Les pr\u00f2ximes setmanes arrancaran a m\u00e9s l&#8217;I F\u00f2rum Iberoameric\u00e0 de M\u00fasica per a Vents aix\u00ed com el Curs del M\u00e8tode Suzuki.\u00a0<\/strong><\/p>\n\n\n\n<figure class=\"wp-block-image size-large\"><img loading=\"lazy\" decoding=\"async\" width=\"345\" height=\"382\" src=\"http:\/\/www.tucomarca.com\/wordpress\/segunda\/wp-content\/uploads\/2022\/06\/JanCober.jpg\" alt=\"\" class=\"wp-image-160491\" srcset=\"https:\/\/www.tucomarca.com\/wordpress\/segunda\/wp-content\/uploads\/2022\/06\/JanCober.jpg 345w, https:\/\/www.tucomarca.com\/wordpress\/segunda\/wp-content\/uploads\/2022\/06\/JanCober-271x300.jpg 271w\" sizes=\"auto, (max-width: 345px) 100vw, 345px\" \/><\/figure>\n\n\n\n<p>La XVI Biennal de M\u00fasica de Bunyol intensifica durant els pr\u00f2xims dies les seues activitats i propostes amb la participaci\u00f3 de la Banda Municipal de Madrid, que oferir\u00e0 un concert aquest pr\u00f2xim dilluns, 4 de juliol, a partir de les 20,30 hores a l&#8217;Auditori de Sant Llu\u00eds; aix\u00ed com amb l&#8217;actuaci\u00f3 de la Banda Agrupaci\u00f3 per a la Mem\u00f2ria Hist\u00f2rica, un dia abans, el diumenge 3 de juliol, en el mateix escenari del Pas de Sant Llu\u00eds i a partir de les 20,00 hores.<\/p>\n\n\n\n<p>La Banda Municipal de Madrid, condu\u00efda pel prestigi\u00f3s director Jan Cober, interpretar\u00e0 un repertori compost per la Dansa dels set vels, de Richard Strauss; Pins de Roma, de Ottorino Respighi; El barret de tres pics, de Manuel de Falla; El tambor de granaders, de Ruperto Chap\u00ed; Agua, azucarillos y aguardiente, de Federico Chueca; La Revoltosa, de Ruperto Chap\u00ed; i La Marchenera, de Federico M. Torroba.\u00a0<\/p>\n\n\n\n<p>Del programa destaca a m\u00e9s l&#8217;estrena absoluta del concert per a dos requintos, Interlocutio, de Jos\u00e9 Alam\u00e1, amb la participaci\u00f3 de Miguel Civera i Arno Piters com a solistes.\u00a0<\/p>\n\n\n\n<p>Jan Cober est\u00e0 considerant en l&#8217;actualitat com una de les figures m\u00e9s destacades en l&#8217;\u00e0mbit de la direcci\u00f3 de bandes de m\u00fasica. Com a professor de clarinet i director de bandes de vent-metall, Jan Cober compagina la seua carrera professional amb la investigaci\u00f3 musical en el Conservatori Superior de Maastricht i l&#8217;Institut Europeu de Direcci\u00f3 a Trento (It\u00e0lia). La seua particular metodologia i did\u00e0ctica ha creat una reconeguda escola que imparteix cursos de direcci\u00f3 en m\u00e9s de quinze pa\u00efsos.<\/p>\n\n\n\n<p>Per part seua, la Banda Agrupaci\u00f3 per a la Mem\u00f2ria Hist\u00f2rica, condu\u00efda pel seu director titular, Jes\u00fas Perell\u00f3, posar\u00e0 en faristol Gloria al poble, de Perfecte Artola; La vaquilla, de Asins Arb\u00f3; A Federico Garc\u00eda Lorca (can\u00e7ons antigues), amb arranjaments d&#8217;\u00c1ngel L\u00f3pez Came\u00f1o; l&#8217;obertura France, de V. Bout; aix\u00ed com les bandes sonores de les pel\u00b7l\u00edcules Les tretze roses, de Roque Ba\u00f1os; i la de Blasco Ib\u00e1\u00f1ez, amb arranjaments de Mendo i Garc\u00eda Soler. El concert est\u00e0 previst que finalitze amb la interpretaci\u00f3 de l&#8217;Himne a Bunyol, de Guzm\u00e1n C\u00e1rcel.<\/p>\n\n\n\n<p>A aquestes propostes se suma l&#8217;espectacle de m\u00fasica i dansa Thin Air, escrit per Calliope Tsoupaki, del qual es podr\u00e0 gaudir aquest dissabte, dia 2 de juliol, en dues representacions: a les 21,30 hores i a les 23,00 hores, totes dues a la porta de l&#8217;Auditori del Passeig de Sant Llu\u00eds.\u00a0<\/p>\n\n\n\n<p><strong>Concerts del conservatori i inauguraci\u00f3 de la Esmunbu\u00a0<\/strong><\/p>\n\n\n\n<p>El programa de la Biennal de M\u00fasica va arrancar el passat 16 de juny amb els recitals i concerts desenvolupats durant tres jornades per la Banda Juvenil, la Brass Band, el Cor, l&#8217;Orquestra i la Banda Simf\u00f2nica del Conservatori Sant Rafael. Aquesta \u00faltima formaci\u00f3 va oferir a m\u00e9s un gran espectacle a l&#8217;Auditori Municipal de Sant Llu\u00eds amb la participaci\u00f3 de l&#8217;instrumentista gallec Abraham Cupeiro, que tamb\u00e9 t\u00e9 programada una altra gran actuaci\u00f3 al costat del quintet de vent Venda a zinc per al dia 14 de juliol en la Pla\u00e7a d&#8217;Armes del castell de la localitat.\u00a0<\/p>\n\n\n\n<p>Les activitats han continuat tamb\u00e9 aquesta setmana amb la inauguraci\u00f3 de la I Escola de M\u00fasiques del M\u00f3n de Bunyol, Esmumbu, en el Passeig de Sant Llu\u00eds.<\/p>\n\n\n\n<p>La XVI Biennal de M\u00fasica de la localitat es desenvolupar\u00e0 fins al pr\u00f2xim 12 d&#8217;agost durant unes setmanes en les quals diversos enclavaments del municipi acolliran tant concerts com diverses activitats paral\u00b7leles, entre la qual destaca l&#8217;I F\u00f2rum Iberoameric\u00e0 de M\u00fasica per a Vents, que arrancar\u00e0 la setmana vinent; aix\u00ed com el Curs del M\u00e8tode Suzuki.&nbsp;<\/p>\n\n\n\n<p>La completa i variada programaci\u00f3 compta a m\u00e9s entre els seus plats forts amb l&#8217;actuaci\u00f3 de Soledad Gim\u00e9nez al costat de la Sedajazz Big band, prevista per al 15 de juliol a les 22,30 hores a l&#8217;Auditori Municipal de Sant Llu\u00eds; aix\u00ed com amb el recital d&#8217;Ismael Serrano, cantautor que actuar\u00e0 el 12 d&#8217;agost a les 22,30 hores en el mateix escenari.\u00a0<\/p>\n\n\n\n<p>A ells se sumen els concerts inaugural i de clausura a c\u00e0rrec de cadascuna de les dues societats musicals locals: El Centre Instructiu Musical \u201cL&#8217;Arm\u00f2nica\u201d i la Societat Musical \u201cL&#8217;Art\u00edstica\u201d, que a m\u00e9s estrenaran \u201cCatarsi en roig\u201d, l&#8217;obra per enc\u00e0rrec composta per Andr\u00e9s Valero-Castell sobre la internacionalment coneguda festa de la Tomatina.<\/p>\n\n\n\n<p><strong>El Bonobienal, ja a la venda<\/strong><\/p>\n\n\n\n<p>Des de la regidoria de Cultura de l&#8217;Ajuntament de Bunyol que administra Mireia Parla s&#8217;ha informat de la posada a la venda del Bonobienal, \u201cuna forma molt interessant de poder estalviar-se uns euros en les actuacions de pagament\u201d, tal com ha destacat la m\u00e0xima responsable de la Cultura en la localitat.<\/p>\n\n\n\n<p>Mireia Parla ha recordat que el Bonobienal \u201cix a la venda a partir del dia 2 de juliol pel m\u00f2dic preu de 20 euros i nom\u00e9s per a les poques actuacions de pagament que hi ha\u201d, ja que com ha destacat nom\u00e9s \u201cs\u00f3n unes poques, ja que pr\u00e0cticament totes les propostes d&#8217;aquesta XVI Biennal de M\u00fasica s\u00f3n gratu\u00eftes\u201d.<\/p>\n\n\n\n<p>\u201cEl Bonobienal pot adquirir-se en els punts habituals del municipi, entre ells la Biblioteca P\u00fablica Municipal, el quiosc Desi, Modes Marina i la drogueria La Pla\u00e7a\u201d, tal com ha esmentat Mireia Parla, qui ha recordat que tota la programaci\u00f3 de la XVI Biennal de M\u00fasica pot ser consultada en la p\u00e0gina web <em>www.bienalmusica.bu\u00f1ol.es<\/em>.<\/p>\n","protected":false},"excerpt":{"rendered":"<div class=\"mh-excerpt\">El concert de la Banda Simf\u00f2nica Municipal de Madrid, dirigida per Jan Cober, \u00e9s una de les propostes m\u00e9s destacades del programa de la XVI Biennal de M\u00fasica de Bunyol per als pr\u00f2xims dies; recital <a class=\"mh-excerpt-more\" href=\"https:\/\/www.tucomarca.com\/wordpress\/segunda\/ca\/la-banda-municipal-de-madrid-conduida-pel-prestigios-director-jan-cober-estrenara-lobra-interlocutio-de-jose-alama-en-el-seu-concert-de-la-xvi-biennal-de-musica-de-bunyol\/\" title=\"La Banda Municipal de Madrid, condu\u00efda pel prestigi\u00f3s director Jan Cober, estrenar\u00e0 l&#8217;obra \u201cInterlocutio\u201d, de Jos\u00e9 Alam\u00e1, en el seu concert de la XVI Biennal de M\u00fasica de Bunyol\">[+] <\/a><\/div>\n","protected":false},"author":1,"featured_media":160490,"comment_status":"open","ping_status":"open","sticky":false,"template":"","format":"standard","meta":{"footnotes":""},"categories":[11019,10911,11005,10898,10894,10904,10912,11007,10896],"tags":[17095,10913,10914],"class_list":{"0":"post-160495","1":"post","2":"type-post","3":"status-publish","4":"format-standard","5":"has-post-thumbnail","7":"category-agenda-ca","8":"category-bunol-ca","9":"category-canal-musica","10":"category-ventana-ca","11":"category-la-comarca-ca","12":"category-sin-categorizar-ca","13":"category-la-hoya-ca","14":"category-ocio-y-cultura-ca","15":"category-seccion-ca","16":"tag-bienal-de-musica-ca","17":"tag-bunol-ca","18":"tag-la-hoya-de-bunol-chiva-ca"},"_links":{"self":[{"href":"https:\/\/www.tucomarca.com\/wordpress\/segunda\/ca\/wp-json\/wp\/v2\/posts\/160495","targetHints":{"allow":["GET"]}}],"collection":[{"href":"https:\/\/www.tucomarca.com\/wordpress\/segunda\/ca\/wp-json\/wp\/v2\/posts"}],"about":[{"href":"https:\/\/www.tucomarca.com\/wordpress\/segunda\/ca\/wp-json\/wp\/v2\/types\/post"}],"author":[{"embeddable":true,"href":"https:\/\/www.tucomarca.com\/wordpress\/segunda\/ca\/wp-json\/wp\/v2\/users\/1"}],"replies":[{"embeddable":true,"href":"https:\/\/www.tucomarca.com\/wordpress\/segunda\/ca\/wp-json\/wp\/v2\/comments?post=160495"}],"version-history":[{"count":0,"href":"https:\/\/www.tucomarca.com\/wordpress\/segunda\/ca\/wp-json\/wp\/v2\/posts\/160495\/revisions"}],"wp:featuredmedia":[{"embeddable":true,"href":"https:\/\/www.tucomarca.com\/wordpress\/segunda\/ca\/wp-json\/wp\/v2\/media\/160490"}],"wp:attachment":[{"href":"https:\/\/www.tucomarca.com\/wordpress\/segunda\/ca\/wp-json\/wp\/v2\/media?parent=160495"}],"wp:term":[{"taxonomy":"category","embeddable":true,"href":"https:\/\/www.tucomarca.com\/wordpress\/segunda\/ca\/wp-json\/wp\/v2\/categories?post=160495"},{"taxonomy":"post_tag","embeddable":true,"href":"https:\/\/www.tucomarca.com\/wordpress\/segunda\/ca\/wp-json\/wp\/v2\/tags?post=160495"}],"curies":[{"name":"wp","href":"https:\/\/api.w.org\/{rel}","templated":true}]}}