{"id":160569,"date":"2022-06-30T09:45:00","date_gmt":"2022-06-30T07:45:00","guid":{"rendered":"http:\/\/www.tucomarca.com\/wordpress\/segunda\/?p=160569"},"modified":"2022-06-30T18:54:20","modified_gmt":"2022-06-30T16:54:20","slug":"las-fiestas-de-alborache-arrancan-con-el-pregon-del-equipo-femenino-de-futbol-de-la-ud-la-hoya","status":"publish","type":"post","link":"https:\/\/www.tucomarca.com\/wordpress\/segunda\/ca\/las-fiestas-de-alborache-arrancan-con-el-pregon-del-equipo-femenino-de-futbol-de-la-ud-la-hoya\/","title":{"rendered":"Les festes d&#8217;Alboraig arranquen amb el preg\u00f3 de l&#8217;equip femen\u00ed de futbol de la UD La Foia"},"content":{"rendered":"\n<p>L&#8217;Ajuntament d&#8217;Alboraig -juntament amb les associacions ve\u00efnals- ha preparat un complet calendari d&#8217;activitats per al mes de juliol, on pret\u00e9n que tots els residents a Alboraig, i tots els ve\u00efns i ve\u00efnes de la Mancomunitat i visitants aprofiten per a passar una estona agradable i en bona companyia.<\/p>\n\n\n\n<p>Les integrants de l&#8217;equip de futbol femen\u00ed del UD La Foia, que recentment acaba d&#8217;ascendir a Primera, seran les pregoneres de les festes d&#8217;Alboraig el pr\u00f2xim 15 de juliol des del balc\u00f3 de l&#8217;Ajuntament.\u00a0<\/p>\n\n\n\n<p>Aix\u00ed mateix, totes activitats, jornades, tallers i campionats que s&#8217;organitzen estan destinats i orientats per a totes les edats, i formen part del programa de festes municipal, el principal objectiu de les quals \u00e9s: posar en valor i enaltir la festa gran en honor a Sant Jaume.&nbsp;<\/p>\n\n\n\n<p>En aquest sentit, fem una xicoteta recopilaci\u00f3 de les principals activitats que es duran a terme en la localitat durant el mes vinent de juliol (sense tindre en compte els dies de la festa gran) i que pr\u00f2ximament ampliarem al costat del Programa de Festes 2022.&nbsp;<\/p>\n\n\n\n<p>Dissabte, 2 de juliol:&nbsp;<br>Carrera Alboraig<\/p>\n\n\n\n<p>Divendres, 8 de juliol:&nbsp;<br>Sopar de l&#8217;Associaci\u00f3 local de la Lluita contra el C\u00e0ncer d&#8217;Alboraig i actuaci\u00f3 de Mestissatge.<\/p>\n\n\n\n<p>Dissabte 9 de juliol:&nbsp;<br>V Jornada \u2018Viu la Naturalesa\u2019 organitzada pel Club de Ca\u00e7a.<br>Pujada nocturna a la Cella, organitzada per l&#8217;Associaci\u00f3 Local de Lluita contra el C\u00e0ncer) i actuaci\u00f3 de \u2018La Cella de la rabosa\u2019.<br>XIX Campanya de concerts d&#8217;intercanvis *SIM La Primitiva.<\/p>\n\n\n\n<p>Divendres, 15 de juliol:&nbsp;<br>Concurs d&#8217;adorns dels carrers d&#8217;Alboraig.&nbsp;<br>Preg\u00f3 de les festes des del Balc\u00f3 de l&#8217;Ajuntament a c\u00e0rrec de l&#8217;equip femen\u00ed de Futbol de l&#8217;O.D. Mancomunitat La Foia i *discom\u00f3vil.&nbsp;<\/p>\n\n\n\n<p>Dissabte, 16 de juliol:<br>Paelles, Batucada i revetla ambientada per l&#8217;Orquestra La M\u00e0xima.&nbsp;<\/p>\n\n\n\n<p>Diumenge, 17 de juliol:&nbsp;<br>Musical infantil i familiar inspirat en \u2018*Frozen\u2019: \u2018*Snowman\u2019, a l&#8217;Auditori Municipal.&nbsp;<\/p>\n\n\n\n<p>Del dilluns 11 al divendres 22 de juliol:&nbsp;<br>Tornejos de p\u00e0del i *futbito.<\/p>\n\n\n\n<p>Del dilluns 18 al divendres 22 de juliol:&nbsp;<br>Campionat de parx\u00eds.<\/p>\n\n\n\n<p>Del dilluns 21 al divendres 23 de juliol:&nbsp;<br>Campionats de domin\u00f3 (organitzat per l&#8217;Associaci\u00f3 de Pensionistes i Jubilats d&#8217;Alboraig)<\/p>\n","protected":false},"excerpt":{"rendered":"<div class=\"mh-excerpt\">L&#8217;Ajuntament d&#8217;Alboraig -juntament amb les associacions ve\u00efnals- ha preparat un complet calendari d&#8217;activitats per al mes de juliol, on pret\u00e9n que tots els residents a Alboraig, i tots els ve\u00efns i ve\u00efnes de la Mancomunitat <a class=\"mh-excerpt-more\" href=\"https:\/\/www.tucomarca.com\/wordpress\/segunda\/ca\/las-fiestas-de-alborache-arrancan-con-el-pregon-del-equipo-femenino-de-futbol-de-la-ud-la-hoya\/\" title=\"Les festes d&#8217;Alboraig arranquen amb el preg\u00f3 de l&#8217;equip femen\u00ed de futbol de la UD La Foia\">[+] <\/a><\/div>\n","protected":false},"author":1,"featured_media":160567,"comment_status":"open","ping_status":"open","sticky":false,"template":"","format":"standard","meta":{"footnotes":""},"categories":[11019,10973,11015,11003,10894,10912,10896],"tags":[11224,10914],"class_list":{"0":"post-160569","1":"post","2":"type-post","3":"status-publish","4":"format-standard","5":"has-post-thumbnail","7":"category-agenda-ca","8":"category-alborache-ca","9":"category-canal-futbol","10":"category-sports","11":"category-la-comarca-ca","12":"category-la-hoya-ca","13":"category-seccion-ca","14":"tag-alborache-ca","15":"tag-la-hoya-de-bunol-chiva-ca"},"_links":{"self":[{"href":"https:\/\/www.tucomarca.com\/wordpress\/segunda\/ca\/wp-json\/wp\/v2\/posts\/160569","targetHints":{"allow":["GET"]}}],"collection":[{"href":"https:\/\/www.tucomarca.com\/wordpress\/segunda\/ca\/wp-json\/wp\/v2\/posts"}],"about":[{"href":"https:\/\/www.tucomarca.com\/wordpress\/segunda\/ca\/wp-json\/wp\/v2\/types\/post"}],"author":[{"embeddable":true,"href":"https:\/\/www.tucomarca.com\/wordpress\/segunda\/ca\/wp-json\/wp\/v2\/users\/1"}],"replies":[{"embeddable":true,"href":"https:\/\/www.tucomarca.com\/wordpress\/segunda\/ca\/wp-json\/wp\/v2\/comments?post=160569"}],"version-history":[{"count":0,"href":"https:\/\/www.tucomarca.com\/wordpress\/segunda\/ca\/wp-json\/wp\/v2\/posts\/160569\/revisions"}],"wp:featuredmedia":[{"embeddable":true,"href":"https:\/\/www.tucomarca.com\/wordpress\/segunda\/ca\/wp-json\/wp\/v2\/media\/160567"}],"wp:attachment":[{"href":"https:\/\/www.tucomarca.com\/wordpress\/segunda\/ca\/wp-json\/wp\/v2\/media?parent=160569"}],"wp:term":[{"taxonomy":"category","embeddable":true,"href":"https:\/\/www.tucomarca.com\/wordpress\/segunda\/ca\/wp-json\/wp\/v2\/categories?post=160569"},{"taxonomy":"post_tag","embeddable":true,"href":"https:\/\/www.tucomarca.com\/wordpress\/segunda\/ca\/wp-json\/wp\/v2\/tags?post=160569"}],"curies":[{"name":"wp","href":"https:\/\/api.w.org\/{rel}","templated":true}]}}