{"id":160643,"date":"2022-07-01T10:00:00","date_gmt":"2022-07-01T08:00:00","guid":{"rendered":"http:\/\/www.tucomarca.com\/wordpress\/segunda\/?p=160643"},"modified":"2022-07-01T21:42:56","modified_gmt":"2022-07-01T19:42:56","slug":"lemissora-municipal-radio-bunyol-tv-presenta-la-seua-programacio-estiuenca-i-als-seus-nous-becaris","status":"publish","type":"post","link":"https:\/\/www.tucomarca.com\/wordpress\/segunda\/ca\/lemissora-municipal-radio-bunyol-tv-presenta-la-seua-programacio-estiuenca-i-als-seus-nous-becaris\/","title":{"rendered":"L&#8217;emissora municipal R\u00e0dio Bunyol TV presenta la seua programaci\u00f3 estiuenca i als seus nous becaris"},"content":{"rendered":"\n<p>R\u00e0dio Bunyol TV continua m\u00e9s prop de tu. Des de hui i fins al pr\u00f2xim 1 d&#8217;octubre arranca un estiu m\u00e9s una programaci\u00f3 divertida, diferent, en horari matut\u00ed, de 14h. Al migdia continuaran amb El Rall, de la X\u00e0rxa d\u2019Emissores Municipals, i \u00c0 Punt Radi, de 14 a 16h. A les vesprades continuaran tenint els millors tem\u00e0tics, de m\u00fasica alegre, festiva i molt estiuenca. A aix\u00f2 s&#8217;inclou alguns dels programes que els nostres col\u00b7laboradors tamb\u00e9 envien per a poder posar-los a les vesprades.<\/p>\n\n\n\n<p>Als matins de 9 a 14h seguiran els programes que aix\u00ed han volgut fer-ho, i tamb\u00e9 hi haur\u00e0 temps per a les millors entrevistes, les millors connexions d&#8217;exteriors i tamb\u00e9 els programes de la televisi\u00f3 tornarem a posar-los per a tots. Per a aix\u00f2, i ja per fi, es compta amb dos becaris, estudiants de Comunicaci\u00f3 Audiovisual de la Universitat de Val\u00e8ncia. Ells s\u00f3n Margarita Pujante i Jos\u00e9 Mar\u00eda Fern\u00e1ndez. Il\u00b7lusi\u00f3 i moltes ganes d&#8217;aprendre han demostrat en les primeres hores d&#8217;incorporaci\u00f3 a l&#8217;equip de R\u00e0dio Bunyol TV, compost per Rodrigo Puch\u00e9 i Ra\u00fal Mart\u00ednez, al control t\u00e8cnic, de so i imatge, i per Pilar Criado, periodista de la casa.<\/p>\n\n\n\n<p>Manuel Sierra, regidor de Mitjans de comunicaci\u00f3 de l&#8217;Ajuntament de Bunyol, s&#8217;ha mostrat molt satisfet per la labor que des d&#8217;aquesta r\u00e0dio municipal s&#8217;est\u00e0 fent en l&#8217;\u00faltima legislatura, i \u201csobretot amb la incorporaci\u00f3 d&#8217;estudiants que aprendran i, segur faran un gran paper al llarg de l&#8217;estiu\u201d.&nbsp;<\/p>\n\n\n\n<p><\/p>\n","protected":false},"excerpt":{"rendered":"<div class=\"mh-excerpt\">R\u00e0dio Bunyol TV continua m\u00e9s prop de tu. Des de hui i fins al pr\u00f2xim 1 d&#8217;octubre arranca un estiu m\u00e9s una programaci\u00f3 divertida, diferent, en horari matut\u00ed, de 14h. Al migdia continuaran amb El <a class=\"mh-excerpt-more\" href=\"https:\/\/www.tucomarca.com\/wordpress\/segunda\/ca\/lemissora-municipal-radio-bunyol-tv-presenta-la-seua-programacio-estiuenca-i-als-seus-nous-becaris\/\" title=\"L&#8217;emissora municipal R\u00e0dio Bunyol TV presenta la seua programaci\u00f3 estiuenca i als seus nous becaris\">[+] <\/a><\/div>\n","protected":false},"author":12,"featured_media":160640,"comment_status":"open","ping_status":"open","sticky":false,"template":"","format":"standard","meta":{"footnotes":""},"categories":[10911,10948,10894,10912,10896],"tags":[10913,10914,12139,15546],"class_list":{"0":"post-160643","1":"post","2":"type-post","3":"status-publish","4":"format-standard","5":"has-post-thumbnail","7":"category-bunol-ca","8":"category-infraestructuras-ca","9":"category-la-comarca-ca","10":"category-la-hoya-ca","11":"category-seccion-ca","12":"tag-bunol-ca","13":"tag-la-hoya-de-bunol-chiva-ca","14":"tag-radio-bunol-tv-ca","15":"tag-radio-municipal-ca"},"_links":{"self":[{"href":"https:\/\/www.tucomarca.com\/wordpress\/segunda\/ca\/wp-json\/wp\/v2\/posts\/160643","targetHints":{"allow":["GET"]}}],"collection":[{"href":"https:\/\/www.tucomarca.com\/wordpress\/segunda\/ca\/wp-json\/wp\/v2\/posts"}],"about":[{"href":"https:\/\/www.tucomarca.com\/wordpress\/segunda\/ca\/wp-json\/wp\/v2\/types\/post"}],"author":[{"embeddable":true,"href":"https:\/\/www.tucomarca.com\/wordpress\/segunda\/ca\/wp-json\/wp\/v2\/users\/12"}],"replies":[{"embeddable":true,"href":"https:\/\/www.tucomarca.com\/wordpress\/segunda\/ca\/wp-json\/wp\/v2\/comments?post=160643"}],"version-history":[{"count":0,"href":"https:\/\/www.tucomarca.com\/wordpress\/segunda\/ca\/wp-json\/wp\/v2\/posts\/160643\/revisions"}],"wp:featuredmedia":[{"embeddable":true,"href":"https:\/\/www.tucomarca.com\/wordpress\/segunda\/ca\/wp-json\/wp\/v2\/media\/160640"}],"wp:attachment":[{"href":"https:\/\/www.tucomarca.com\/wordpress\/segunda\/ca\/wp-json\/wp\/v2\/media?parent=160643"}],"wp:term":[{"taxonomy":"category","embeddable":true,"href":"https:\/\/www.tucomarca.com\/wordpress\/segunda\/ca\/wp-json\/wp\/v2\/categories?post=160643"},{"taxonomy":"post_tag","embeddable":true,"href":"https:\/\/www.tucomarca.com\/wordpress\/segunda\/ca\/wp-json\/wp\/v2\/tags?post=160643"}],"curies":[{"name":"wp","href":"https:\/\/api.w.org\/{rel}","templated":true}]}}