{"id":160676,"date":"2022-07-01T11:55:00","date_gmt":"2022-07-01T09:55:00","guid":{"rendered":"http:\/\/www.tucomarca.com\/wordpress\/segunda\/?p=160676"},"modified":"2022-07-01T21:45:32","modified_gmt":"2022-07-01T19:45:32","slug":"lalumnat-de-lies-oleana-rep-formacio-en-resolucio-i-mediacio-de-conflictes","status":"publish","type":"post","link":"https:\/\/www.tucomarca.com\/wordpress\/segunda\/ca\/lalumnat-de-lies-oleana-rep-formacio-en-resolucio-i-mediacio-de-conflictes\/","title":{"rendered":"L&#8217;alumnat de l&#8217;IES Oleana rep formaci\u00f3 en resoluci\u00f3 i mediaci\u00f3 de conflictes"},"content":{"rendered":"\n<p>Un grup d&#8217;adolescents de diferents edats de l&#8217;IES Oleana de Requena, ha rebut els passats dies 28 i 29 de juny una primera formaci\u00f3 en mediaci\u00f3 i resoluci\u00f3 de conflictes.<br>L&#8217;objectiu d&#8217;aquesta iniciativa \u00e9s donar inici a una col\u00b7laboraci\u00f3 entre la Regidoria de Joventut de l&#8217;Ajuntament de Requena i el centre educatiu.<br>Aix\u00ed doncs, la formaci\u00f3 ha suposat per a l&#8217;alumnat del citat centre una primera aproximaci\u00f3 a aquest \u00e0mbit, que continuar\u00e0 per al seg\u00fcent curs 2022-2023. D&#8217;aquesta manera, es presenta per al pr\u00f2xim curs un projecte d&#8217;implementaci\u00f3 d&#8217;un equip de mediaci\u00f3 en el mateix institut de la localitat.<br>Fruit de l&#8217;\u00e8xit i bon acolliment que ha tingut aquesta experi\u00e8ncia, al llarg de la setmana vinent el professorat tamb\u00e9 rebr\u00e0 aquesta mateixa formaci\u00f3 per a poder aix\u00ed donar resposta a les necessitats plantejades, i que entre tota la comunitat educativa s&#8217;implemente la cultura de mediaci\u00f3 amb suport del personal t\u00e8cnic de Joventut del municipi. Informa, <strong>Luis Ib\u00e1\u00f1ez.<\/strong><\/p>\n\n\n\n<p><\/p>\n","protected":false},"excerpt":{"rendered":"<div class=\"mh-excerpt\">Un grup d&#8217;adolescents de diferents edats de l&#8217;IES Oleana de Requena, ha rebut els passats dies 28 i 29 de juny una primera formaci\u00f3 en mediaci\u00f3 i resoluci\u00f3 de conflictes.L&#8217;objectiu d&#8217;aquesta iniciativa \u00e9s donar inici <a class=\"mh-excerpt-more\" href=\"https:\/\/www.tucomarca.com\/wordpress\/segunda\/ca\/lalumnat-de-lies-oleana-rep-formacio-en-resolucio-i-mediacio-de-conflictes\/\" title=\"L&#8217;alumnat de l&#8217;IES Oleana rep formaci\u00f3 en resoluci\u00f3 i mediaci\u00f3 de conflictes\">[+] <\/a><\/div>\n","protected":false},"author":12,"featured_media":160675,"comment_status":"open","ping_status":"open","sticky":false,"template":"","format":"standard","meta":{"footnotes":""},"categories":[10948,10894,10908,10909,10896],"tags":[14926,17477,11099,10910],"class_list":{"0":"post-160676","1":"post","2":"type-post","3":"status-publish","4":"format-standard","5":"has-post-thumbnail","7":"category-infraestructuras-ca","8":"category-la-comarca-ca","9":"category-requena-ca","10":"category-requena-utiel-ca","11":"category-seccion-ca","12":"tag-ies-oleana-ca","13":"tag-mediacion-de-conflictos-ca","14":"tag-requena-ca","15":"tag-requena-utiel-ca"},"_links":{"self":[{"href":"https:\/\/www.tucomarca.com\/wordpress\/segunda\/ca\/wp-json\/wp\/v2\/posts\/160676","targetHints":{"allow":["GET"]}}],"collection":[{"href":"https:\/\/www.tucomarca.com\/wordpress\/segunda\/ca\/wp-json\/wp\/v2\/posts"}],"about":[{"href":"https:\/\/www.tucomarca.com\/wordpress\/segunda\/ca\/wp-json\/wp\/v2\/types\/post"}],"author":[{"embeddable":true,"href":"https:\/\/www.tucomarca.com\/wordpress\/segunda\/ca\/wp-json\/wp\/v2\/users\/12"}],"replies":[{"embeddable":true,"href":"https:\/\/www.tucomarca.com\/wordpress\/segunda\/ca\/wp-json\/wp\/v2\/comments?post=160676"}],"version-history":[{"count":0,"href":"https:\/\/www.tucomarca.com\/wordpress\/segunda\/ca\/wp-json\/wp\/v2\/posts\/160676\/revisions"}],"wp:featuredmedia":[{"embeddable":true,"href":"https:\/\/www.tucomarca.com\/wordpress\/segunda\/ca\/wp-json\/wp\/v2\/media\/160675"}],"wp:attachment":[{"href":"https:\/\/www.tucomarca.com\/wordpress\/segunda\/ca\/wp-json\/wp\/v2\/media?parent=160676"}],"wp:term":[{"taxonomy":"category","embeddable":true,"href":"https:\/\/www.tucomarca.com\/wordpress\/segunda\/ca\/wp-json\/wp\/v2\/categories?post=160676"},{"taxonomy":"post_tag","embeddable":true,"href":"https:\/\/www.tucomarca.com\/wordpress\/segunda\/ca\/wp-json\/wp\/v2\/tags?post=160676"}],"curies":[{"name":"wp","href":"https:\/\/api.w.org\/{rel}","templated":true}]}}