{"id":160691,"date":"2022-07-01T14:00:00","date_gmt":"2022-07-01T12:00:00","guid":{"rendered":"http:\/\/www.tucomarca.com\/wordpress\/segunda\/?p=160691"},"modified":"2022-07-01T21:32:49","modified_gmt":"2022-07-01T19:32:49","slug":"joves-socialistes-de-riba-roja-de-turia-tria-nova-executiva-local-i-nomena-a-david-barbancho-secretari-general","status":"publish","type":"post","link":"https:\/\/www.tucomarca.com\/wordpress\/segunda\/ca\/joves-socialistes-de-riba-roja-de-turia-tria-nova-executiva-local-i-nomena-a-david-barbancho-secretari-general\/","title":{"rendered":"Joves Socialistes de Riba-roja de T\u00faria tria nova executiva local i nomena a David Barbancho secretari general"},"content":{"rendered":"\n<h4 class=\"wp-block-heading\">L&#8217;assemblea extraordin\u00e0ria tria la nova executiva per unanimitat&nbsp;<\/h4>\n\n\n\n<p>Joves Socialistes de Riba-roja de T\u00faria ha triat la nova executiva local en l&#8217;assemblea extraordin\u00e0ria celebrada gr\u00e0cies al suport un\u00e0nime de tots els afiliats. La votaci\u00f3 dels afiliats ha suposat, a m\u00e9s, un suport per unanimitat l&#8217;informe pol\u00edtic i de gesti\u00f3 del mandat dut a terme per l&#8217;executiva sortint durant els dos \u00faltims anys i mig passats.&nbsp;<\/p>\n\n\n\n<p>L&#8217;assemblea extraordin\u00e0ria ha avalat el treball i la gesti\u00f3 de la fins ara executiva local amb el nomenament dels nous components. David Barbancho ha sigut reelegit com a secretari general; la sotssecret\u00e0ria general i pol\u00edtiques institucionals \u00e9s Paula Joana G\u00f3mez Gonz\u00e1lez; el secretari d&#8217;organitzaci\u00f3 ha sigut triat Carlos Vizuete Rodr\u00edguez; la sotssecretaria general d&#8217;Igualtat \u00e9s Jennifer Tirado Bello; la secret\u00e0ria de Formaci\u00f3 \u00e9s Gemma Sanch\u00eds Navarro.&nbsp;<\/p>\n\n\n\n<p>El secretari d&#8217;Esports ser\u00e0 Marcos Hern\u00e1ndez Folgado; la secretaria de Comunicaci\u00f3 i Mobilitzaci\u00f3 ser\u00e0 gestionada per Dragos Iounut Gheorhe Stefan; i, finalment, la secretaria d&#8217;Associacionisme, Cultura i Educaci\u00f3 \u00e9s Miriam Li\u00e9bana Argando\u00f1a. Tots els nous integrants de l&#8217;executiva local de Joves Socialistes han sigut triats per unanimitat.&nbsp;<\/p>\n\n\n\n<p>La nova executiva ha destacat la construcci\u00f3 d&#8217;un projecte \u201cgr\u00e0cies a l&#8217;aprenentatge i al bagatge que ens ha perm\u00e9s cr\u00e9ixer com a agrupaci\u00f3 durant aquests dos \u00faltims anys arrere, la pand\u00e8mia ha sigut un repte molt dur per a tots i per a totes, per\u00f2 hem seguit connectats amb la poblaci\u00f3 jove del nostre municipi i hem sigut altaveu de la joventut\u201d.&nbsp;<br>L&#8217;executiva ha subratllat, a m\u00e9s, el perfil dels nous components d&#8217;\u00f2rgan de gesti\u00f3 de Joves Socialistes. \u201cSom una executiva que est\u00e0 composta per gent de diferents edats, de diferents col\u00b7lectius i projectes, per\u00f2 amb una aposta en com\u00fa, millorar la qualitat de vida de la joventut de Riba-roaj de T\u00faria i, sobretot, hem volgut continuar potenciant l&#8217;\u00e0rea d&#8217;Igualtat, conscients de l&#8217;auge dels discursos de l&#8217;odi i els casos de Lgtbifobia existents al nostre pa\u00eds\u201d.&nbsp;<\/p>\n\n\n\n<p>Finalment, Joves Socialistes de Riba-roja de T\u00faria ha enviat un missatge d&#8217;agra\u00efment \u201cper tots els companys que van assistir a l&#8217;assemblea i pel suport rebut pel secretari general del PSPV de Riba-roja i alcalde, Robert Raga, al costat de la regidora de Joventut, Ana Cristina Folgada i el regidor d&#8217;Hisenda, Jos\u00e9 \u00c1ngel Hern\u00e1ndez i el regidor Urbanitzacions, Rafa G\u00f3mez\u201d i ha agra\u00eft \u201cla gran faena desenvolupada durant els \u00faltims anys pels companys que no segueixen en l&#8217;executiva local\u201d.<\/p>\n\n\n\n<p><\/p>\n","protected":false},"excerpt":{"rendered":"<div class=\"mh-excerpt\">L&#8217;assemblea extraordin\u00e0ria tria la nova executiva per unanimitat&nbsp; Joves Socialistes de Riba-roja de T\u00faria ha triat la nova executiva local en l&#8217;assemblea extraordin\u00e0ria celebrada gr\u00e0cies al suport un\u00e0nime de tots els afiliats. La votaci\u00f3 dels <a class=\"mh-excerpt-more\" href=\"https:\/\/www.tucomarca.com\/wordpress\/segunda\/ca\/joves-socialistes-de-riba-roja-de-turia-tria-nova-executiva-local-i-nomena-a-david-barbancho-secretari-general\/\" title=\"Joves Socialistes de Riba-roja de T\u00faria tria nova executiva local i nomena a David Barbancho secretari general\">[+] <\/a><\/div>\n","protected":false},"author":12,"featured_media":160681,"comment_status":"open","ping_status":"open","sticky":false,"template":"","format":"standard","meta":{"footnotes":""},"categories":[10892,10948,10894,10947,10906,10896],"tags":[10899,14847,15024],"class_list":{"0":"post-160691","1":"post","2":"type-post","3":"status-publish","4":"format-standard","5":"has-post-thumbnail","7":"category-camp-de-turia-ca","8":"category-infraestructuras-ca","9":"category-la-comarca-ca","10":"category-politica","11":"category-riba-roja-ca","12":"category-seccion-ca","13":"tag-camp-de-turia-ca","14":"tag-joves-socialistes-ca","15":"tag-riba-roja-de-turia-ca"},"_links":{"self":[{"href":"https:\/\/www.tucomarca.com\/wordpress\/segunda\/ca\/wp-json\/wp\/v2\/posts\/160691","targetHints":{"allow":["GET"]}}],"collection":[{"href":"https:\/\/www.tucomarca.com\/wordpress\/segunda\/ca\/wp-json\/wp\/v2\/posts"}],"about":[{"href":"https:\/\/www.tucomarca.com\/wordpress\/segunda\/ca\/wp-json\/wp\/v2\/types\/post"}],"author":[{"embeddable":true,"href":"https:\/\/www.tucomarca.com\/wordpress\/segunda\/ca\/wp-json\/wp\/v2\/users\/12"}],"replies":[{"embeddable":true,"href":"https:\/\/www.tucomarca.com\/wordpress\/segunda\/ca\/wp-json\/wp\/v2\/comments?post=160691"}],"version-history":[{"count":0,"href":"https:\/\/www.tucomarca.com\/wordpress\/segunda\/ca\/wp-json\/wp\/v2\/posts\/160691\/revisions"}],"wp:featuredmedia":[{"embeddable":true,"href":"https:\/\/www.tucomarca.com\/wordpress\/segunda\/ca\/wp-json\/wp\/v2\/media\/160681"}],"wp:attachment":[{"href":"https:\/\/www.tucomarca.com\/wordpress\/segunda\/ca\/wp-json\/wp\/v2\/media?parent=160691"}],"wp:term":[{"taxonomy":"category","embeddable":true,"href":"https:\/\/www.tucomarca.com\/wordpress\/segunda\/ca\/wp-json\/wp\/v2\/categories?post=160691"},{"taxonomy":"post_tag","embeddable":true,"href":"https:\/\/www.tucomarca.com\/wordpress\/segunda\/ca\/wp-json\/wp\/v2\/tags?post=160691"}],"curies":[{"name":"wp","href":"https:\/\/api.w.org\/{rel}","templated":true}]}}