{"id":160694,"date":"2022-07-01T15:30:00","date_gmt":"2022-07-01T13:30:00","guid":{"rendered":"http:\/\/www.tucomarca.com\/wordpress\/segunda\/?p=160694"},"modified":"2022-07-01T21:50:46","modified_gmt":"2022-07-01T19:50:46","slug":"la-regidoria-desports-publica-en-calendari-definitiu-dels-partits-del-torneig-de-futbol-sala-destiu-a-bunyol","status":"publish","type":"post","link":"https:\/\/www.tucomarca.com\/wordpress\/segunda\/ca\/la-regidoria-desports-publica-en-calendari-definitiu-dels-partits-del-torneig-de-futbol-sala-destiu-a-bunyol\/","title":{"rendered":"La regidoria d&#8217;Esports publica en calendari definitiu dels partits del torneig de futbol sala d&#8217;estiu a Bunyol"},"content":{"rendered":"\n<p>La regidoria d&#8217;Esports de l&#8217;Ajuntament de Bunyol ha fet p\u00fablic el calendari de partits del Torneig de Futbol Sala *Verano 2022, campionat que s&#8217;iniciar\u00e0 el pr\u00f2xim 4 de juliol i es prolongar\u00e0 fins al 24 d&#8217;agost en el poliesportiu de la piscina municipal de la localitat.<\/p>\n\n\n\n<figure class=\"wp-block-image size-large\"><img loading=\"lazy\" decoding=\"async\" width=\"1024\" height=\"596\" src=\"http:\/\/www.tucomarca.com\/wordpress\/segunda\/wp-content\/uploads\/2022\/07\/CalendarioFutsalBunol22_D-1024x596.jpg\" alt=\"\" class=\"wp-image-160688\" srcset=\"https:\/\/www.tucomarca.com\/wordpress\/segunda\/wp-content\/uploads\/2022\/07\/CalendarioFutsalBunol22_D-1024x596.jpg 1024w, https:\/\/www.tucomarca.com\/wordpress\/segunda\/wp-content\/uploads\/2022\/07\/CalendarioFutsalBunol22_D-300x175.jpg 300w, https:\/\/www.tucomarca.com\/wordpress\/segunda\/wp-content\/uploads\/2022\/07\/CalendarioFutsalBunol22_D-768x447.jpg 768w, https:\/\/www.tucomarca.com\/wordpress\/segunda\/wp-content\/uploads\/2022\/07\/CalendarioFutsalBunol22_D.jpg 1251w\" sizes=\"auto, (max-width: 1024px) 100vw, 1024px\" \/><\/figure>\n\n\n\n<figure class=\"wp-block-image size-large\"><img loading=\"lazy\" decoding=\"async\" width=\"1024\" height=\"632\" src=\"http:\/\/www.tucomarca.com\/wordpress\/segunda\/wp-content\/uploads\/2022\/07\/CalendarioFutsalBunol22_C-1024x632.jpg\" alt=\"\" class=\"wp-image-160686\" srcset=\"https:\/\/www.tucomarca.com\/wordpress\/segunda\/wp-content\/uploads\/2022\/07\/CalendarioFutsalBunol22_C-1024x632.jpg 1024w, https:\/\/www.tucomarca.com\/wordpress\/segunda\/wp-content\/uploads\/2022\/07\/CalendarioFutsalBunol22_C-300x185.jpg 300w, https:\/\/www.tucomarca.com\/wordpress\/segunda\/wp-content\/uploads\/2022\/07\/CalendarioFutsalBunol22_C-768x474.jpg 768w, https:\/\/www.tucomarca.com\/wordpress\/segunda\/wp-content\/uploads\/2022\/07\/CalendarioFutsalBunol22_C.jpg 1219w\" sizes=\"auto, (max-width: 1024px) 100vw, 1024px\" \/><\/figure>\n\n\n\n<figure class=\"wp-block-image size-large\"><img loading=\"lazy\" decoding=\"async\" width=\"1024\" height=\"639\" src=\"http:\/\/www.tucomarca.com\/wordpress\/segunda\/wp-content\/uploads\/2022\/07\/CalendarioFutsalBunol22_B-1024x639.jpg\" alt=\"\" class=\"wp-image-160684\" srcset=\"https:\/\/www.tucomarca.com\/wordpress\/segunda\/wp-content\/uploads\/2022\/07\/CalendarioFutsalBunol22_B-1024x639.jpg 1024w, https:\/\/www.tucomarca.com\/wordpress\/segunda\/wp-content\/uploads\/2022\/07\/CalendarioFutsalBunol22_B-300x187.jpg 300w, https:\/\/www.tucomarca.com\/wordpress\/segunda\/wp-content\/uploads\/2022\/07\/CalendarioFutsalBunol22_B-768x479.jpg 768w, https:\/\/www.tucomarca.com\/wordpress\/segunda\/wp-content\/uploads\/2022\/07\/CalendarioFutsalBunol22_B.jpg 1228w\" sizes=\"auto, (max-width: 1024px) 100vw, 1024px\" \/><\/figure>\n\n\n\n<figure class=\"wp-block-image size-large\"><img loading=\"lazy\" decoding=\"async\" width=\"1024\" height=\"639\" src=\"http:\/\/www.tucomarca.com\/wordpress\/segunda\/wp-content\/uploads\/2022\/07\/CalendarioFutsalBunol22_A-1024x639.jpg\" alt=\"\" class=\"wp-image-160682\" srcset=\"https:\/\/www.tucomarca.com\/wordpress\/segunda\/wp-content\/uploads\/2022\/07\/CalendarioFutsalBunol22_A-1024x639.jpg 1024w, https:\/\/www.tucomarca.com\/wordpress\/segunda\/wp-content\/uploads\/2022\/07\/CalendarioFutsalBunol22_A-300x187.jpg 300w, https:\/\/www.tucomarca.com\/wordpress\/segunda\/wp-content\/uploads\/2022\/07\/CalendarioFutsalBunol22_A-768x480.jpg 768w, https:\/\/www.tucomarca.com\/wordpress\/segunda\/wp-content\/uploads\/2022\/07\/CalendarioFutsalBunol22_A.jpg 1225w\" sizes=\"auto, (max-width: 1024px) 100vw, 1024px\" \/><\/figure>\n","protected":false},"excerpt":{"rendered":"<div class=\"mh-excerpt\">La regidoria d&#8217;Esports de l&#8217;Ajuntament de Bunyol ha fet p\u00fablic el calendari de partits del Torneig de Futbol Sala *Verano 2022, campionat que s&#8217;iniciar\u00e0 el pr\u00f2xim 4 de juliol i es prolongar\u00e0 fins al 24 <a class=\"mh-excerpt-more\" href=\"https:\/\/www.tucomarca.com\/wordpress\/segunda\/ca\/la-regidoria-desports-publica-en-calendari-definitiu-dels-partits-del-torneig-de-futbol-sala-destiu-a-bunyol\/\" title=\"La regidoria d&#8217;Esports publica en calendari definitiu dels partits del torneig de futbol sala d&#8217;estiu a Bunyol\">[+] <\/a><\/div>\n","protected":false},"author":1,"featured_media":160683,"comment_status":"open","ping_status":"open","sticky":false,"template":"","format":"standard","meta":{"footnotes":""},"categories":[11019,10911,11003,11012,10912,10896],"tags":[10913,11074,11264,17478,10914],"class_list":{"0":"post-160694","1":"post","2":"type-post","3":"status-publish","4":"format-standard","5":"has-post-thumbnail","7":"category-agenda-ca","8":"category-bunol-ca","9":"category-sports","10":"category-futbol-sala-ca","11":"category-la-hoya-ca","12":"category-seccion-ca","13":"tag-bunol-ca","14":"tag-deportes-ca","15":"tag-esports-ca","16":"tag-futbol-sala-2-ca","17":"tag-la-hoya-de-bunol-chiva-ca"},"_links":{"self":[{"href":"https:\/\/www.tucomarca.com\/wordpress\/segunda\/ca\/wp-json\/wp\/v2\/posts\/160694","targetHints":{"allow":["GET"]}}],"collection":[{"href":"https:\/\/www.tucomarca.com\/wordpress\/segunda\/ca\/wp-json\/wp\/v2\/posts"}],"about":[{"href":"https:\/\/www.tucomarca.com\/wordpress\/segunda\/ca\/wp-json\/wp\/v2\/types\/post"}],"author":[{"embeddable":true,"href":"https:\/\/www.tucomarca.com\/wordpress\/segunda\/ca\/wp-json\/wp\/v2\/users\/1"}],"replies":[{"embeddable":true,"href":"https:\/\/www.tucomarca.com\/wordpress\/segunda\/ca\/wp-json\/wp\/v2\/comments?post=160694"}],"version-history":[{"count":0,"href":"https:\/\/www.tucomarca.com\/wordpress\/segunda\/ca\/wp-json\/wp\/v2\/posts\/160694\/revisions"}],"wp:featuredmedia":[{"embeddable":true,"href":"https:\/\/www.tucomarca.com\/wordpress\/segunda\/ca\/wp-json\/wp\/v2\/media\/160683"}],"wp:attachment":[{"href":"https:\/\/www.tucomarca.com\/wordpress\/segunda\/ca\/wp-json\/wp\/v2\/media?parent=160694"}],"wp:term":[{"taxonomy":"category","embeddable":true,"href":"https:\/\/www.tucomarca.com\/wordpress\/segunda\/ca\/wp-json\/wp\/v2\/categories?post=160694"},{"taxonomy":"post_tag","embeddable":true,"href":"https:\/\/www.tucomarca.com\/wordpress\/segunda\/ca\/wp-json\/wp\/v2\/tags?post=160694"}],"curies":[{"name":"wp","href":"https:\/\/api.w.org\/{rel}","templated":true}]}}