{"id":160750,"date":"2022-07-04T11:30:00","date_gmt":"2022-07-04T09:30:00","guid":{"rendered":"http:\/\/www.tucomarca.com\/wordpress\/segunda\/?p=160750"},"modified":"2022-07-04T13:36:59","modified_gmt":"2022-07-04T11:36:59","slug":"arranca-el-campionat-de-futbol-sala-destiu-de-bunyol-per-al-desenvolupament-del-qual-se-sollicita-collaboracio","status":"publish","type":"post","link":"https:\/\/www.tucomarca.com\/wordpress\/segunda\/ca\/arranca-el-campionat-de-futbol-sala-destiu-de-bunyol-per-al-desenvolupament-del-qual-se-sollicita-collaboracio\/","title":{"rendered":"Arranca el Campionat de Futbol Sala d&#8217;Estiu de Bunyol per al desenvolupament del qual se sol\u00b7licita col\u00b7laboraci\u00f3"},"content":{"rendered":"\n<p>Manuel Sierra, regidor d&#8217;Esports i l&#8217;Associaci\u00f3 Bunyol \u00c9s Esport informen la poblaci\u00f3 que tots els interessats a col\u00b7laborar en el Campionat de Futbol Sala d&#8217;estiu de Bunyol, que arranca hui i que omplir\u00e0 les vesprades de futbol sala el Poli de la Piscina Municipal fins al 24 agost, poden assistir a la reuni\u00f3 que es realitzar\u00e0 aquest dimecres 6 de juliol a les 11,00 hores en el sal\u00f3 de plens de l&#8217;Ajuntament.<\/p>\n\n\n\n<p>En aqueixa reuni\u00f3 es tractar\u00e0 aquesta q\u00fcesti\u00f3 perqu\u00e8 tots els que vulguen col\u00b7laborar puguen fer-ho, i \u201centre tots portar avant el millor campionat de futbol sala possible\u201d, va recalcar l&#8217;edil Sierra.<\/p>\n","protected":false},"excerpt":{"rendered":"<div class=\"mh-excerpt\">Manuel Sierra, regidor d&#8217;Esports i l&#8217;Associaci\u00f3 Bunyol \u00c9s Esport informen la poblaci\u00f3 que tots els interessats a col\u00b7laborar en el Campionat de Futbol Sala d&#8217;estiu de Bunyol, que arranca hui i que omplir\u00e0 les vesprades <a class=\"mh-excerpt-more\" href=\"https:\/\/www.tucomarca.com\/wordpress\/segunda\/ca\/arranca-el-campionat-de-futbol-sala-destiu-de-bunyol-per-al-desenvolupament-del-qual-se-sollicita-collaboracio\/\" title=\"Arranca el Campionat de Futbol Sala d&#8217;Estiu de Bunyol per al desenvolupament del qual se sol\u00b7licita col\u00b7laboraci\u00f3\">[+] <\/a><\/div>\n","protected":false},"author":1,"featured_media":105132,"comment_status":"open","ping_status":"open","sticky":false,"template":"","format":"standard","meta":{"footnotes":""},"categories":[10911,11003,11012,10894,10912,10896],"tags":[11074,11264,17478,10914],"class_list":{"0":"post-160750","1":"post","2":"type-post","3":"status-publish","4":"format-standard","5":"has-post-thumbnail","7":"category-bunol-ca","8":"category-sports","9":"category-futbol-sala-ca","10":"category-la-comarca-ca","11":"category-la-hoya-ca","12":"category-seccion-ca","13":"tag-deportes-ca","14":"tag-esports-ca","15":"tag-futbol-sala-2-ca","16":"tag-la-hoya-de-bunol-chiva-ca"},"_links":{"self":[{"href":"https:\/\/www.tucomarca.com\/wordpress\/segunda\/ca\/wp-json\/wp\/v2\/posts\/160750","targetHints":{"allow":["GET"]}}],"collection":[{"href":"https:\/\/www.tucomarca.com\/wordpress\/segunda\/ca\/wp-json\/wp\/v2\/posts"}],"about":[{"href":"https:\/\/www.tucomarca.com\/wordpress\/segunda\/ca\/wp-json\/wp\/v2\/types\/post"}],"author":[{"embeddable":true,"href":"https:\/\/www.tucomarca.com\/wordpress\/segunda\/ca\/wp-json\/wp\/v2\/users\/1"}],"replies":[{"embeddable":true,"href":"https:\/\/www.tucomarca.com\/wordpress\/segunda\/ca\/wp-json\/wp\/v2\/comments?post=160750"}],"version-history":[{"count":0,"href":"https:\/\/www.tucomarca.com\/wordpress\/segunda\/ca\/wp-json\/wp\/v2\/posts\/160750\/revisions"}],"wp:featuredmedia":[{"embeddable":true,"href":"https:\/\/www.tucomarca.com\/wordpress\/segunda\/ca\/wp-json\/wp\/v2\/media\/105132"}],"wp:attachment":[{"href":"https:\/\/www.tucomarca.com\/wordpress\/segunda\/ca\/wp-json\/wp\/v2\/media?parent=160750"}],"wp:term":[{"taxonomy":"category","embeddable":true,"href":"https:\/\/www.tucomarca.com\/wordpress\/segunda\/ca\/wp-json\/wp\/v2\/categories?post=160750"},{"taxonomy":"post_tag","embeddable":true,"href":"https:\/\/www.tucomarca.com\/wordpress\/segunda\/ca\/wp-json\/wp\/v2\/tags?post=160750"}],"curies":[{"name":"wp","href":"https:\/\/api.w.org\/{rel}","templated":true}]}}