{"id":160781,"date":"2022-07-04T11:45:00","date_gmt":"2022-07-04T09:45:00","guid":{"rendered":"http:\/\/www.tucomarca.com\/wordpress\/segunda\/?p=160781"},"modified":"2022-07-04T19:51:57","modified_gmt":"2022-07-04T17:51:57","slug":"continuen-a-xest-els-concerts-a-laire-lliure-del-cicle-de-serenates-2022","status":"publish","type":"post","link":"https:\/\/www.tucomarca.com\/wordpress\/segunda\/ca\/continuen-a-xest-els-concerts-a-laire-lliure-del-cicle-de-serenates-2022\/","title":{"rendered":"Continuen a Xest els concerts a l&#8217;aire lliure del cicle de Serenates 2022"},"content":{"rendered":"\n<p>El passat cap de setmana la pla\u00e7a Doctor Cajal va albergar dues actuacions del cicle de Serenates 2022, organitzat per la regidoria de Cultura. La primera d&#8217;elles va ser a c\u00e0rrec de l&#8217;Orquestra de Cambra de la Comunitat Valenciana i la segona, la va realitzar la Banda Simf\u00f2nica de l&#8217;Associaci\u00f3 Musical La Lira de Xest.<\/p>\n\n\n\n<p><strong>Els Arts amb el teu<\/strong><\/p>\n\n\n\n<p>El divendres, 1 de juliol, la secci\u00f3 de vent de l&#8217;Orquestra de la Comunitat Valenciana va oferir un concert de cambra, emmarcat en la gira que est\u00e0 realitzant durant els mesos de juny i juliol al llarg de tot el territori valenci\u00e0, amb el t\u00edtol Els Arts amb el teu.<br>Els i les int\u00e8rprets van executar un programa d&#8217;una hora que va incloure la Partita per a octet de vent en el meu bemoll major S 48, de Johann Nepomuk Hummel; Divertissement, Op. 36, de \u00c9mile Bernard; i Musique pour aire plaisir, de Jean Fran\u00e7ais.<\/p>\n\n\n\n<p>Concert simf\u00f2nic<\/p>\n\n\n\n<p>El dissabte, 2 de juliol, la Banda Simf\u00f2nica de l&#8217;Associaci\u00f3 Musical la Lira de Xest va debutar en les Serenates 2022 amb un concert en el qual es va interpretar Romeo i Julieta, suite del Ballet, de Serguei Prok\u00f3fiev, formada pels moviments Introducci\u00f3: Montescos i Capuletos, El carrer despert, Dansa del mat\u00ed, A casa de fra Lorenzo, Eixida dels convidats (gavota) i Montescos i Capuletos.<\/p>\n\n\n\n<p>Despr\u00e9s d&#8217;aquesta obra d&#8217;obertura del concert, l&#8217;agrupaci\u00f3 va interpretar La Gioconda, ballet de l&#8217;\u00f2pera de Amilcare Ponchielli. Per a concloure, es va interpretar Finisterra, a fi do m\u00f3n, de David Rivas.<\/p>\n\n\n\n<p>Despr\u00e9s d&#8217;un breu descans, la Banda Simf\u00f2nica va interpretar de Gayaneh, un ballet de Aram Katchaturiam, amb els moviments Dansa del sabre, Dansa de Aysh\u00e9, Lullaby i L\u00e9zghinka. Per a concloure el concert, es va interpretar Danses Polvtsianas del Pr\u00edncep Igor, obra de Aleksandr Borodin.<\/p>\n","protected":false},"excerpt":{"rendered":"<div class=\"mh-excerpt\">El passat cap de setmana la pla\u00e7a Doctor Cajal va albergar dues actuacions del cicle de Serenates 2022, organitzat per la regidoria de Cultura. La primera d&#8217;elles va ser a c\u00e0rrec de l&#8217;Orquestra de Cambra <a class=\"mh-excerpt-more\" href=\"https:\/\/www.tucomarca.com\/wordpress\/segunda\/ca\/continuen-a-xest-els-concerts-a-laire-lliure-del-cicle-de-serenates-2022\/\" title=\"Continuen a Xest els concerts a l&#8217;aire lliure del cicle de Serenates 2022\">[+] <\/a><\/div>\n","protected":false},"author":13,"featured_media":160776,"comment_status":"open","ping_status":"open","sticky":false,"template":"","format":"standard","meta":{"footnotes":""},"categories":[11005,10894,10912,11007,10896,10974],"tags":[11066,11071,10914],"class_list":{"0":"post-160781","1":"post","2":"type-post","3":"status-publish","4":"format-standard","5":"has-post-thumbnail","7":"category-canal-musica","8":"category-la-comarca-ca","9":"category-la-hoya-ca","10":"category-ocio-y-cultura-ca","11":"category-seccion-ca","12":"category-cheste-ca","13":"tag-musica-ca","14":"tag-cheste","15":"tag-la-hoya-de-bunol-chiva-ca"},"_links":{"self":[{"href":"https:\/\/www.tucomarca.com\/wordpress\/segunda\/ca\/wp-json\/wp\/v2\/posts\/160781","targetHints":{"allow":["GET"]}}],"collection":[{"href":"https:\/\/www.tucomarca.com\/wordpress\/segunda\/ca\/wp-json\/wp\/v2\/posts"}],"about":[{"href":"https:\/\/www.tucomarca.com\/wordpress\/segunda\/ca\/wp-json\/wp\/v2\/types\/post"}],"author":[{"embeddable":true,"href":"https:\/\/www.tucomarca.com\/wordpress\/segunda\/ca\/wp-json\/wp\/v2\/users\/13"}],"replies":[{"embeddable":true,"href":"https:\/\/www.tucomarca.com\/wordpress\/segunda\/ca\/wp-json\/wp\/v2\/comments?post=160781"}],"version-history":[{"count":0,"href":"https:\/\/www.tucomarca.com\/wordpress\/segunda\/ca\/wp-json\/wp\/v2\/posts\/160781\/revisions"}],"wp:featuredmedia":[{"embeddable":true,"href":"https:\/\/www.tucomarca.com\/wordpress\/segunda\/ca\/wp-json\/wp\/v2\/media\/160776"}],"wp:attachment":[{"href":"https:\/\/www.tucomarca.com\/wordpress\/segunda\/ca\/wp-json\/wp\/v2\/media?parent=160781"}],"wp:term":[{"taxonomy":"category","embeddable":true,"href":"https:\/\/www.tucomarca.com\/wordpress\/segunda\/ca\/wp-json\/wp\/v2\/categories?post=160781"},{"taxonomy":"post_tag","embeddable":true,"href":"https:\/\/www.tucomarca.com\/wordpress\/segunda\/ca\/wp-json\/wp\/v2\/tags?post=160781"}],"curies":[{"name":"wp","href":"https:\/\/api.w.org\/{rel}","templated":true}]}}