{"id":160826,"date":"2022-07-04T11:25:00","date_gmt":"2022-07-04T09:25:00","guid":{"rendered":"http:\/\/www.tucomarca.com\/wordpress\/segunda\/?p=160826"},"modified":"2022-07-05T12:44:33","modified_gmt":"2022-07-05T10:44:33","slug":"arranquen-les-festes-de-juliol-2022-a-xest","status":"publish","type":"post","link":"https:\/\/www.tucomarca.com\/wordpress\/segunda\/ca\/arranquen-les-festes-de-juliol-2022-a-xest\/","title":{"rendered":"Arranquen les festes de juliol 2022 a Xest"},"content":{"rendered":"\n<p>Xest dona la benvinguda a les Festes de Juliol amb un complet programa que es desenvolupar\u00e0 durant tot el mes. Per tercer any consecutiu, les festes inclouen la celebraci\u00f3 del Festival d&#8217;art en llocs singulars Xest Inusual, que ahir, 3 de juliol, va donar el tret d&#8217;eixida de la programaci\u00f3 amb un espectacle de dansa.<\/p>\n\n\n\n<p>\u201cEl nostre objectiu \u00e9s donar un toc m\u00e9s cultural a les festes de juliol i per aix\u00f2, fa ja tres edicions, es va crear el Festival Xest Inusual; per\u00f2 tamb\u00e9 es mantenen els esdeveniments de sempre, els sopars en la pla\u00e7a amb espectacles i altres activitats, dedicades a tots els p\u00fablics\u201d, explica el regidor de Festes, Ra\u00fal Mota.<\/p>\n\n\n\n<p>Aix\u00ed, divendres que ve, la pla\u00e7a Doctor Cajal ser\u00e0 l&#8217;escenari de la primera trobada festiva amb una sessi\u00f3 de \u201cCinema a la fresca\u201d, finan\u00e7ada per la regidoria de Cultura. La setmana que ve continuaran les activitats amb una festa de disfresses infantils, que tindr\u00e0 lloc de 19.00 a 20.30 en la pla\u00e7a Doctor Cajal, i amb una altra projecci\u00f3 de cinema patrocinada per la regidoria de Cultura, totes dues preparades per al divendres 15 de juliol. El dissabte, 16 de juliol, es realitzar\u00e0 una plantaci\u00f3 en el marc de la iniciativa \u201cL&#8217;arbre de la inf\u00e0ncia\u201d, a les 12.00 en el poliesportiu municipal.&nbsp;<\/p>\n\n\n\n<p>Els dies 22 i 23 de juliol a partir de les 21.30 se celebraran els tradicionals \u201cSopars a la fresca\u201d en la pla\u00e7a II Rep\u00fablica, amb les actuacions de Sara Escudero i del tribut a Rafaella Carr\u00e1. Les reserves de taules i cadires per als sopars hauran de realitzar-se a l&#8217;ajuntament abans del 18 de juliol, abonant 2 euros per persona. Durant els sopars, la sagnia del dia 22 ser\u00e0 a c\u00e0rrec de la Falla Barri de l&#8217;Alegria i la del dia 23 ser\u00e0 oferida per la Falla Ind\u00fastria i Comer\u00e7. A m\u00e9s, el mateix dissabte 23 de juliol, a les 00.00 hi haur\u00e0 discom\u00f3vil amb animaci\u00f3 i regals en l&#8217;avinguda Castella.<\/p>\n\n\n\n<p>Les festes finalitzaran amb actes taurins, del 26 al 31 de juliol, organitzats per la Penya Taurina de Xest, i amb la Festa dels esmorzars, programada per al dissabte 30 de juliol a partir de les 12.00 en l&#8217;aparcament del poliesportiu municipal.<\/p>\n\n\n\n<p>Xest Inusual<\/p>\n\n\n\n<p>Paral\u00b7lelament a aquests esdeveniments, tindran lloc les actuacions del Festival Xest Inusual. Aix\u00ed, els dies 9 i 10 de juliol es representaran peces de teatre breu en cases tradicionals chestanas: a la Casa Conchita, situada al carrer Xiva, i a la cases Cervera i Valterra, en la pla\u00e7a de l&#8217;Esgl\u00e9sia. Concretament s&#8217;emportaran a escena els muntatges Empoderades, de la companyia Les Rares; La m\u00farria de Sevilla, a c\u00e0rrec de Reyes Ru\u00edz; i El carrer era nostre, de les Emergides. Totes les representacions tindran dues passes, a les 19.30 i a les 20.30. Les entrades ja estan disponibles en la web www.agendacheste,com, amb un preu de 2 euros per espectacle i tamb\u00e9 podran adquirir-se en la papereria Papir.<\/p>\n\n\n\n<p>El festival tamb\u00e9 comptar\u00e0 amb la participaci\u00f3 de l&#8217;alumnat del taller de teatre municipal, que interpretar\u00e0 Com la vida mateixa, una pe\u00e7a de teatre breu que tindr\u00e0 lloc el 15 de juliol a la Casa Valterra. Aqueix mateix dia, i com a novetat enguany, es far\u00e0 una representaci\u00f3 de \u201cteatre per a un\u201d, a c\u00e0rrec de la companyia Bego\u00f1a R\u00edo, amb una actuaci\u00f3 de titelles titulada Caf\u00e9 cantant, que tindr\u00e0 lloc el 15 de juliol a les 20.00 en la pla\u00e7a de l&#8217;esgl\u00e9sia.<\/p>\n\n\n\n<p>Per a tancar el cap de setmana, el 17 de juliol, diumenge, la pla\u00e7a de l&#8217;ermita acollir\u00e0 la proposta esc\u00e8nica Kobr3, de la companyia Zirkozaurre: un espectacle de malabars que donar\u00e0 principi a les 20.00. El festival finalitzar\u00e0 el 24 de juliol, amb l&#8217;actuaci\u00f3 del col\u00b7lectiu Frenetic, que oferir\u00e0 el seu espectacle circense Save the temazos, a les 20.00 en el CEIP Francisco Giner dels Rius.<\/p>\n\n\n\n<figure class=\"wp-block-gallery columns-3 is-cropped wp-block-gallery-1 is-layout-flex wp-block-gallery-is-layout-flex\"><ul class=\"blocks-gallery-grid\"><li class=\"blocks-gallery-item\"><figure><img loading=\"lazy\" decoding=\"async\" width=\"992\" height=\"1024\" src=\"http:\/\/www.tucomarca.com\/wordpress\/segunda\/wp-content\/uploads\/2022\/07\/CAFE-CANTANTE-992x1024.jpg\" alt=\"\" data-id=\"160808\" data-full-url=\"https:\/\/www.tucomarca.com\/wordpress\/segunda\/wp-content\/uploads\/2022\/07\/CAFE-CANTANTE.jpg\" data-link=\"https:\/\/www.tucomarca.com\/wordpress\/segunda\/?attachment_id=160808\" class=\"wp-image-160808\" srcset=\"https:\/\/www.tucomarca.com\/wordpress\/segunda\/wp-content\/uploads\/2022\/07\/CAFE-CANTANTE-992x1024.jpg 992w, https:\/\/www.tucomarca.com\/wordpress\/segunda\/wp-content\/uploads\/2022\/07\/CAFE-CANTANTE-290x300.jpg 290w, https:\/\/www.tucomarca.com\/wordpress\/segunda\/wp-content\/uploads\/2022\/07\/CAFE-CANTANTE-768x793.jpg 768w, https:\/\/www.tucomarca.com\/wordpress\/segunda\/wp-content\/uploads\/2022\/07\/CAFE-CANTANTE-1487x1536.jpg 1487w, https:\/\/www.tucomarca.com\/wordpress\/segunda\/wp-content\/uploads\/2022\/07\/CAFE-CANTANTE-1983x2048.jpg 1983w\" sizes=\"auto, (max-width: 992px) 100vw, 992px\" \/><\/figure><\/li><li class=\"blocks-gallery-item\"><figure><img loading=\"lazy\" decoding=\"async\" width=\"986\" height=\"1024\" src=\"http:\/\/www.tucomarca.com\/wordpress\/segunda\/wp-content\/uploads\/2022\/07\/COMO-LA-VIDA-MISMA-986x1024.jpg\" alt=\"\" data-id=\"160813\" data-full-url=\"https:\/\/www.tucomarca.com\/wordpress\/segunda\/wp-content\/uploads\/2022\/07\/COMO-LA-VIDA-MISMA.jpg\" data-link=\"https:\/\/www.tucomarca.com\/wordpress\/segunda\/?attachment_id=160813\" class=\"wp-image-160813\" srcset=\"https:\/\/www.tucomarca.com\/wordpress\/segunda\/wp-content\/uploads\/2022\/07\/COMO-LA-VIDA-MISMA-986x1024.jpg 986w, https:\/\/www.tucomarca.com\/wordpress\/segunda\/wp-content\/uploads\/2022\/07\/COMO-LA-VIDA-MISMA-289x300.jpg 289w, https:\/\/www.tucomarca.com\/wordpress\/segunda\/wp-content\/uploads\/2022\/07\/COMO-LA-VIDA-MISMA-768x798.jpg 768w, https:\/\/www.tucomarca.com\/wordpress\/segunda\/wp-content\/uploads\/2022\/07\/COMO-LA-VIDA-MISMA-1479x1536.jpg 1479w, https:\/\/www.tucomarca.com\/wordpress\/segunda\/wp-content\/uploads\/2022\/07\/COMO-LA-VIDA-MISMA-1972x2048.jpg 1972w\" sizes=\"auto, (max-width: 986px) 100vw, 986px\" \/><\/figure><\/li><li class=\"blocks-gallery-item\"><figure><img loading=\"lazy\" decoding=\"async\" width=\"994\" height=\"1024\" src=\"http:\/\/www.tucomarca.com\/wordpress\/segunda\/wp-content\/uploads\/2022\/07\/EMPODERARAS-994x1024.jpg\" alt=\"\" data-id=\"160815\" data-full-url=\"https:\/\/www.tucomarca.com\/wordpress\/segunda\/wp-content\/uploads\/2022\/07\/EMPODERARAS.jpg\" data-link=\"https:\/\/www.tucomarca.com\/wordpress\/segunda\/?attachment_id=160815\" class=\"wp-image-160815\" srcset=\"https:\/\/www.tucomarca.com\/wordpress\/segunda\/wp-content\/uploads\/2022\/07\/EMPODERARAS-994x1024.jpg 994w, https:\/\/www.tucomarca.com\/wordpress\/segunda\/wp-content\/uploads\/2022\/07\/EMPODERARAS-291x300.jpg 291w, https:\/\/www.tucomarca.com\/wordpress\/segunda\/wp-content\/uploads\/2022\/07\/EMPODERARAS-768x791.jpg 768w, https:\/\/www.tucomarca.com\/wordpress\/segunda\/wp-content\/uploads\/2022\/07\/EMPODERARAS-1490x1536.jpg 1490w, https:\/\/www.tucomarca.com\/wordpress\/segunda\/wp-content\/uploads\/2022\/07\/EMPODERARAS-1987x2048.jpg 1987w\" sizes=\"auto, (max-width: 994px) 100vw, 994px\" \/><\/figure><\/li><li class=\"blocks-gallery-item\"><figure><img loading=\"lazy\" decoding=\"async\" width=\"990\" height=\"1024\" src=\"http:\/\/www.tucomarca.com\/wordpress\/segunda\/wp-content\/uploads\/2022\/07\/KOBR3-990x1024.jpg\" alt=\"\" data-id=\"160817\" data-full-url=\"https:\/\/www.tucomarca.com\/wordpress\/segunda\/wp-content\/uploads\/2022\/07\/KOBR3.jpg\" data-link=\"https:\/\/www.tucomarca.com\/wordpress\/segunda\/?attachment_id=160817\" class=\"wp-image-160817\" srcset=\"https:\/\/www.tucomarca.com\/wordpress\/segunda\/wp-content\/uploads\/2022\/07\/KOBR3-990x1024.jpg 990w, https:\/\/www.tucomarca.com\/wordpress\/segunda\/wp-content\/uploads\/2022\/07\/KOBR3-290x300.jpg 290w, https:\/\/www.tucomarca.com\/wordpress\/segunda\/wp-content\/uploads\/2022\/07\/KOBR3-768x794.jpg 768w, https:\/\/www.tucomarca.com\/wordpress\/segunda\/wp-content\/uploads\/2022\/07\/KOBR3-1485x1536.jpg 1485w, https:\/\/www.tucomarca.com\/wordpress\/segunda\/wp-content\/uploads\/2022\/07\/KOBR3-1980x2048.jpg 1980w\" sizes=\"auto, (max-width: 990px) 100vw, 990px\" \/><\/figure><\/li><li class=\"blocks-gallery-item\"><figure><img loading=\"lazy\" decoding=\"async\" width=\"995\" height=\"1024\" src=\"http:\/\/www.tucomarca.com\/wordpress\/segunda\/wp-content\/uploads\/2022\/07\/LA-CALLE-ERA-NUESTRA-995x1024.jpg\" alt=\"\" data-id=\"160819\" data-full-url=\"https:\/\/www.tucomarca.com\/wordpress\/segunda\/wp-content\/uploads\/2022\/07\/LA-CALLE-ERA-NUESTRA.jpg\" data-link=\"https:\/\/www.tucomarca.com\/wordpress\/segunda\/?attachment_id=160819\" class=\"wp-image-160819\" srcset=\"https:\/\/www.tucomarca.com\/wordpress\/segunda\/wp-content\/uploads\/2022\/07\/LA-CALLE-ERA-NUESTRA-995x1024.jpg 995w, https:\/\/www.tucomarca.com\/wordpress\/segunda\/wp-content\/uploads\/2022\/07\/LA-CALLE-ERA-NUESTRA-292x300.jpg 292w, https:\/\/www.tucomarca.com\/wordpress\/segunda\/wp-content\/uploads\/2022\/07\/LA-CALLE-ERA-NUESTRA-768x790.jpg 768w, https:\/\/www.tucomarca.com\/wordpress\/segunda\/wp-content\/uploads\/2022\/07\/LA-CALLE-ERA-NUESTRA-1493x1536.jpg 1493w, https:\/\/www.tucomarca.com\/wordpress\/segunda\/wp-content\/uploads\/2022\/07\/LA-CALLE-ERA-NUESTRA-1990x2048.jpg 1990w\" sizes=\"auto, (max-width: 995px) 100vw, 995px\" \/><\/figure><\/li><li class=\"blocks-gallery-item\"><figure><img loading=\"lazy\" decoding=\"async\" width=\"992\" height=\"1024\" src=\"http:\/\/www.tucomarca.com\/wordpress\/segunda\/wp-content\/uploads\/2022\/07\/LA-PICARA-DE-SEVILLA-992x1024.jpg\" alt=\"\" data-id=\"160821\" data-full-url=\"https:\/\/www.tucomarca.com\/wordpress\/segunda\/wp-content\/uploads\/2022\/07\/LA-PICARA-DE-SEVILLA.jpg\" data-link=\"https:\/\/www.tucomarca.com\/wordpress\/segunda\/?attachment_id=160821\" class=\"wp-image-160821\" srcset=\"https:\/\/www.tucomarca.com\/wordpress\/segunda\/wp-content\/uploads\/2022\/07\/LA-PICARA-DE-SEVILLA-992x1024.jpg 992w, https:\/\/www.tucomarca.com\/wordpress\/segunda\/wp-content\/uploads\/2022\/07\/LA-PICARA-DE-SEVILLA-290x300.jpg 290w, https:\/\/www.tucomarca.com\/wordpress\/segunda\/wp-content\/uploads\/2022\/07\/LA-PICARA-DE-SEVILLA-768x793.jpg 768w, https:\/\/www.tucomarca.com\/wordpress\/segunda\/wp-content\/uploads\/2022\/07\/LA-PICARA-DE-SEVILLA-1487x1536.jpg 1487w, https:\/\/www.tucomarca.com\/wordpress\/segunda\/wp-content\/uploads\/2022\/07\/LA-PICARA-DE-SEVILLA-1983x2048.jpg 1983w\" sizes=\"auto, (max-width: 992px) 100vw, 992px\" \/><\/figure><\/li><\/ul><\/figure>\n","protected":false},"excerpt":{"rendered":"<div class=\"mh-excerpt\">Xest dona la benvinguda a les Festes de Juliol amb un complet programa que es desenvolupar\u00e0 durant tot el mes. Per tercer any consecutiu, les festes inclouen la celebraci\u00f3 del Festival d&#8217;art en llocs singulars <a class=\"mh-excerpt-more\" href=\"https:\/\/www.tucomarca.com\/wordpress\/segunda\/ca\/arranquen-les-festes-de-juliol-2022-a-xest\/\" title=\"Arranquen les festes de juliol 2022 a Xest\">[+] <\/a><\/div>\n","protected":false},"author":13,"featured_media":160807,"comment_status":"open","ping_status":"open","sticky":false,"template":"","format":"standard","meta":{"footnotes":""},"categories":[11019,10912,11007,10896,10974],"tags":[11071,12194,15022,10914],"class_list":{"0":"post-160826","1":"post","2":"type-post","3":"status-publish","4":"format-standard","5":"has-post-thumbnail","7":"category-agenda-ca","8":"category-la-hoya-ca","9":"category-ocio-y-cultura-ca","10":"category-seccion-ca","11":"category-cheste-ca","12":"tag-cheste","13":"tag-cultura-ca","14":"tag-fiestas-de-julio-ca","15":"tag-la-hoya-de-bunol-chiva-ca"},"_links":{"self":[{"href":"https:\/\/www.tucomarca.com\/wordpress\/segunda\/ca\/wp-json\/wp\/v2\/posts\/160826","targetHints":{"allow":["GET"]}}],"collection":[{"href":"https:\/\/www.tucomarca.com\/wordpress\/segunda\/ca\/wp-json\/wp\/v2\/posts"}],"about":[{"href":"https:\/\/www.tucomarca.com\/wordpress\/segunda\/ca\/wp-json\/wp\/v2\/types\/post"}],"author":[{"embeddable":true,"href":"https:\/\/www.tucomarca.com\/wordpress\/segunda\/ca\/wp-json\/wp\/v2\/users\/13"}],"replies":[{"embeddable":true,"href":"https:\/\/www.tucomarca.com\/wordpress\/segunda\/ca\/wp-json\/wp\/v2\/comments?post=160826"}],"version-history":[{"count":0,"href":"https:\/\/www.tucomarca.com\/wordpress\/segunda\/ca\/wp-json\/wp\/v2\/posts\/160826\/revisions"}],"wp:featuredmedia":[{"embeddable":true,"href":"https:\/\/www.tucomarca.com\/wordpress\/segunda\/ca\/wp-json\/wp\/v2\/media\/160807"}],"wp:attachment":[{"href":"https:\/\/www.tucomarca.com\/wordpress\/segunda\/ca\/wp-json\/wp\/v2\/media?parent=160826"}],"wp:term":[{"taxonomy":"category","embeddable":true,"href":"https:\/\/www.tucomarca.com\/wordpress\/segunda\/ca\/wp-json\/wp\/v2\/categories?post=160826"},{"taxonomy":"post_tag","embeddable":true,"href":"https:\/\/www.tucomarca.com\/wordpress\/segunda\/ca\/wp-json\/wp\/v2\/tags?post=160826"}],"curies":[{"name":"wp","href":"https:\/\/api.w.org\/{rel}","templated":true}]}}