{"id":160926,"date":"2022-07-05T10:00:00","date_gmt":"2022-07-05T08:00:00","guid":{"rendered":"http:\/\/www.tucomarca.com\/wordpress\/segunda\/?p=160926"},"modified":"2022-07-05T14:54:07","modified_gmt":"2022-07-05T12:54:07","slug":"lobservatori-en-ruta-de-la-diputacio-arriba-a-32-municipis-valencians","status":"publish","type":"post","link":"https:\/\/www.tucomarca.com\/wordpress\/segunda\/ca\/lobservatori-en-ruta-de-la-diputacio-arriba-a-32-municipis-valencians\/","title":{"rendered":"L\u2019Observatori En Ruta de la Diputaci\u00f3 arriba a 32 municipis valencians"},"content":{"rendered":"\n<p><strong><strong>Des del passat 26 de gener ha visitat 32 municipis i segons explica la vicepresidenta de la Diputaci\u00f3, Maria Josep Amig\u00f3, l\u2019Observatori En Ruta \u201ccontinuar\u00e0 fent activitats per aquelles escoles d\u2019estiu, campaments urbans, associacions o ajuntaments que ho sol\u00b7liciten\u201d<\/strong><\/strong><\/p>\n\n\n\n<p>L\u2019Observatori En Ruta \u00e9s un servei d\u2019educaci\u00f3 ambiental impulsat per l\u2019\u00e0rea de Medi Ambient de la Diputaci\u00f3 de Val\u00e8ncia i la Fundaci\u00f3 Val\u00e8ncia Clima i Energia de l\u2019Ajuntament de Val\u00e8ncia, i des de la seua posada en marxa el passat 26 de gener i fins al mes de maig, ha fet 156 activitats a 32 municipis.<\/p>\n\n\n\n<p>\u201cL\u2019Observatori En Ruta es va presentar al CEIP El Camp\u00e9s de la Pobla de Vallbona i des d\u2019aleshores est\u00e0 realitzant activitats sobre canvi clim\u00e0tic, estalvi energ\u00e8tic, reducci\u00f3 de residus i reutilitzaci\u00f3, i consum responsable. De moment hem arribat a 10 comarques, atenent un total de 3281 persones en formats molt diversos: al carrer, en escoles i instituts, en fires o en centres c\u00edvics\u201d, ha destacat la vicepresidenta de la Diputaci\u00f3 i responsable de l\u2019\u00e0rea de Medi Ambient, Maria Josep Amig\u00f3. Estes activitats s\u2019actualitzen constantment i s\u2019adapten a les realitats socioambientals i educatives de cada sol\u00b7licitud.<\/p>\n\n\n\n<p>Per la seua part, el regidor d\u2019Emerg\u00e8ncia Clim\u00e0tica i Transici\u00f3 Energ\u00e8tica de l\u2019Ajuntament de Val\u00e8ncia, Alejandro Ram\u00f3n, ha mostrat la seua satisfacci\u00f3 pel fet que \u201cun equipament d\u2019educaci\u00f3 ambiental punter a tot l\u2019Estat, com l\u2019Observatori del Canvi Clim\u00e0tic, puga arribar ara a tota la prov\u00edncia de Val\u00e8ncia, gr\u00e0cies a la col\u00b7laboraci\u00f3 amb la Diputaci\u00f3 de Val\u00e8ncia\u201d. L\u2019Observatori del Canvi Clim\u00e0tic es pos\u00e0 en marxa en 2012, pel que \u201cdespr\u00e9s de deu anys de funcionament, \u00e9s el moment de transmetre i compartir tot l\u2019aprenentatge acumulat sobre com comunicar l\u2019emerg\u00e8ncia clim\u00e0tica\u201d. Aix\u00ed mateix, ha subratllat que \u201cl\u2019educaci\u00f3 ambiental \u00e9s un pilar fonamental per a la transici\u00f3 ecol\u00f2gica, cosa que a Val\u00e8ncia tenim molt present amb les Mission i el repte de ser una ciutat clim\u00e0ticament neutra al 2030, un objectiu que nom\u00e9s es podr\u00e0 aconseguir amb una ciutadania conscienciada i informada\u201d.&nbsp;<\/p>\n\n\n\n<p>A banda de visitar centres educatius, l\u2019Observatori ha participat en fires, trobades i mercats mitjan\u00e7ant la instal\u00b7laci\u00f3 d\u2019un estand acompanyat d\u2019elements expositius per tal d\u2019informar sobre conceptes b\u00e0sics del canvi clim\u00e0tic i sensibilitzar sobre la import\u00e0ncia de les accions tant col\u00b7lectives com individuals per a la seua mitigaci\u00f3.<\/p>\n\n\n\n<p>De fet, durant els darrers mesos ha estat a la Mostra Tasta la Font 3.0 de la Font de la Figuera, la VIII Fira del Comer\u00e7 i Gastron\u00f2mica de Benig\u00e0nim, la I Biofira de Tavernes de la Valldigna, la VI Marxa d\u2019Escoles per l\u2019Horta a Meliana o la Fira Din\u00e0mica d\u2019Albalat dels Sorells, entre d\u2019altres.<\/p>\n\n\n\n<p><strong>Educaci\u00f3 ambiental tamb\u00e9 a l\u2019estiu<\/strong><\/p>\n\n\n\n<p>El servei itinerant ofereix una \u00e0mplia oferta educativa. Alguns d\u2019aquests tallers s\u00f3n \u201cLa ruleta dels aliments\u201d, \u201cLes teues decisions compten\u201d o \u201cEls vampirs de l\u2019energia\u201d, aix\u00ed com les exposicions \u201cAdaptaci\u00f3, l\u2019altra lluita contra el canvi clim\u00e0tic\u201d i \u201cEmerg\u00e8ncia clim\u00e0tica: fets i dades\u201d, que es cedeixen temporalment.<\/p>\n\n\n\n<p>A m\u00e9s, s\u2019ha tematitzat el cotxe que s\u2019utilitza per als despla\u00e7aments, capa\u00e7 d\u2019arribar en mode el\u00e8ctric a gran part de les comarques; s\u2019ha dissenyat una maleta pedag\u00f2gica que inclou materials i recursos did\u00e0ctics com experiments per con\u00e9ixer la din\u00e0mica del canvi clim\u00e0tic i les accions d\u2019adaptaci\u00f3 i de mitigaci\u00f3; com tamb\u00e9 un formulari de compromisos que servir\u00e0 per a generar una escultura col\u00b7laborativa de compromisos front al canvi clim\u00e0tic.<\/p>\n\n\n\n<p>Com explica Maria Josep Amig\u00f3, \u201cl\u2019educaci\u00f3 ambiental ens ajuda a replantejar-nos la manera en qu\u00e8 vivim en l\u2019actualitat. Ha de ser constant i adre\u00e7ar-se a totes les edats, especialment als adults: una associaci\u00f3 ve\u00efnal, un club esportiu, una comissi\u00f3 fallera, jubilats i pensionistes\u2026 Per aix\u00f2, en una crisi clim\u00e0tica i en un planeta amb recursos finits, la necessitem m\u00e9s que mai\u201d.<\/p>\n\n\n\n<p>Amb l\u2019arribada de la calor, l\u2019Observatori s\u2019adapta a escoles d\u2019estiu, campaments urbans, fires o trobades, ja que la lluita contra el canvi clim\u00e0tic no ent\u00e9n de vacances. Per tant, aquells ajuntaments, entitats o associacions que desitgen incorporar aquests recursos educatius gratu\u00efts a la seua programaci\u00f3 estiuenca, poden sol\u00b7licitar la visita de l\u2019Observatori a trav\u00e9s de l\u2019adre\u00e7a electr\u00f2nica <a href=\"mailto:oer@climaienergia.com\">oer@climaienergia.com<\/a> o als tel\u00e8fons 677 629 888 \/ 678 955 419.<\/p>\n","protected":false},"excerpt":{"rendered":"<div class=\"mh-excerpt\">Des del passat 26 de gener ha visitat 32 municipis i segons explica la vicepresidenta de la Diputaci\u00f3, Maria Josep Amig\u00f3, l\u2019Observatori En Ruta \u201ccontinuar\u00e0 fent activitats per aquelles escoles d\u2019estiu, campaments urbans, associacions o <a class=\"mh-excerpt-more\" href=\"https:\/\/www.tucomarca.com\/wordpress\/segunda\/ca\/lobservatori-en-ruta-de-la-diputacio-arriba-a-32-municipis-valencians\/\" title=\"L\u2019Observatori En Ruta de la Diputaci\u00f3 arriba a 32 municipis valencians\">[+] <\/a><\/div>\n","protected":false},"author":13,"featured_media":160924,"comment_status":"open","ping_status":"open","sticky":false,"template":"","format":"standard","meta":{"footnotes":""},"categories":[10892,10948,10894,10904,10915,10903,10947,10896],"tags":[11246,12863,12166],"class_list":{"0":"post-160926","1":"post","2":"type-post","3":"status-publish","4":"format-standard","5":"has-post-thumbnail","7":"category-camp-de-turia-ca","8":"category-infraestructuras-ca","9":"category-la-comarca-ca","10":"category-sin-categorizar-ca","11":"category-la-pobla-ca","12":"category-medio-ambiente-la-comarca-ca","13":"category-politica","14":"category-seccion-ca","15":"tag-diputacio-de-valencia-ca","16":"tag-educacion-ambiental-ca","17":"tag-medio-ambiente-ca"},"_links":{"self":[{"href":"https:\/\/www.tucomarca.com\/wordpress\/segunda\/ca\/wp-json\/wp\/v2\/posts\/160926","targetHints":{"allow":["GET"]}}],"collection":[{"href":"https:\/\/www.tucomarca.com\/wordpress\/segunda\/ca\/wp-json\/wp\/v2\/posts"}],"about":[{"href":"https:\/\/www.tucomarca.com\/wordpress\/segunda\/ca\/wp-json\/wp\/v2\/types\/post"}],"author":[{"embeddable":true,"href":"https:\/\/www.tucomarca.com\/wordpress\/segunda\/ca\/wp-json\/wp\/v2\/users\/13"}],"replies":[{"embeddable":true,"href":"https:\/\/www.tucomarca.com\/wordpress\/segunda\/ca\/wp-json\/wp\/v2\/comments?post=160926"}],"version-history":[{"count":0,"href":"https:\/\/www.tucomarca.com\/wordpress\/segunda\/ca\/wp-json\/wp\/v2\/posts\/160926\/revisions"}],"wp:featuredmedia":[{"embeddable":true,"href":"https:\/\/www.tucomarca.com\/wordpress\/segunda\/ca\/wp-json\/wp\/v2\/media\/160924"}],"wp:attachment":[{"href":"https:\/\/www.tucomarca.com\/wordpress\/segunda\/ca\/wp-json\/wp\/v2\/media?parent=160926"}],"wp:term":[{"taxonomy":"category","embeddable":true,"href":"https:\/\/www.tucomarca.com\/wordpress\/segunda\/ca\/wp-json\/wp\/v2\/categories?post=160926"},{"taxonomy":"post_tag","embeddable":true,"href":"https:\/\/www.tucomarca.com\/wordpress\/segunda\/ca\/wp-json\/wp\/v2\/tags?post=160926"}],"curies":[{"name":"wp","href":"https:\/\/api.w.org\/{rel}","templated":true}]}}