{"id":160932,"date":"2022-07-05T09:15:00","date_gmt":"2022-07-05T07:15:00","guid":{"rendered":"http:\/\/www.tucomarca.com\/wordpress\/segunda\/?p=160932"},"modified":"2022-07-06T13:48:48","modified_gmt":"2022-07-06T11:48:48","slug":"arranca-el-campus-multiesport-en-les-installacions-de-la-universitat-laboral","status":"publish","type":"post","link":"https:\/\/www.tucomarca.com\/wordpress\/segunda\/ca\/arranca-el-campus-multiesport-en-les-installacions-de-la-universitat-laboral\/","title":{"rendered":"Arranca el Campus multiesport en les instal\u00b7lacions de la Universitat Laboral"},"content":{"rendered":"\n<p>Dilluns passat va comen\u00e7ar el Campus multiesport, organitzat per la regidoria d&#8217;Esports, per primera vegada, en el Complex Educatiu de Xest. Aquest esdeveniment presenta una \u00e0mplia oferta esportiva en instal\u00b7lacions professionals per als xiquets i les xiquetes participants, que estaran allotjats en el complex durant tres dies.&nbsp;<\/p>\n\n\n\n<p>El regidor d&#8217;Esports, Francisco Llorens i l&#8217;alcalde, Jos\u00e9 Morell, van ser els encarregats de donar el tret d&#8217;eixida al campus amb un acte de rebuda per als 50 participants i les seues fam\u00edlies, que es va celebrar ahir, dilluns 4 de juliol, en la Sala d&#8217;actes del recinte.<\/p>\n\n\n\n<p>L&#8217;alcalde va posar en valor l&#8217;oportunitat que ha brindat Lucas Ferrando, gerent del centre, \u201cper a organitzar un campament en unes de les millors instal\u00b7lacions d&#8217;Espanya, quant a esport es refereix\u201d, segons explicava Morell.&nbsp;<\/p>\n\n\n\n<p>Per part seua, Llorens es va unir als agra\u00efments cap al gerent i va dedicar unes paraules de gratitud a la coordinadora del centre organitzador, Marian Sanchis, i a Francisco Fortea, la seua implicaci\u00f3 en el projecte. L&#8217;edil tamb\u00e9 va posar l&#8217;accent en la necessitat de continuar treballant conjuntament amb el Complex Educatiu desenvolupant projectes. \u201c\u00c9s una pena que hi haja gent de Xest que no haja visitat la Laboral\u201d, manifestava.<\/p>\n\n\n\n<p>En concloure l&#8217;acte inaugural, pares, mares, xiquets i xiquetes van pujar a les resid\u00e8ncies per a visitar el lloc on passaran les nits durant el desenvolupament del campus. Una vegada all\u00ed, es va repartir el material necessari, es van posar roba d&#8217;entrenament i van comen\u00e7ar les primeres activitats.<\/p>\n\n\n\n<p>Fins al dijous, 6 de juliol, els i les participants gaudiran d&#8217;unes instal\u00b7lacions \u00faniques a la Comunitat Valenciana i practicaran beisbol, b\u00e0squet, nataci\u00f3, voleibol, rugbi o atletisme, entre altres esports, de la m\u00e0 d&#8217;entrenadors i entrenadores professionals.<\/p>\n","protected":false},"excerpt":{"rendered":"<div class=\"mh-excerpt\">Dilluns passat va comen\u00e7ar el Campus multiesport, organitzat per la regidoria d&#8217;Esports, per primera vegada, en el Complex Educatiu de Xest. Aquest esdeveniment presenta una \u00e0mplia oferta esportiva en instal\u00b7lacions professionals per als xiquets i <a class=\"mh-excerpt-more\" href=\"https:\/\/www.tucomarca.com\/wordpress\/segunda\/ca\/arranca-el-campus-multiesport-en-les-installacions-de-la-universitat-laboral\/\" title=\"Arranca el Campus multiesport en les instal\u00b7lacions de la Universitat Laboral\">[+] <\/a><\/div>\n","protected":false},"author":13,"featured_media":160930,"comment_status":"open","ping_status":"open","sticky":false,"template":"","format":"standard","meta":{"footnotes":""},"categories":[11003,10894,10904,10912,11009,10896,10974],"tags":[11071,11074,10914],"class_list":{"0":"post-160932","1":"post","2":"type-post","3":"status-publish","4":"format-standard","5":"has-post-thumbnail","7":"category-sports","8":"category-la-comarca-ca","9":"category-sin-categorizar-ca","10":"category-la-hoya-ca","11":"category-polideportivo-ca","12":"category-seccion-ca","13":"category-cheste-ca","14":"tag-cheste","15":"tag-deportes-ca","16":"tag-la-hoya-de-bunol-chiva-ca"},"_links":{"self":[{"href":"https:\/\/www.tucomarca.com\/wordpress\/segunda\/ca\/wp-json\/wp\/v2\/posts\/160932","targetHints":{"allow":["GET"]}}],"collection":[{"href":"https:\/\/www.tucomarca.com\/wordpress\/segunda\/ca\/wp-json\/wp\/v2\/posts"}],"about":[{"href":"https:\/\/www.tucomarca.com\/wordpress\/segunda\/ca\/wp-json\/wp\/v2\/types\/post"}],"author":[{"embeddable":true,"href":"https:\/\/www.tucomarca.com\/wordpress\/segunda\/ca\/wp-json\/wp\/v2\/users\/13"}],"replies":[{"embeddable":true,"href":"https:\/\/www.tucomarca.com\/wordpress\/segunda\/ca\/wp-json\/wp\/v2\/comments?post=160932"}],"version-history":[{"count":0,"href":"https:\/\/www.tucomarca.com\/wordpress\/segunda\/ca\/wp-json\/wp\/v2\/posts\/160932\/revisions"}],"wp:featuredmedia":[{"embeddable":true,"href":"https:\/\/www.tucomarca.com\/wordpress\/segunda\/ca\/wp-json\/wp\/v2\/media\/160930"}],"wp:attachment":[{"href":"https:\/\/www.tucomarca.com\/wordpress\/segunda\/ca\/wp-json\/wp\/v2\/media?parent=160932"}],"wp:term":[{"taxonomy":"category","embeddable":true,"href":"https:\/\/www.tucomarca.com\/wordpress\/segunda\/ca\/wp-json\/wp\/v2\/categories?post=160932"},{"taxonomy":"post_tag","embeddable":true,"href":"https:\/\/www.tucomarca.com\/wordpress\/segunda\/ca\/wp-json\/wp\/v2\/tags?post=160932"}],"curies":[{"name":"wp","href":"https:\/\/api.w.org\/{rel}","templated":true}]}}