{"id":161246,"date":"2022-07-08T10:00:00","date_gmt":"2022-07-08T08:00:00","guid":{"rendered":"http:\/\/www.tucomarca.com\/wordpress\/segunda\/?p=161246"},"modified":"2022-07-08T10:06:54","modified_gmt":"2022-07-08T08:06:54","slug":"cajamar-habilita-una-linia-de-financament-de-30-milions-per-als-afectats-per-les-calamarsades-a-requena-i-utiel","status":"publish","type":"post","link":"https:\/\/www.tucomarca.com\/wordpress\/segunda\/ca\/cajamar-habilita-una-linia-de-financament-de-30-milions-per-als-afectats-per-les-calamarsades-a-requena-i-utiel\/","title":{"rendered":"Cajamar habilita una l\u00ednia de finan\u00e7ament de 30 milions per als afectats per les calamarsades a Requena i Utiel"},"content":{"rendered":"\n<p>Cajamar ha activat una l\u00ednia especial de finan\u00e7ament de 30 milions d&#8217;euros per a atendre les necessitats dels agricultors afectats per les tempestes de calamarsa d&#8217;ahir tard que han assolat una gran part dels cultius de vinya, olivar i ametler a Requena i Utiel, i amb especial intensitat en els llogarets de Roma, Sant Joan, Barri Rierol i El Vessador, aix\u00ed com en les localitats de Villagordo del Cabriel i Caudete de las Fuentes.<br>Els directors de les oficines de Cajamar en les localitats afectades, al costat de l&#8217;equip professional del Servei T\u00e8cnic Agroalimentari, estan recorrent els cultius de les zones m\u00e9s afectades i posant a la disposici\u00f3 de cooperatives i agricultors els recursos econ\u00f2mics necessaris per a afrontar les p\u00e8rdues patides, que en alguns casos aconsegueixen la totalitat de la collita. Informa, <strong>Luis Ib\u00e1\u00f1ez<\/strong>.<\/p>\n","protected":false},"excerpt":{"rendered":"<div class=\"mh-excerpt\">Cajamar ha activat una l\u00ednia especial de finan\u00e7ament de 30 milions d&#8217;euros per a atendre les necessitats dels agricultors afectats per les tempestes de calamarsa d&#8217;ahir tard que han assolat una gran part dels cultius <a class=\"mh-excerpt-more\" href=\"https:\/\/www.tucomarca.com\/wordpress\/segunda\/ca\/cajamar-habilita-una-linia-de-financament-de-30-milions-per-als-afectats-per-les-calamarsades-a-requena-i-utiel\/\" title=\"Cajamar habilita una l\u00ednia de finan\u00e7ament de 30 milions per als afectats per les calamarsades a Requena i Utiel\">[+] <\/a><\/div>\n","protected":false},"author":1,"featured_media":110321,"comment_status":"open","ping_status":"open","sticky":false,"template":"","format":"standard","meta":{"footnotes":""},"categories":[10905,11032,10948,10894,10904,10908,10909,10896,10897,11061],"tags":[11309,12845,12398,10910],"class_list":{"0":"post-161246","1":"post","2":"type-post","3":"status-publish","4":"format-standard","5":"has-post-thumbnail","7":"category-agricultura-la-comarca-ca","8":"category-caudete-ca","9":"category-infraestructuras-ca","10":"category-la-comarca-ca","11":"category-sin-categorizar-ca","12":"category-requena-ca","13":"category-requena-utiel-ca","14":"category-seccion-ca","15":"category-sucesos-la-comarca-ca","16":"category-villargordo-del-cabriel-ca","17":"tag-agricultura-ca","18":"tag-cajamar-ca","19":"tag-pedrisco-ca","20":"tag-requena-utiel-ca"},"_links":{"self":[{"href":"https:\/\/www.tucomarca.com\/wordpress\/segunda\/ca\/wp-json\/wp\/v2\/posts\/161246","targetHints":{"allow":["GET"]}}],"collection":[{"href":"https:\/\/www.tucomarca.com\/wordpress\/segunda\/ca\/wp-json\/wp\/v2\/posts"}],"about":[{"href":"https:\/\/www.tucomarca.com\/wordpress\/segunda\/ca\/wp-json\/wp\/v2\/types\/post"}],"author":[{"embeddable":true,"href":"https:\/\/www.tucomarca.com\/wordpress\/segunda\/ca\/wp-json\/wp\/v2\/users\/1"}],"replies":[{"embeddable":true,"href":"https:\/\/www.tucomarca.com\/wordpress\/segunda\/ca\/wp-json\/wp\/v2\/comments?post=161246"}],"version-history":[{"count":0,"href":"https:\/\/www.tucomarca.com\/wordpress\/segunda\/ca\/wp-json\/wp\/v2\/posts\/161246\/revisions"}],"wp:featuredmedia":[{"embeddable":true,"href":"https:\/\/www.tucomarca.com\/wordpress\/segunda\/ca\/wp-json\/wp\/v2\/media\/110321"}],"wp:attachment":[{"href":"https:\/\/www.tucomarca.com\/wordpress\/segunda\/ca\/wp-json\/wp\/v2\/media?parent=161246"}],"wp:term":[{"taxonomy":"category","embeddable":true,"href":"https:\/\/www.tucomarca.com\/wordpress\/segunda\/ca\/wp-json\/wp\/v2\/categories?post=161246"},{"taxonomy":"post_tag","embeddable":true,"href":"https:\/\/www.tucomarca.com\/wordpress\/segunda\/ca\/wp-json\/wp\/v2\/tags?post=161246"}],"curies":[{"name":"wp","href":"https:\/\/api.w.org\/{rel}","templated":true}]}}