{"id":161251,"date":"2022-07-07T16:45:00","date_gmt":"2022-07-07T14:45:00","guid":{"rendered":"http:\/\/www.tucomarca.com\/wordpress\/segunda\/?p=161251"},"modified":"2022-07-08T10:12:03","modified_gmt":"2022-07-08T08:12:03","slug":"requena-aconsegueix-representacio-en-la-denominacio-dorigen-cava","status":"publish","type":"post","link":"https:\/\/www.tucomarca.com\/wordpress\/segunda\/ca\/requena-aconsegueix-representacio-en-la-denominacio-dorigen-cava\/","title":{"rendered":"Requena aconsegueix representaci\u00f3 en la Denominaci\u00f3 d&#8217;Origen Cava"},"content":{"rendered":"\n<p>La Denominaci\u00f3 d&#8217;Origen Cava ha fet p\u00fablics en el mat\u00ed de hui els resultats de les Eleccions convocades el mes de mar\u00e7 passat per a renovar els seus \u00f2rgans de govern. Els 383 vots acumulats per la candidatura del cens B \u201cRequena i Almendralejo per la Defensa del Cava\u201d permetran que Fernando Medina, conseller delegat del celler requenense Domini de la Vega, siga vocal en el Consell Regulador, en representaci\u00f3 dels interessos dels viticultors valencians i extremenys, i de les empreses adscrites a aquesta figura de qualitat en tots dos territoris.<br>La candidatura de consens ha aconseguit amb aquest resultat que, per primera vegada en 36 anys, els productors i elaboradors d&#8217;aquesta zona tinguen representaci\u00f3 en el Consell Regulador de la DO Cava. Jos\u00e9 Miguel Medina, president de la sectorial del vi de Cooperatives Agro-aliment\u00e0ries de la Comunitat Valenciana, destaca que \u201c\u00e9s una fita per als nostres productors i elaboradors comptar amb aquesta representaci\u00f3, que permetr\u00e0 que tinguem veu i vot per a traslladar les nostres problem\u00e0tiques, demandes, interessos, necessitats i propostes\u201d.<br>Per a Medina, \u201cel sector cooperatiu buscava des de feia anys un assoliment com aquest, i ha sigut capa\u00e7 de generar els acords amb els representants extremenys i amb elaboradors d&#8217;empreses no cooperatives per a presentar a les Eleccions una candidatura s\u00f2lida i amb possibilitats d&#8217;\u00e8xit\u201d. No en va, cal destacar que Cooperatives Agro-aliment\u00e0ries de la Comunitat Valenciana ha sigut l&#8217;entitat responsable de presentar la candidatura que ha concorregut a aquestes eleccions.<br>La suma dels vots de les meses electorals de Requena i Almendralejo, \u201ctrenca amb una situaci\u00f3 de control absolut de la DO per part dels viticultors i elaboradors catalans, i permet comptar per primera vegada amb un Consell que represente totes les sensibilitats i realitats que conviuen sota la figura de la DO Cava\u201d.<br>Jos\u00e9 Miguel Medina ha traslladat finalment la seua \u201cfelicitaci\u00f3 als integrants de la candidatura, pel b\u00e9 que han treballat durant els \u00faltims mesos, ja que el seu \u00e8xit, certificat en el mat\u00ed de hui, suposa un triomf per a tots\u201d.<br>Els resultats electorals obrin un nou per\u00edode en la DO Cava, amb un Consell en el qual estaran representades totes les zones productores adscrites, una cosa fonamental per a afrontar amb garanties un escenari econ\u00f2mic, social i productiu replet de reptes. Informa, <strong>Luis Ib\u00e1\u00f1ez<\/strong>.<\/p>\n","protected":false},"excerpt":{"rendered":"<div class=\"mh-excerpt\">La Denominaci\u00f3 d&#8217;Origen Cava ha fet p\u00fablics en el mat\u00ed de hui els resultats de les Eleccions convocades el mes de mar\u00e7 passat per a renovar els seus \u00f2rgans de govern. Els 383 vots acumulats <a class=\"mh-excerpt-more\" href=\"https:\/\/www.tucomarca.com\/wordpress\/segunda\/ca\/requena-aconsegueix-representacio-en-la-denominacio-dorigen-cava\/\" title=\"Requena aconsegueix representaci\u00f3 en la Denominaci\u00f3 d&#8217;Origen Cava\">[+] <\/a><\/div>\n","protected":false},"author":1,"featured_media":120647,"comment_status":"open","ping_status":"open","sticky":false,"template":"","format":"standard","meta":{"footnotes":""},"categories":[10905,11006,10948,10894,10904,11007,10947,10909,10896],"tags":[13148,10910],"class_list":{"0":"post-161251","1":"post","2":"type-post","3":"status-publish","4":"format-standard","5":"has-post-thumbnail","7":"category-agricultura-la-comarca-ca","8":"category-canal-vinos","9":"category-infraestructuras-ca","10":"category-la-comarca-ca","11":"category-sin-categorizar-ca","12":"category-ocio-y-cultura-ca","13":"category-politica","14":"category-requena-utiel-ca","15":"category-seccion-ca","16":"tag-cava-de-requena-ca","17":"tag-requena-utiel-ca"},"_links":{"self":[{"href":"https:\/\/www.tucomarca.com\/wordpress\/segunda\/ca\/wp-json\/wp\/v2\/posts\/161251","targetHints":{"allow":["GET"]}}],"collection":[{"href":"https:\/\/www.tucomarca.com\/wordpress\/segunda\/ca\/wp-json\/wp\/v2\/posts"}],"about":[{"href":"https:\/\/www.tucomarca.com\/wordpress\/segunda\/ca\/wp-json\/wp\/v2\/types\/post"}],"author":[{"embeddable":true,"href":"https:\/\/www.tucomarca.com\/wordpress\/segunda\/ca\/wp-json\/wp\/v2\/users\/1"}],"replies":[{"embeddable":true,"href":"https:\/\/www.tucomarca.com\/wordpress\/segunda\/ca\/wp-json\/wp\/v2\/comments?post=161251"}],"version-history":[{"count":0,"href":"https:\/\/www.tucomarca.com\/wordpress\/segunda\/ca\/wp-json\/wp\/v2\/posts\/161251\/revisions"}],"wp:featuredmedia":[{"embeddable":true,"href":"https:\/\/www.tucomarca.com\/wordpress\/segunda\/ca\/wp-json\/wp\/v2\/media\/120647"}],"wp:attachment":[{"href":"https:\/\/www.tucomarca.com\/wordpress\/segunda\/ca\/wp-json\/wp\/v2\/media?parent=161251"}],"wp:term":[{"taxonomy":"category","embeddable":true,"href":"https:\/\/www.tucomarca.com\/wordpress\/segunda\/ca\/wp-json\/wp\/v2\/categories?post=161251"},{"taxonomy":"post_tag","embeddable":true,"href":"https:\/\/www.tucomarca.com\/wordpress\/segunda\/ca\/wp-json\/wp\/v2\/tags?post=161251"}],"curies":[{"name":"wp","href":"https:\/\/api.w.org\/{rel}","templated":true}]}}