{"id":161428,"date":"2022-07-11T10:00:00","date_gmt":"2022-07-11T08:00:00","guid":{"rendered":"http:\/\/www.tucomarca.com\/wordpress\/segunda\/?p=161428"},"modified":"2022-07-11T20:58:33","modified_gmt":"2022-07-11T18:58:33","slug":"lhospital-de-la-ribera-comptara-amb-70-places-mes-daparcament-gratuit","status":"publish","type":"post","link":"https:\/\/www.tucomarca.com\/wordpress\/segunda\/ca\/lhospital-de-la-ribera-comptara-amb-70-places-mes-daparcament-gratuit\/","title":{"rendered":"L&#8217;Hospital de la Ribera comptar\u00e0 amb 70 places m\u00e9s d&#8217;aparcament gratu\u00eft"},"content":{"rendered":"\n<p><strong>S&#8217;habilitaran en un terreny annex al centre hospitalari l&#8217;\u00fas del qual ha estat cedit per la Diputaci\u00f3 de Val\u00e8ncia a la Conselleria de Sanitat\u00a0<\/strong><\/p>\n\n\n\n<p><strong>Els treballs d&#8217;adequaci\u00f3 del terreny tindran un cost de prop de 300.000 euros<\/strong><\/p>\n\n\n\n<p><strong>Amb esta nova ampliaci\u00f3 de places, els usuaris de l&#8217;Hospital d&#8217;Alzira disposaran de 649 places d&#8217;aparcament gratu\u00eft<\/strong><\/p>\n\n\n\n<p>L&#8217;Hospital Universitari de la Ribera comptar\u00e0 amb 70 noves places d&#8217;aparcament gratu\u00eft, que se sumaran a les altres 569 places amb qu\u00e8 ja compten els usuaris del centre hospitalari.&nbsp;<\/p>\n\n\n\n<p>Estes places d&#8217;aparcament estaran situades en un terreny de 3.255 metres quadrats, annex a l&#8217;Hospital d&#8217;Alzira, l&#8217;\u00fas del qual ha estat cedit, recentment, per la Diputaci\u00f3 de Val\u00e8ncia, propiet\u00e0ria del terreny, a la Conselleria de Sanitat Universal i Salut P\u00fablica.<\/p>\n\n\n\n<p>Segons ha destacat la gerent del Departament de Salut de la Ribera, Dra. Liliana Fuster, \u201cja s&#8217;ha iniciat el procediment administratiu per a la redacci\u00f3 del projecte dels treballs d&#8217;adequaci\u00f3 del terreny, que suposaran una inversi\u00f3 total de prop de 300.000 euros\u201d.<\/p>\n\n\n\n<p>En esta inversi\u00f3 es contemplen les despeses derivades del moviment de terres, excavaci\u00f3, rasanteig, aix\u00ed com la recollida d&#8217;aigua i il\u00b7luminaci\u00f3, entre altres treballs.<\/p>\n\n\n\n<p>La sol\u00b7licitud de cessi\u00f3 del terreny per al seu \u00fas com a aparcament, ha sigut una de les actuacions que la direcci\u00f3 de l&#8217;Hospital de la Ribera ha estat duent a terme en els \u00faltims anys, \u201camb la finalitat de solucionar l&#8217;escassetat de places d&#8217;aparcament que el centre hospitalari pateix, de manera end\u00e8mica, des del moment de la seua obertura, fa ja m\u00e9s de 20 anys\u201d.<\/p>\n\n\n\n<p>Junt amb aix\u00f2, cal recordar el condicionament d&#8217;altres 40 places d&#8217;aparcament que l&#8217;Hospital de la Ribera va realitzar en 2019, \u201camb la finalitat de millorar l&#8217;acc\u00e9s dels pacients que acudeixen a les consultes externes de l&#8217;Hospital\u201d.<\/p>\n\n\n\n<p>La Dra. Liliana Fuster ha valorat \u201cmolt positivament la voluntat demostrada, tant per la Diputaci\u00f3 de Val\u00e8ncia, com per l&#8217;Ajuntament d&#8217;Alzira, en tot el proc\u00e9s administratiu que ha culminat amb la cessi\u00f3 del terreny a la Conselleria de Sanitat i que ens permet pal\u00b7liar, en certa manera, la falta d&#8217;espai amb qu\u00e8 compta l&#8217;Hospital d&#8217;Alzira per a poder continuar creixent\u201d.<\/p>\n","protected":false},"excerpt":{"rendered":"<div class=\"mh-excerpt\">S&#8217;habilitaran en un terreny annex al centre hospitalari l&#8217;\u00fas del qual ha estat cedit per la Diputaci\u00f3 de Val\u00e8ncia a la Conselleria de Sanitat\u00a0 Els treballs d&#8217;adequaci\u00f3 del terreny tindran un cost de prop de <a class=\"mh-excerpt-more\" href=\"https:\/\/www.tucomarca.com\/wordpress\/segunda\/ca\/lhospital-de-la-ribera-comptara-amb-70-places-mes-daparcament-gratuit\/\" title=\"L&#8217;Hospital de la Ribera comptar\u00e0 amb 70 places m\u00e9s d&#8217;aparcament gratu\u00eft\">[+] <\/a><\/div>\n","protected":false},"author":13,"featured_media":133091,"comment_status":"open","ping_status":"open","sticky":false,"template":"","format":"standard","meta":{"footnotes":""},"categories":[10889,11010,10948,10894,10904,10902,10947,10896],"tags":[11192,12491,11077],"class_list":{"0":"post-161428","1":"post","2":"type-post","3":"status-publish","4":"format-standard","5":"has-post-thumbnail","7":"category-alzira-cat","8":"category-canal-salud","9":"category-infraestructuras-ca","10":"category-la-comarca-ca","11":"category-sin-categorizar-ca","12":"category-la-ribera-ca","13":"category-politica","14":"category-seccion-ca","15":"tag-alzira-ca","16":"tag-hospital-de-la-ribera-ca","17":"tag-la-ribera-alta-ca"},"_links":{"self":[{"href":"https:\/\/www.tucomarca.com\/wordpress\/segunda\/ca\/wp-json\/wp\/v2\/posts\/161428","targetHints":{"allow":["GET"]}}],"collection":[{"href":"https:\/\/www.tucomarca.com\/wordpress\/segunda\/ca\/wp-json\/wp\/v2\/posts"}],"about":[{"href":"https:\/\/www.tucomarca.com\/wordpress\/segunda\/ca\/wp-json\/wp\/v2\/types\/post"}],"author":[{"embeddable":true,"href":"https:\/\/www.tucomarca.com\/wordpress\/segunda\/ca\/wp-json\/wp\/v2\/users\/13"}],"replies":[{"embeddable":true,"href":"https:\/\/www.tucomarca.com\/wordpress\/segunda\/ca\/wp-json\/wp\/v2\/comments?post=161428"}],"version-history":[{"count":0,"href":"https:\/\/www.tucomarca.com\/wordpress\/segunda\/ca\/wp-json\/wp\/v2\/posts\/161428\/revisions"}],"wp:featuredmedia":[{"embeddable":true,"href":"https:\/\/www.tucomarca.com\/wordpress\/segunda\/ca\/wp-json\/wp\/v2\/media\/133091"}],"wp:attachment":[{"href":"https:\/\/www.tucomarca.com\/wordpress\/segunda\/ca\/wp-json\/wp\/v2\/media?parent=161428"}],"wp:term":[{"taxonomy":"category","embeddable":true,"href":"https:\/\/www.tucomarca.com\/wordpress\/segunda\/ca\/wp-json\/wp\/v2\/categories?post=161428"},{"taxonomy":"post_tag","embeddable":true,"href":"https:\/\/www.tucomarca.com\/wordpress\/segunda\/ca\/wp-json\/wp\/v2\/tags?post=161428"}],"curies":[{"name":"wp","href":"https:\/\/api.w.org\/{rel}","templated":true}]}}