{"id":161482,"date":"2022-07-12T09:00:00","date_gmt":"2022-07-12T07:00:00","guid":{"rendered":"http:\/\/www.tucomarca.com\/wordpress\/segunda\/?p=161482"},"modified":"2022-07-12T11:04:13","modified_gmt":"2022-07-12T09:04:13","slug":"el-microteatre-protagonitza-el-segon-cap-de-setmana-de-xest-inusual","status":"publish","type":"post","link":"https:\/\/www.tucomarca.com\/wordpress\/segunda\/ca\/el-microteatre-protagonitza-el-segon-cap-de-setmana-de-xest-inusual\/","title":{"rendered":"El microteatre protagonitza el segon cap de setmana de Xest Inusual"},"content":{"rendered":"\n<figure class=\"wp-block-gallery columns-2 is-cropped wp-block-gallery-1 is-layout-flex wp-block-gallery-is-layout-flex\"><ul class=\"blocks-gallery-grid\"><li class=\"blocks-gallery-item\"><figure><img loading=\"lazy\" decoding=\"async\" width=\"1024\" height=\"682\" src=\"http:\/\/www.tucomarca.com\/wordpress\/segunda\/wp-content\/uploads\/2022\/07\/Cheste_LasRaras_8-1024x682.jpg\" alt=\"\" data-id=\"161479\" data-full-url=\"http:\/\/www.tucomarca.com\/wordpress\/segunda\/wp-content\/uploads\/2022\/07\/Cheste_LasRaras_8.jpg\" data-link=\"http:\/\/www.tucomarca.com\/wordpress\/segunda\/?attachment_id=161479\" class=\"wp-image-161479\" srcset=\"https:\/\/www.tucomarca.com\/wordpress\/segunda\/wp-content\/uploads\/2022\/07\/Cheste_LasRaras_8-1024x682.jpg 1024w, https:\/\/www.tucomarca.com\/wordpress\/segunda\/wp-content\/uploads\/2022\/07\/Cheste_LasRaras_8-300x200.jpg 300w, https:\/\/www.tucomarca.com\/wordpress\/segunda\/wp-content\/uploads\/2022\/07\/Cheste_LasRaras_8-768x512.jpg 768w, https:\/\/www.tucomarca.com\/wordpress\/segunda\/wp-content\/uploads\/2022\/07\/Cheste_LasRaras_8.jpg 1181w\" sizes=\"auto, (max-width: 1024px) 100vw, 1024px\" \/><\/figure><\/li><li class=\"blocks-gallery-item\"><figure><img loading=\"lazy\" decoding=\"async\" width=\"1024\" height=\"682\" src=\"http:\/\/www.tucomarca.com\/wordpress\/segunda\/wp-content\/uploads\/2022\/07\/Cheste_Lacalleeranuestra_6-1024x682.jpg\" alt=\"\" data-id=\"161475\" data-full-url=\"http:\/\/www.tucomarca.com\/wordpress\/segunda\/wp-content\/uploads\/2022\/07\/Cheste_Lacalleeranuestra_6.jpg\" data-link=\"http:\/\/www.tucomarca.com\/wordpress\/segunda\/?attachment_id=161475\" class=\"wp-image-161475\" srcset=\"https:\/\/www.tucomarca.com\/wordpress\/segunda\/wp-content\/uploads\/2022\/07\/Cheste_Lacalleeranuestra_6-1024x682.jpg 1024w, https:\/\/www.tucomarca.com\/wordpress\/segunda\/wp-content\/uploads\/2022\/07\/Cheste_Lacalleeranuestra_6-300x200.jpg 300w, https:\/\/www.tucomarca.com\/wordpress\/segunda\/wp-content\/uploads\/2022\/07\/Cheste_Lacalleeranuestra_6-768x512.jpg 768w, https:\/\/www.tucomarca.com\/wordpress\/segunda\/wp-content\/uploads\/2022\/07\/Cheste_Lacalleeranuestra_6.jpg 1181w\" sizes=\"auto, (max-width: 1024px) 100vw, 1024px\" \/><\/figure><\/li><\/ul><\/figure>\n\n\n\n<p>El Festival de teatre en llocs singulars, Xest Inusual, continua desenvolupant el seu programa durant aquest mes de juliol. Aquest cap de setmana, el g\u00e8nere protagonista ha sigut el microteatre o teatre breu, amb tres obres que s&#8217;han representat en dues cases t\u00edpiques chestanas, la Casa Valterra i la Casa Cervera, i a l&#8217;interior del Mercat municipal. Cada pe\u00e7a s&#8217;ha oferit en la mateixa localitzaci\u00f3 en dues sessions, a les 19.30 i a les 20.30, dissabte i diumenge, sumant quatre passes en total de cadascuna.<br>\u201cL&#8217;acolliment dels actes del cap de setmana ha sigut molt bona, el festival es consolida a poc a poc i \u00e9s una not\u00edcia molt positiva que la gent cada vegada estiga m\u00e9s receptiva a aquesta mena d&#8217;art\u201d, ha declarat el regidor, Ra\u00fal Mota. \u201cPer a pr\u00f2ximes edicions continuarem buscant nous espais per a ensenyar m\u00e9s riquesa patrimonial de Xest\u201d.<br>A la Casa Valterra es va representar el muntatge El carrer era nostre, una commovedora hist\u00f2ria en la qual una dona busca en el seu passat familiar respostes sobre els seus or\u00edgens. La interpretaci\u00f3 va ser a c\u00e0rrec de les actrius Roc\u00edo Ladr\u00f3n de Guevara Navarro i Laura Valero Garc\u00eda, que van actuar molt pr\u00f2ximes al p\u00fablic i creant un clima \u00edntim. Aquesta pe\u00e7a ha sigut guanyadora del V Premi de Dramat\u00fargia Russafa Esc\u00e8nica-Fundaci\u00f3 SGAE.<br>A casa Cervera va tindre lloc la divertida pe\u00e7a La M\u00farria de Sevilla, una juglarada de to feminista i can\u00e7ons en directe inspirada en les novel\u00b7les picaresques del segle XVII, en la qual Reyes Ru\u00edz va interpretar a nombrosos personatges i va fer que el p\u00fablic l&#8217;acompanyara en les aventures que protagonitza durant la fugida del seu nefast marit.<br>La companyia Les Rares va actuar a l&#8217;interior del Mercat amb la seua posada en escena Empoderares, una cr\u00edtica sobre la por a la soledat i la depend\u00e8ncia emocional de la m\u00e0 d&#8217;\u00c1ngela Conde i Paloma Jim\u00e9nez, que van oferir una interpretaci\u00f3 fresca i en clau d&#8217;humor.<\/p>\n\n\n\n<p><strong>Pr\u00f2ximes actuacions<\/strong><\/p>\n\n\n\n<p>El teatre breu continuar\u00e0 el pr\u00f2xim cap de setmana amb l&#8217;actuaci\u00f3 del Taller de teatre municipal de Xest, amb una pe\u00e7a titulada Com la vida mateixa. Ser\u00e0 el divendres, 15 de juliol, amb doble sessi\u00f3, a les 20.00 i a les 20.30, a la Casa Valterra. Aquest mateix divendres s&#8217;estrenar\u00e0 una de les novetats d&#8217;aquesta edici\u00f3 de Xest Inusual, el teatre per a un, a c\u00e0rrec de la companyia Bego\u00f1a R\u00edo, que instal\u00b7lar\u00e0 la seua caixa esc\u00e8nica de titelles i aut\u00f2mats per a representar l&#8217;espectacle musical per a una sola persona Caf\u00e9 Cantant, des de les 18.00 a les 21.00 en la pla\u00e7a de l&#8217;Esgl\u00e9sia. El diumenge continuar\u00e0 el programa amb l&#8217;espectacle de circ contemporani Kobr3, a c\u00e0rrec de la companyia bilba\u00efna Zirkozaurre, a les 20.00 en la pla\u00e7a del Mercat.<br>El programa complet de Xest Inusual, emmarcat en les Festes de juliol, es pot consultar en la web municipal, cheste.es.<\/p>\n","protected":false},"excerpt":{"rendered":"<div class=\"mh-excerpt\">El Festival de teatre en llocs singulars, Xest Inusual, continua desenvolupant el seu programa durant aquest mes de juliol. Aquest cap de setmana, el g\u00e8nere protagonista ha sigut el microteatre o teatre breu, amb tres <a class=\"mh-excerpt-more\" href=\"https:\/\/www.tucomarca.com\/wordpress\/segunda\/ca\/el-microteatre-protagonitza-el-segon-cap-de-setmana-de-xest-inusual\/\" title=\"El microteatre protagonitza el segon cap de setmana de Xest Inusual\">[+] <\/a><\/div>\n","protected":false},"author":12,"featured_media":161478,"comment_status":"open","ping_status":"open","sticky":false,"template":"","format":"gallery","meta":{"footnotes":""},"categories":[11019,10894,10912,11007,10896,10974],"tags":[11071,12773,10914,17510],"class_list":{"0":"post-161482","1":"post","2":"type-post","3":"status-publish","4":"format-gallery","5":"has-post-thumbnail","7":"category-agenda-ca","8":"category-la-comarca-ca","9":"category-la-hoya-ca","10":"category-ocio-y-cultura-ca","11":"category-seccion-ca","12":"category-cheste-ca","13":"tag-cheste","14":"tag-cheste-inusual-ca","15":"tag-la-hoya-de-bunol-chiva-ca","16":"tag-microteatro-ca","17":"post_format-post-format-gallery"},"_links":{"self":[{"href":"https:\/\/www.tucomarca.com\/wordpress\/segunda\/ca\/wp-json\/wp\/v2\/posts\/161482","targetHints":{"allow":["GET"]}}],"collection":[{"href":"https:\/\/www.tucomarca.com\/wordpress\/segunda\/ca\/wp-json\/wp\/v2\/posts"}],"about":[{"href":"https:\/\/www.tucomarca.com\/wordpress\/segunda\/ca\/wp-json\/wp\/v2\/types\/post"}],"author":[{"embeddable":true,"href":"https:\/\/www.tucomarca.com\/wordpress\/segunda\/ca\/wp-json\/wp\/v2\/users\/12"}],"replies":[{"embeddable":true,"href":"https:\/\/www.tucomarca.com\/wordpress\/segunda\/ca\/wp-json\/wp\/v2\/comments?post=161482"}],"version-history":[{"count":0,"href":"https:\/\/www.tucomarca.com\/wordpress\/segunda\/ca\/wp-json\/wp\/v2\/posts\/161482\/revisions"}],"wp:featuredmedia":[{"embeddable":true,"href":"https:\/\/www.tucomarca.com\/wordpress\/segunda\/ca\/wp-json\/wp\/v2\/media\/161478"}],"wp:attachment":[{"href":"https:\/\/www.tucomarca.com\/wordpress\/segunda\/ca\/wp-json\/wp\/v2\/media?parent=161482"}],"wp:term":[{"taxonomy":"category","embeddable":true,"href":"https:\/\/www.tucomarca.com\/wordpress\/segunda\/ca\/wp-json\/wp\/v2\/categories?post=161482"},{"taxonomy":"post_tag","embeddable":true,"href":"https:\/\/www.tucomarca.com\/wordpress\/segunda\/ca\/wp-json\/wp\/v2\/tags?post=161482"}],"curies":[{"name":"wp","href":"https:\/\/api.w.org\/{rel}","templated":true}]}}