{"id":161502,"date":"2022-07-12T10:57:18","date_gmt":"2022-07-12T08:57:18","guid":{"rendered":"http:\/\/www.tucomarca.com\/wordpress\/segunda\/?p=161502"},"modified":"2022-07-12T21:03:11","modified_gmt":"2022-07-12T19:03:11","slug":"soledad-gimenez-i-abraham-cupeiro-posen-el-fermall-a-una-completa-setmana-de-la-xvi-biennal-de-musica-de-bunyol-amb-propostes-programades-per-a-tots-els-dies","status":"publish","type":"post","link":"https:\/\/www.tucomarca.com\/wordpress\/segunda\/ca\/soledad-gimenez-i-abraham-cupeiro-posen-el-fermall-a-una-completa-setmana-de-la-xvi-biennal-de-musica-de-bunyol-amb-propostes-programades-per-a-tots-els-dies\/","title":{"rendered":"Soledad Gim\u00e9nez i Abraham Cupeiro posen el fermall a una completa setmana de la XVI Biennal de M\u00fasica de Bunyol amb propostes programades per a tots els dies"},"content":{"rendered":"\n<p><strong>La coneguda vocalista Soledad Gim\u00e9nez i el multiinstrumentista Abraham Cupeiro posaran el fermall a una completa setmana musical a Bunyol en la qual dins de la XVI Biennal de M\u00fasica de la localitat s&#8217;han programat concerts i activitats per a tots els dies.<\/strong><\/p>\n\n\n\n<p><strong>El director i compositor Roque Ba\u00f1os i la banda simf\u00f2nica del CIM \u201cL&#8217;Arm\u00f2nica\u201d de Bunyol han inaugurat oficialment la XVI edici\u00f3 de la Biennal amb un concert en el qual es van estrenar dues transcripcions per a banda, una obra del propi compositor murci\u00e0 i l&#8217;obra per enc\u00e0rrec sobre La Tomatina, \u201cCatarsi en roig\u201d, d&#8217;Andr\u00e9s Valero-Castells.<\/strong><\/p>\n\n\n\n<p><strong>La Biennal es va completar la setmana passada amb l&#8217;I F\u00f2rum Iberoameric\u00e0 de M\u00fasica per a Vents; i aquesta setmana ofereix l&#8217;arrancada i clausura del curs del M\u00e8tode Suzuki destinat a professionals i estudiants de corda.<\/strong><\/p>\n\n\n\n<p>Despr\u00e9s de la seua inauguraci\u00f3 oficial aquest passat cap de setmana a c\u00e0rrec de la banda del Centre Instructiu Musical (CIM) \u201cL&#8217;Arm\u00f2nica\u201d de Bunyol, dirigida pel llorejat compositor Roque Ba\u00f1os, la XVI Biennal de M\u00fasica de Bunyol intensifica a partir del dimarts les seues propostes musicals amb actuacions di\u00e0ries en diversos enclavaments emblem\u00e0tics del municipi que culminaran el dijous, 14 de juliol, a les 22,30 hores i en la pla\u00e7a d&#8217;Armes del Castell de Bunyol amb el multiinstrumentista Abraham Cupeiro, que torna a la Biennal aquesta vegada amb el quintet de vent Venda a Zinc. I a aquesta actuaci\u00f3 se sumar\u00e0 el divendres, 15 de juliol, a les 22,30 hores la de Soledad Gim\u00e9nez al costat de la Sedajazz Big band a l&#8217;auditori del Passeig de Sant Llu\u00eds.&nbsp;<\/p>\n\n\n\n<p>El programa de concerts s&#8217;obri aquest dimarts, 12 de juliol, a les 20,00 hores, en la Posada Venda Pilar amb el recital dels Lyriques Reunis, una agrupaci\u00f3 que interpreta obres del per\u00edode barroc escrites per a obo\u00e9, sota continu i clau. I per al dimecres, 13 de juliol, a les 22,30 hores, en el Passeig de Sant Llu\u00eds s&#8217;ha programat el concert de l&#8217;Orquestra Simf\u00f2nica de la Societat Musical \u201cL&#8217;Art\u00edstica\u201d de Bunyol.<\/p>\n\n\n\n<p>El dijous, a les 20,00 hores i a l&#8217;auditori de Sant Llu\u00eds, els m\u00e9s xicotets de la casa podran gaudir del xou did\u00e0ctic \u201dEl rock and roll tamb\u00e9 \u00e9s cosa de xiquets\u201d, un espectacle familiar en el qual s&#8217;explica el naixement, origen i posterior expansi\u00f3 del moviment musical.&nbsp;<\/p>\n\n\n\n<p>El dissabte, 16 de juliol, a les 20,00 hores i a l&#8217;auditori de Sant Llu\u00eds es podr\u00e0 assistir al concert de la Banda Juvenil del *CIM \u201cL&#8217;Arm\u00f2nica\u201d de Bunyol al costat de la Banda Juvenil de la Uni\u00f3 de Ll\u00edria; a m\u00e9s de l&#8217;espectacle de dansa \u201cCube\u201d a c\u00e0rrec de la companyia Takiri Art Company, dirigida pel ballar\u00ed i core\u00f2graf Rafael Peres, a les 22,30 hores en la pla\u00e7a de les Vendes.<\/p>\n\n\n\n<p>I la setmana musical es tancar\u00e0 el diumenge, 17 de juliol a les 20,00 hores en el Palau de la M\u00fasica amb el recital \u201cFusion-concert\u201d, del Barroc al Jazz, a c\u00e0rrec del Quartet Bolling.<\/p>\n\n\n\n<p><strong>Curs del M\u00e8tode Suzuki<\/strong><\/p>\n\n\n\n<p>Les propostes culturals programades dins de la XVI Biennal de M\u00fasica de Bunyol es completen tamb\u00e9 aquesta setmana amb la realitzaci\u00f3 del curs sobre el M\u00e8tode Suzuki, destinat tant a estudiants com a professionals dels instruments de corda; i les classes del qual arranquen aquest dimecres, 13 de juliol, i finalitzaran el diumenge, 17 de juliol, a les 12,00 hores i en el Palau de la M\u00fasica amb el concert de clausura.&nbsp;<\/p>\n\n\n\n<p>El primer dia del curs est\u00e0 prevista una jornada de conviv\u00e8ncia a la qual poden assistir els alumnes de tots els nivells que vulguen passar el dia amb els alumnes i professors del curs gratu\u00eftament. Aquest dia es dividir\u00e0 en classes de grup, piscina, menjar, assajos generals i audici\u00f3 final a l&#8217;Auditori de Sant Llu\u00eds. L&#8217;equip docent del curs est\u00e0 compost per professors d&#8217;\u00e0mplia traject\u00f2ria professional en les especialitats de jazz, improvisaci\u00f3, viol\u00ed barroc, cello modern, a m\u00e9s de noves metodologies com Suzuki, Rolland o Willems.<\/p>\n\n\n\n<p><strong>Concert inaugural de la XVI Biennal<\/strong><\/p>\n\n\n\n<p>El llorejat compositor i director Roque Ba\u00f1os i la Banda Simf\u00f2nica del Centre Instructiu Musical \u201cL&#8217;Arm\u00f2nica\u201d de Bunyol han oferit el concert inaugural de la XVI Biennal de M\u00fasica de Bunyol a l&#8217;Auditori del Passeig de Sant Llu\u00eds la nit d&#8217;aquest passat dissabte. En el concert el mateix Roque Ba\u00f1os ha dirigit part de les seues obres m\u00e9s conegudes i ha comptat tamb\u00e9 amb l&#8217;estrena de dues transcripcions per a banda realitzades pel compositor: la suite &#8220;The Miracle Season&#8221; i &#8220;Welcome on board\u201d; al costat de l&#8217;estrena absoluta de \u201cPas al Litre\u201d, pasdoble de concert commemoratiu del 75 Aniversari de la Festa del Litre compost tamb\u00e9 pel fam\u00f3s director murci\u00e0.<\/p>\n\n\n\n<p>El concert inaugural arrancava amb l&#8217;estrena de \u201cCatarsi en roig\u201d, l&#8217;obra per enc\u00e0rrec realitzada pel compositor Andr\u00e9s Valero-Castells amb motiu del 75 aniversari de la popular festa bunyolense, estrenada per la banda de \u201cEl Litre\u201d amb el seu director titular, Sa\u00fcl G\u00f3mez, al capdavant.&nbsp;<\/p>\n\n\n\n<p>La vetlada musical va ser presentada per la periodista i conductora dels informatius de la nit de la televisi\u00f3 auton\u00f2mica \u00c0 Punt, Rosa Romero.<\/p>\n\n\n\n<p><strong>I F\u00f2rum Iberoameric\u00e0 de M\u00fasica per a Vents&nbsp;<\/strong><\/p>\n\n\n\n<p>Altre dels plats forts de la setmana passada dins del programa de la XVI Biennal de M\u00fasica de Bunyol ha sigut la realitzaci\u00f3 de l&#8217;I F\u00f2rum Iberoameric\u00e0 de M\u00fasica per a Vents que des de la la cercavila inaugural el dimecres amb la participaci\u00f3 de huit bandes de m\u00fasica, fins a la seua clausura el diumenge, 10 de juliol, ha oferit tallers, xarrades, recitals i concerts.<\/p>\n\n\n\n<p>La regidora de Cultura de l&#8217;Ajuntament de Bunyol, Mireia Parla, ha subratllat \u201cl&#8217;enorme \u00e8xit d&#8217;aquest primer F\u00f2rum Iberoameric\u00e0 de M\u00fasica per a Vents que ha gaudit no sols d&#8217;una enorme participaci\u00f3, sin\u00f3 tamb\u00e9 d&#8217;una gran repercussi\u00f3 a nivell mundial dins de l&#8217;\u00e0mbit de la m\u00fasica de bandes\u201d. La responsable de Cultura bunyolense ha agra\u00eft \u201cla participaci\u00f3 dels nombrosos professionals que s&#8217;han despla\u00e7at fins a Bunyol aquests dies per a assistir a aquest F\u00f2rum\u201d i ha volgut subratllar \u201cl&#8217;elevada assist\u00e8ncia de p\u00fablic a tots els actes programats fins hui en aquesta edici\u00f3 de la Biennal de M\u00fasica de Bunyol\u201d.<\/p>\n\n\n\n<p>Tota la programaci\u00f3 de la XVI Biennal de M\u00fasica pot ser consultada en la p\u00e0gina web <em>www.bienalmusica.bu\u00f1ol.es<\/em>.<\/p>\n\n\n\n<figure class=\"wp-block-image size-large\"><img loading=\"lazy\" decoding=\"async\" width=\"1024\" height=\"682\" src=\"http:\/\/www.tucomarca.com\/wordpress\/segunda\/wp-content\/uploads\/2022\/07\/11InauguracionBienal-1024x682.jpg\" alt=\"\" class=\"wp-image-161494\" srcset=\"https:\/\/www.tucomarca.com\/wordpress\/segunda\/wp-content\/uploads\/2022\/07\/11InauguracionBienal-1024x682.jpg 1024w, https:\/\/www.tucomarca.com\/wordpress\/segunda\/wp-content\/uploads\/2022\/07\/11InauguracionBienal-300x200.jpg 300w, https:\/\/www.tucomarca.com\/wordpress\/segunda\/wp-content\/uploads\/2022\/07\/11InauguracionBienal-768x512.jpg 768w, https:\/\/www.tucomarca.com\/wordpress\/segunda\/wp-content\/uploads\/2022\/07\/11InauguracionBienal.jpg 1181w\" sizes=\"auto, (max-width: 1024px) 100vw, 1024px\" \/><\/figure>\n\n\n\n<figure class=\"wp-block-gallery columns-3 is-cropped wp-block-gallery-1 is-layout-flex wp-block-gallery-is-layout-flex\"><ul class=\"blocks-gallery-grid\"><li class=\"blocks-gallery-item\"><figure><img loading=\"lazy\" decoding=\"async\" width=\"1024\" height=\"766\" src=\"http:\/\/www.tucomarca.com\/wordpress\/segunda\/wp-content\/uploads\/2022\/07\/14MireiaRoqueJuncalMaria-1024x766.jpg\" alt=\"\" data-id=\"161499\" data-full-url=\"http:\/\/www.tucomarca.com\/wordpress\/segunda\/wp-content\/uploads\/2022\/07\/14MireiaRoqueJuncalMaria.jpg\" data-link=\"http:\/\/www.tucomarca.com\/wordpress\/segunda\/?attachment_id=161499\" class=\"wp-image-161499\" srcset=\"https:\/\/www.tucomarca.com\/wordpress\/segunda\/wp-content\/uploads\/2022\/07\/14MireiaRoqueJuncalMaria-1024x766.jpg 1024w, https:\/\/www.tucomarca.com\/wordpress\/segunda\/wp-content\/uploads\/2022\/07\/14MireiaRoqueJuncalMaria-300x225.jpg 300w, https:\/\/www.tucomarca.com\/wordpress\/segunda\/wp-content\/uploads\/2022\/07\/14MireiaRoqueJuncalMaria-768x575.jpg 768w, https:\/\/www.tucomarca.com\/wordpress\/segunda\/wp-content\/uploads\/2022\/07\/14MireiaRoqueJuncalMaria-326x245.jpg 326w, https:\/\/www.tucomarca.com\/wordpress\/segunda\/wp-content\/uploads\/2022\/07\/14MireiaRoqueJuncalMaria-80x60.jpg 80w, https:\/\/www.tucomarca.com\/wordpress\/segunda\/wp-content\/uploads\/2022\/07\/14MireiaRoqueJuncalMaria.jpg 1181w\" sizes=\"auto, (max-width: 1024px) 100vw, 1024px\" \/><\/figure><\/li><li class=\"blocks-gallery-item\"><figure><img loading=\"lazy\" decoding=\"async\" width=\"1024\" height=\"682\" src=\"http:\/\/www.tucomarca.com\/wordpress\/segunda\/wp-content\/uploads\/2022\/07\/13InauguracionBienal-1024x682.jpg\" alt=\"\" data-id=\"161497\" data-full-url=\"http:\/\/www.tucomarca.com\/wordpress\/segunda\/wp-content\/uploads\/2022\/07\/13InauguracionBienal.jpg\" data-link=\"http:\/\/www.tucomarca.com\/wordpress\/segunda\/?attachment_id=161497\" class=\"wp-image-161497\" srcset=\"https:\/\/www.tucomarca.com\/wordpress\/segunda\/wp-content\/uploads\/2022\/07\/13InauguracionBienal-1024x682.jpg 1024w, https:\/\/www.tucomarca.com\/wordpress\/segunda\/wp-content\/uploads\/2022\/07\/13InauguracionBienal-300x200.jpg 300w, https:\/\/www.tucomarca.com\/wordpress\/segunda\/wp-content\/uploads\/2022\/07\/13InauguracionBienal-768x512.jpg 768w, https:\/\/www.tucomarca.com\/wordpress\/segunda\/wp-content\/uploads\/2022\/07\/13InauguracionBienal.jpg 1181w\" sizes=\"auto, (max-width: 1024px) 100vw, 1024px\" \/><\/figure><\/li><li class=\"blocks-gallery-item\"><figure><img loading=\"lazy\" decoding=\"async\" width=\"1024\" height=\"683\" src=\"http:\/\/www.tucomarca.com\/wordpress\/segunda\/wp-content\/uploads\/2022\/07\/15InauguracionBienal-1024x683.jpeg\" alt=\"\" data-id=\"161582\" data-full-url=\"http:\/\/www.tucomarca.com\/wordpress\/segunda\/wp-content\/uploads\/2022\/07\/15InauguracionBienal.jpeg\" data-link=\"https:\/\/www.tucomarca.com\/wordpress\/segunda\/ca\/soledad-gimenez-i-abraham-cupeiro-posen-el-fermall-a-una-completa-setmana-de-la-xvi-biennal-de-musica-de-bunyol-amb-propostes-programades-per-a-tots-els-dies\/15inauguracionbienal-2\/\" class=\"wp-image-161582\" srcset=\"https:\/\/www.tucomarca.com\/wordpress\/segunda\/wp-content\/uploads\/2022\/07\/15InauguracionBienal-1024x683.jpeg 1024w, https:\/\/www.tucomarca.com\/wordpress\/segunda\/wp-content\/uploads\/2022\/07\/15InauguracionBienal-300x200.jpeg 300w, https:\/\/www.tucomarca.com\/wordpress\/segunda\/wp-content\/uploads\/2022\/07\/15InauguracionBienal-768x512.jpeg 768w, https:\/\/www.tucomarca.com\/wordpress\/segunda\/wp-content\/uploads\/2022\/07\/15InauguracionBienal.jpeg 1234w\" sizes=\"auto, (max-width: 1024px) 100vw, 1024px\" \/><\/figure><\/li><li class=\"blocks-gallery-item\"><figure><img loading=\"lazy\" decoding=\"async\" width=\"1024\" height=\"682\" src=\"http:\/\/www.tucomarca.com\/wordpress\/segunda\/wp-content\/uploads\/2022\/07\/10InauguracionBienal-1024x682.jpg\" alt=\"\" data-id=\"161491\" data-full-url=\"http:\/\/www.tucomarca.com\/wordpress\/segunda\/wp-content\/uploads\/2022\/07\/10InauguracionBienal.jpg\" data-link=\"http:\/\/www.tucomarca.com\/wordpress\/segunda\/?attachment_id=161491\" class=\"wp-image-161491\" srcset=\"https:\/\/www.tucomarca.com\/wordpress\/segunda\/wp-content\/uploads\/2022\/07\/10InauguracionBienal-1024x682.jpg 1024w, https:\/\/www.tucomarca.com\/wordpress\/segunda\/wp-content\/uploads\/2022\/07\/10InauguracionBienal-300x200.jpg 300w, https:\/\/www.tucomarca.com\/wordpress\/segunda\/wp-content\/uploads\/2022\/07\/10InauguracionBienal-768x512.jpg 768w, https:\/\/www.tucomarca.com\/wordpress\/segunda\/wp-content\/uploads\/2022\/07\/10InauguracionBienal.jpg 1181w\" sizes=\"auto, (max-width: 1024px) 100vw, 1024px\" \/><\/figure><\/li><li class=\"blocks-gallery-item\"><figure><img loading=\"lazy\" decoding=\"async\" width=\"1024\" height=\"682\" src=\"http:\/\/www.tucomarca.com\/wordpress\/segunda\/wp-content\/uploads\/2022\/07\/09InauguracionBienal-1024x682.jpg\" alt=\"\" data-id=\"161489\" data-full-url=\"http:\/\/www.tucomarca.com\/wordpress\/segunda\/wp-content\/uploads\/2022\/07\/09InauguracionBienal.jpg\" data-link=\"http:\/\/www.tucomarca.com\/wordpress\/segunda\/?attachment_id=161489\" class=\"wp-image-161489\" srcset=\"https:\/\/www.tucomarca.com\/wordpress\/segunda\/wp-content\/uploads\/2022\/07\/09InauguracionBienal-1024x682.jpg 1024w, https:\/\/www.tucomarca.com\/wordpress\/segunda\/wp-content\/uploads\/2022\/07\/09InauguracionBienal-300x200.jpg 300w, https:\/\/www.tucomarca.com\/wordpress\/segunda\/wp-content\/uploads\/2022\/07\/09InauguracionBienal-768x512.jpg 768w, https:\/\/www.tucomarca.com\/wordpress\/segunda\/wp-content\/uploads\/2022\/07\/09InauguracionBienal.jpg 1181w\" sizes=\"auto, (max-width: 1024px) 100vw, 1024px\" \/><\/figure><\/li><li class=\"blocks-gallery-item\"><figure><img loading=\"lazy\" decoding=\"async\" width=\"1024\" height=\"682\" src=\"http:\/\/www.tucomarca.com\/wordpress\/segunda\/wp-content\/uploads\/2022\/07\/08InauguracionBienal-1024x682.jpg\" alt=\"\" data-id=\"161487\" data-full-url=\"http:\/\/www.tucomarca.com\/wordpress\/segunda\/wp-content\/uploads\/2022\/07\/08InauguracionBienal.jpg\" data-link=\"http:\/\/www.tucomarca.com\/wordpress\/segunda\/?attachment_id=161487\" class=\"wp-image-161487\" srcset=\"https:\/\/www.tucomarca.com\/wordpress\/segunda\/wp-content\/uploads\/2022\/07\/08InauguracionBienal-1024x682.jpg 1024w, https:\/\/www.tucomarca.com\/wordpress\/segunda\/wp-content\/uploads\/2022\/07\/08InauguracionBienal-300x200.jpg 300w, https:\/\/www.tucomarca.com\/wordpress\/segunda\/wp-content\/uploads\/2022\/07\/08InauguracionBienal-768x512.jpg 768w, https:\/\/www.tucomarca.com\/wordpress\/segunda\/wp-content\/uploads\/2022\/07\/08InauguracionBienal.jpg 1181w\" sizes=\"auto, (max-width: 1024px) 100vw, 1024px\" \/><\/figure><\/li><li class=\"blocks-gallery-item\"><figure><img loading=\"lazy\" decoding=\"async\" width=\"1024\" height=\"768\" src=\"http:\/\/www.tucomarca.com\/wordpress\/segunda\/wp-content\/uploads\/2022\/07\/07ForumClausura--1024x768.jpg\" alt=\"\" data-id=\"161485\" data-full-url=\"http:\/\/www.tucomarca.com\/wordpress\/segunda\/wp-content\/uploads\/2022\/07\/07ForumClausura-.jpg\" data-link=\"http:\/\/www.tucomarca.com\/wordpress\/segunda\/?attachment_id=161485\" class=\"wp-image-161485\" srcset=\"https:\/\/www.tucomarca.com\/wordpress\/segunda\/wp-content\/uploads\/2022\/07\/07ForumClausura--1024x768.jpg 1024w, https:\/\/www.tucomarca.com\/wordpress\/segunda\/wp-content\/uploads\/2022\/07\/07ForumClausura--300x225.jpg 300w, https:\/\/www.tucomarca.com\/wordpress\/segunda\/wp-content\/uploads\/2022\/07\/07ForumClausura--768x576.jpg 768w, https:\/\/www.tucomarca.com\/wordpress\/segunda\/wp-content\/uploads\/2022\/07\/07ForumClausura--1536x1152.jpg 1536w, https:\/\/www.tucomarca.com\/wordpress\/segunda\/wp-content\/uploads\/2022\/07\/07ForumClausura--678x509.jpg 678w, https:\/\/www.tucomarca.com\/wordpress\/segunda\/wp-content\/uploads\/2022\/07\/07ForumClausura--326x245.jpg 326w, https:\/\/www.tucomarca.com\/wordpress\/segunda\/wp-content\/uploads\/2022\/07\/07ForumClausura--80x60.jpg 80w, https:\/\/www.tucomarca.com\/wordpress\/segunda\/wp-content\/uploads\/2022\/07\/07ForumClausura-.jpg 1600w\" sizes=\"auto, (max-width: 1024px) 100vw, 1024px\" \/><\/figure><\/li><li class=\"blocks-gallery-item\"><figure><img loading=\"lazy\" decoding=\"async\" width=\"1024\" height=\"682\" src=\"http:\/\/www.tucomarca.com\/wordpress\/segunda\/wp-content\/uploads\/2022\/07\/12InauguracionBienal-1024x682.jpg\" alt=\"\" data-id=\"161495\" data-full-url=\"http:\/\/www.tucomarca.com\/wordpress\/segunda\/wp-content\/uploads\/2022\/07\/12InauguracionBienal.jpg\" data-link=\"http:\/\/www.tucomarca.com\/wordpress\/segunda\/?attachment_id=161495\" class=\"wp-image-161495\" srcset=\"https:\/\/www.tucomarca.com\/wordpress\/segunda\/wp-content\/uploads\/2022\/07\/12InauguracionBienal-1024x682.jpg 1024w, https:\/\/www.tucomarca.com\/wordpress\/segunda\/wp-content\/uploads\/2022\/07\/12InauguracionBienal-300x200.jpg 300w, https:\/\/www.tucomarca.com\/wordpress\/segunda\/wp-content\/uploads\/2022\/07\/12InauguracionBienal-768x512.jpg 768w, https:\/\/www.tucomarca.com\/wordpress\/segunda\/wp-content\/uploads\/2022\/07\/12InauguracionBienal.jpg 1181w\" sizes=\"auto, (max-width: 1024px) 100vw, 1024px\" \/><\/figure><\/li><\/ul><\/figure>\n","protected":false},"excerpt":{"rendered":"<div class=\"mh-excerpt\">La coneguda vocalista Soledad Gim\u00e9nez i el multiinstrumentista Abraham Cupeiro posaran el fermall a una completa setmana musical a Bunyol en la qual dins de la XVI Biennal de M\u00fasica de la localitat s&#8217;han programat <a class=\"mh-excerpt-more\" href=\"https:\/\/www.tucomarca.com\/wordpress\/segunda\/ca\/soledad-gimenez-i-abraham-cupeiro-posen-el-fermall-a-una-completa-setmana-de-la-xvi-biennal-de-musica-de-bunyol-amb-propostes-programades-per-a-tots-els-dies\/\" title=\"Soledad Gim\u00e9nez i Abraham Cupeiro posen el fermall a una completa setmana de la XVI Biennal de M\u00fasica de Bunyol amb propostes programades per a tots els dies\">[+] <\/a><\/div>\n","protected":false},"author":1,"featured_media":161496,"comment_status":"open","ping_status":"open","sticky":false,"template":"","format":"standard","meta":{"footnotes":""},"categories":[10911,11005,10898,10894,10904,10912,11007,10896],"tags":[17095,17301,10913,11209,10914,17302],"class_list":{"0":"post-161502","1":"post","2":"type-post","3":"status-publish","4":"format-standard","5":"has-post-thumbnail","7":"category-bunol-ca","8":"category-canal-musica","9":"category-ventana-ca","10":"category-la-comarca-ca","11":"category-sin-categorizar-ca","12":"category-la-hoya-ca","13":"category-ocio-y-cultura-ca","14":"category-seccion-ca","15":"tag-bienal-de-musica-ca","16":"tag-bienal-de-musica-de-bunol-ca","17":"tag-bunol-ca","18":"tag-cim-la-armonica-de-bunol-ca","19":"tag-la-hoya-de-bunol-chiva-ca","20":"tag-xvi-bienal-de-musica-de-bunol-ca"},"_links":{"self":[{"href":"https:\/\/www.tucomarca.com\/wordpress\/segunda\/ca\/wp-json\/wp\/v2\/posts\/161502","targetHints":{"allow":["GET"]}}],"collection":[{"href":"https:\/\/www.tucomarca.com\/wordpress\/segunda\/ca\/wp-json\/wp\/v2\/posts"}],"about":[{"href":"https:\/\/www.tucomarca.com\/wordpress\/segunda\/ca\/wp-json\/wp\/v2\/types\/post"}],"author":[{"embeddable":true,"href":"https:\/\/www.tucomarca.com\/wordpress\/segunda\/ca\/wp-json\/wp\/v2\/users\/1"}],"replies":[{"embeddable":true,"href":"https:\/\/www.tucomarca.com\/wordpress\/segunda\/ca\/wp-json\/wp\/v2\/comments?post=161502"}],"version-history":[{"count":0,"href":"https:\/\/www.tucomarca.com\/wordpress\/segunda\/ca\/wp-json\/wp\/v2\/posts\/161502\/revisions"}],"wp:featuredmedia":[{"embeddable":true,"href":"https:\/\/www.tucomarca.com\/wordpress\/segunda\/ca\/wp-json\/wp\/v2\/media\/161496"}],"wp:attachment":[{"href":"https:\/\/www.tucomarca.com\/wordpress\/segunda\/ca\/wp-json\/wp\/v2\/media?parent=161502"}],"wp:term":[{"taxonomy":"category","embeddable":true,"href":"https:\/\/www.tucomarca.com\/wordpress\/segunda\/ca\/wp-json\/wp\/v2\/categories?post=161502"},{"taxonomy":"post_tag","embeddable":true,"href":"https:\/\/www.tucomarca.com\/wordpress\/segunda\/ca\/wp-json\/wp\/v2\/tags?post=161502"}],"curies":[{"name":"wp","href":"https:\/\/api.w.org\/{rel}","templated":true}]}}