{"id":162160,"date":"2022-07-18T17:55:00","date_gmt":"2022-07-18T15:55:00","guid":{"rendered":"http:\/\/www.tucomarca.com\/wordpress\/segunda\/?p=162160"},"modified":"2022-07-19T11:24:19","modified_gmt":"2022-07-19T09:24:19","slug":"a-bocajarro-llegendes-com-mario-kempes-tenen-la-porta-tancada-al-valencia-de-lim-per-joseh-larrazabal","status":"publish","type":"post","link":"https:\/\/www.tucomarca.com\/wordpress\/segunda\/ca\/a-bocajarro-llegendes-com-mario-kempes-tenen-la-porta-tancada-al-valencia-de-lim-per-joseh-larrazabal\/","title":{"rendered":"A bocajarro: &#8220;Llegendes com Mario Kempes tenen la porta tancada al Val\u00e8ncia de Lim&#8221;, per J\u00f3seh Larraz\u00e1bal"},"content":{"rendered":"\n<figure class=\"wp-block-image is-resized\"><img loading=\"lazy\" decoding=\"async\" src=\"http:\/\/www.tucomarca.com\/wordpress\/segunda\/wp-content\/uploads\/2021\/07\/JoseLarrazabal-1024x1024.jpg\" alt=\"La imagen tiene un atributo ALT vac\u00edo; su nombre de archivo es JoseLarrazabal-1024x1024.jpg\" width=\"177\" height=\"177\"\/><\/figure>\n\n\n\n<p>Llegendes com Mario Kempes tenen la porta tancada al Val\u00e8ncia de Lim.<br>De veritat no hi ha cabuda per a cap d&#8217;ells en aquest club?<br>Kempes en l&#8217;\u00e0rea t\u00e8cnica o d&#8217;imatge.<br>Ben\u00edtez entrenador.<br>Dos fitxatges que duplicarien el nombre d&#8217;abonats i il\u00b7lusionarien en gran manera a l&#8217;Afici\u00f3.<br>Crec que no seria dif\u00edcil i els resultats donarien que parlar.<br>Que dolent eres Peter Lim!!<br>No tens ni idea.<br>I no em vengen amb joc net i hist\u00f2ries d&#8217;aqueixes.<br>Que li ho pregunten al Barcelona. Si un vol i si es t\u00e9 imginaci\u00f3n, ambici\u00f3 i il\u00b7lusi\u00f3 les traves se superen.<br>Tres fitxatges de nivell mig- alt m\u00e9s els 2 esmentats en l&#8217;\u00e0rea t\u00e8cnica i d&#8217;imatge i\u2026 plenes Mestalla.<br>Ni idea Lim, per\u00f2 ni pu\u00f1etera idea.<br>Ni saps, ni vols, ni tens imaginaci\u00f3 ni ganes.<br>El teu segueix amb Mendes i tanca el cercle.<br>Un cercle vici\u00f3s que no condueix a res.<br>Per no tindre no tens ni ambici\u00f3.<br>Ves-te ja del vcf.<br>Aquestes gastat i acabat i vell, a m\u00e9s desconeixes el que portes entre mans.<br>No acabar\u00e0s el nou Estadi i si ho fas ser\u00e0 un estadi fet sense il\u00b7lusi\u00f3, sense ambici\u00f3 i sense visi\u00f3 de futur.<br>Les coses fetes a desgana mai ixen b\u00e9.<br>No eres m\u00e9s que una xacra per al Val\u00e8ncia.<br>Incapa\u00e7 d&#8217;il\u00b7lusionar a ning\u00fa.<br>Ens enganyes, ens esmentes, ens dones llargues i ens toreges.<br>I el pitjor \u00e9s que alguns s&#8217;engulen les teues falsedats i les teues faules.<br>Fes-nos un favor i fes-te&#8217;l a tu mateix.<br>Tingues dignitat i\u2026<br>Marxa&#8217;t ja!!<br>Per cert, felicitats Mario Alberto Kempes.<br>Per molts anys, Matador!!<br>El teu si que vals.<br>Et volem!<br>AMUNT!<\/p>\n","protected":false},"excerpt":{"rendered":"<div class=\"mh-excerpt\">Llegendes com Mario Kempes tenen la porta tancada al Val\u00e8ncia de Lim.De veritat no hi ha cabuda per a cap d&#8217;ells en aquest club?Kempes en l&#8217;\u00e0rea t\u00e8cnica o d&#8217;imatge.Ben\u00edtez entrenador.Dos fitxatges que duplicarien el nombre <a class=\"mh-excerpt-more\" href=\"https:\/\/www.tucomarca.com\/wordpress\/segunda\/ca\/a-bocajarro-llegendes-com-mario-kempes-tenen-la-porta-tancada-al-valencia-de-lim-per-joseh-larrazabal\/\" title=\"A bocajarro: &#8220;Llegendes com Mario Kempes tenen la porta tancada al Val\u00e8ncia de Lim&#8221;, per J\u00f3seh Larraz\u00e1bal\">[+] <\/a><\/div>\n","protected":false},"author":1,"featured_media":136628,"comment_status":"open","ping_status":"open","sticky":false,"template":"","format":"standard","meta":{"footnotes":""},"categories":[10911,11014,11003,10912,11020,11021,10896],"tags":[10913,15481,17541,12606],"class_list":{"0":"post-162160","1":"post","2":"type-post","3":"status-publish","4":"format-standard","5":"has-post-thumbnail","7":"category-bunol-ca","8":"category-canal-valencia-cf-ca","9":"category-sports","10":"category-la-hoya-ca","11":"category-opinion-ca","12":"category-opinion-ca-2","13":"category-seccion-ca","14":"tag-bunol-ca","15":"tag-joseh-larrazabal-ca","16":"tag-las-hoya-de-bunol-chiva-ca","17":"tag-valencia-cf-ca"},"_links":{"self":[{"href":"https:\/\/www.tucomarca.com\/wordpress\/segunda\/ca\/wp-json\/wp\/v2\/posts\/162160","targetHints":{"allow":["GET"]}}],"collection":[{"href":"https:\/\/www.tucomarca.com\/wordpress\/segunda\/ca\/wp-json\/wp\/v2\/posts"}],"about":[{"href":"https:\/\/www.tucomarca.com\/wordpress\/segunda\/ca\/wp-json\/wp\/v2\/types\/post"}],"author":[{"embeddable":true,"href":"https:\/\/www.tucomarca.com\/wordpress\/segunda\/ca\/wp-json\/wp\/v2\/users\/1"}],"replies":[{"embeddable":true,"href":"https:\/\/www.tucomarca.com\/wordpress\/segunda\/ca\/wp-json\/wp\/v2\/comments?post=162160"}],"version-history":[{"count":0,"href":"https:\/\/www.tucomarca.com\/wordpress\/segunda\/ca\/wp-json\/wp\/v2\/posts\/162160\/revisions"}],"wp:featuredmedia":[{"embeddable":true,"href":"https:\/\/www.tucomarca.com\/wordpress\/segunda\/ca\/wp-json\/wp\/v2\/media\/136628"}],"wp:attachment":[{"href":"https:\/\/www.tucomarca.com\/wordpress\/segunda\/ca\/wp-json\/wp\/v2\/media?parent=162160"}],"wp:term":[{"taxonomy":"category","embeddable":true,"href":"https:\/\/www.tucomarca.com\/wordpress\/segunda\/ca\/wp-json\/wp\/v2\/categories?post=162160"},{"taxonomy":"post_tag","embeddable":true,"href":"https:\/\/www.tucomarca.com\/wordpress\/segunda\/ca\/wp-json\/wp\/v2\/tags?post=162160"}],"curies":[{"name":"wp","href":"https:\/\/api.w.org\/{rel}","templated":true}]}}